{"id":3453,"date":"2008-10-20T16:09:14","date_gmt":"2008-10-20T13:09:14","guid":{"rendered":"http:\/\/www.ced.org.tr\/?p=3453"},"modified":"2008-10-20T16:09:14","modified_gmt":"2008-10-20T13:09:14","slug":"gozler-ergenekon-davasinda","status":"publish","type":"post","link":"http:\/\/www.ced.org.tr\/?p=3453","title":{"rendered":"G\u00d6ZLER ERGENEKON DAVASINDA"},"content":{"rendered":"<p><img loading=\"lazy\" decoding=\"async\" src=\"images\/stories\/belgeler\/ergenekon.jpg\" border=\"0\" alt=\"ergenekon\" title=\"ergenekon\" hspace=\"4\" width=\"232\" height=\"174\" align=\"left\" \/>Uzun s&uuml;reden beri kamuoyunun g&uuml;ndeminde olan Ergenekon Davas\u0131 bug&uuml;n Silivri Cezaevi&rsquo;nde g&ouml;r&uuml;lmeye ba\u015flan\u0131yor. Bir s&uuml;reden beri Ergenekon &ccedil;etesinin faaliyetlerinden ma\u011fdur olan bir &ccedil;ok kesim davaya m&uuml;dahil olmak i&ccedil;in ba\u015fvuruyor. M&uuml;dahillik talebinde bulunanlara T&uuml;rkiye&rsquo;nin bir &ccedil;ok ilinden avukatlar da dahil oldu. 200&rsquo;&uuml; a\u015fk\u0131n avukat yay\u0131nlad\u0131klar\u0131 bir deklarasyonla davaya m&uuml;dahil olduklar\u0131n\u0131 ilan etti. &ldquo;\u0130ddianamenin egemenler aras\u0131 &ccedil;at\u0131\u015fman\u0131n s\u0131n\u0131rlar\u0131nda kalan yarg\u0131s\u0131yla de\u011fil, kontrgerillan\u0131n b&uuml;t&uuml;n su&ccedil;lar\u0131yla yarg\u0131lanmas\u0131 ve sorumlular\u0131n cezaland\u0131r\u0131lmas\u0131 i&ccedil;in Ergenekon yarg\u0131lamas\u0131na m&uuml;dahiliz&rdquo; denilen deklarasyonda t&uuml;m ma\u011fdurlara m&uuml;dahillik, demokratik kurum ve ki\u015filere birlikte m&uuml;cadele &ccedil;a\u011fr\u0131s\u0131 yap\u0131ld\u0131. Avukatlar, davaya ili\u015fkin g&ouml;r&uuml;\u015flerini ve neden m&uuml;dahil olduklar\u0131n\u0131 anlatt\u0131lar.<\/p>\n<p>&nbsp;<\/p>\n<p><strong>Bekta\u015f: Soru\u015fturma derinle\u015ftirilmeli<br \/><\/strong>M&uuml;dahillik talebinde bulunan avukatlardan Meral Dan\u0131\u015f Bekta\u015f, &ldquo;Bu dava \u015eemdinli ve Susurluk&rsquo;tan sonra T&uuml;rkiye&rsquo;de a&ccedil;\u0131lan en &ouml;nemli dava niteli\u011findedir&rdquo; diye konu\u015ftu. Ergenekon davas\u0131n\u0131n s\u0131n\u0131rl\u0131 bir d&ouml;nemi kapsad\u0131\u011f\u0131n\u0131 belirten Bekta\u015f, &ldquo;iddianamede 1999 &ouml;ncesine gidilmemesi ve b&ouml;lge s\u0131n\u0131rlamas\u0131 yap\u0131lmas\u0131 nedeniyle davan\u0131n maddi ger&ccedil;ekleri, karanl\u0131k cinayetleri ve insan haklar\u0131 ihlallerini ortaya &ccedil;\u0131karmak konusunda yeterli olmayaca\u011f\u0131n\u0131 d&uuml;\u015f&uuml;n&uuml;yorum&rdquo; dedi. Soru\u015fturman\u0131n ve kovu\u015fturman\u0131n derinle\u015ftirilmesi gerekti\u011fini belirten Bekta\u015f, &ldquo;b&uuml;t&uuml;n su&ccedil; ba\u011flant\u0131lar\u0131n\u0131n ortaya &ccedil;\u0131kar\u0131lmas\u0131n\u0131, b&ouml;lgede ya\u015fanan hak ihlalleri, k&ouml;y bo\u015faltmalar\u0131, faili me&ccedil;hul cinayetler, yarg\u0131s\u0131z infazlar ve i\u015fkence benzeri b&uuml;t&uuml;n hak ihlallerinin ortaya &ccedil;\u0131kar\u0131lmas\u0131 i&ccedil;in bir irade g&ouml;sterilmesi gerekti\u011fini&rdquo; s&ouml;yledi.<br \/><strong>&nbsp;<\/strong><\/p>\n<p>&nbsp;<\/p>\n<p><strong>Do\u011fan: T&uuml;m y&ouml;nleriyle a&ccedil;\u0131\u011fa &ccedil;\u0131kart\u0131lmal\u0131 <\/strong><br \/>Hrant Dink davas\u0131 m&uuml;dahil avukatlar\u0131ndan Erdal Do\u011fan da, &ldquo;Ergenekon davas\u0131n\u0131n ilk duru\u015fmas\u0131na kat\u0131lamayacak olmama ra\u011fmen, m&uuml;dahil olunmas\u0131 giri\u015fimine ve &ccedil;abalar\u0131na bir T&uuml;rkiye Cumhuriyeti vatanda\u015f\u0131 olarak hem g&ouml;n&uuml;lden hem de avukat olarak destek verilmesi gerekti\u011fini d&uuml;\u015f&uuml;n&uuml;yorum&rdquo; dedi. &ldquo;Davada gladyo yap\u0131lanmas\u0131n\u0131n sorumlular\u0131n\u0131n ve &uuml;yelerinin t&uuml;m y&ouml;nleriyle ortaya &ccedil;\u0131kar\u0131lmas\u0131, mevcut hukuk kar\u015f\u0131s\u0131nda cezaland\u0131r\u0131lmas\u0131 gelece\u011fimiz i&ccedil;in &ouml;nemlidir&rdquo; diyen Do\u011fan, bu davaya &ccedil;e\u015fitli kayg\u0131larla dahil edilmeyen di\u011fer &uuml;ye ve sorumlular\u0131nda a&ccedil;\u0131\u011fa &ccedil;\u0131kart\u0131l\u0131p davaya dahil edilmesi gerekti\u011fini ifade etti.<br \/><strong>&nbsp;<\/strong><\/p>\n<p>&nbsp;<\/p>\n<p><strong>S&uuml;rek: &Uuml;st&uuml;n&uuml;n &ouml;rt&uuml;lmemesi i&ccedil;in m&uuml;dahiliz<\/strong><br \/>Avukat Kamil Tekin S&uuml;rek ise, &ldquo;Bizlerin m&uuml;dahil oldu\u011fu Hrant Dink cinayeti, Ak\u0131n Birdal suikast\u0131, Mehmet Sincar ve Sava\u015f Buldan cinayetleri gibi baz\u0131 davalar bu iddianamede ge&ccedil;ti\u011fi i&ccedil;in talebimizin kabul edilmesi gerekiyor&rdquo; dedi. Davaya kat\u0131lmakta ki ama&ccedil;lar\u0131n\u0131n bu davan\u0131n da \u015eemdinli ve Susurluk davalar\u0131 gibi i\u015fin detay\u0131na inilmeden, y&uuml;zeysel bir \u015fekilde kapat\u0131laca\u011f\u0131 kayg\u0131s\u0131 oldu\u011funu ifade eden S&uuml;rek, &ldquo;amac\u0131m\u0131z bu &ccedil;etenin faaliyetlerinin sadece m&uuml;nferit olaylarla s\u0131n\u0131rl\u0131 olmad\u0131\u011f\u0131, devletle i&ccedil; i&ccedil;e ge&ccedil;ti\u011fi, devletin bir &ccedil;ok eleman\u0131n\u0131n bu i\u015fin i&ccedil;inde oldu\u011fu d&uuml;\u015f&uuml;ncesinden yola &ccedil;\u0131karak iddianamede yeterince derinle\u015ftirilmeyen konular\u0131n &uuml;zerine gitmek, b&uuml;t&uuml;n ger&ccedil;eklerin a&ccedil;\u0131\u011fa &ccedil;\u0131kar\u0131lmas\u0131n\u0131 sa\u011flamakt\u0131r&rdquo; diye konu\u015ftu. <\/p>\n<p>&nbsp;<\/p>\n<p>&ldquo;Daha &ouml;nce de Susurluk olay\u0131nda bir &ouml;rg&uuml;tlenme ortaya &ccedil;\u0131km\u0131\u015ft\u0131. Fakat yap\u0131lan yarg\u0131lamada derine, detaya inilmeyerek 3-5 ki\u015fiyi cezaland\u0131rmayla sona erdi. Bu davan\u0131n da b&ouml;yle olmas\u0131n\u0131 istemiyoruz&rdquo; diyen S&uuml;rek, Ergenekon &ccedil;etesinin son 20 y\u0131ll\u0131k faaliyetinin K&uuml;rt meselesi &uuml;zerinde yo\u011funla\u015ft\u0131\u011f\u0131n\u0131 bu a&ccedil;\u0131dan bu &ccedil;etenin &ccedil;&ouml;kertilmesinin K&uuml;rt sorununun demokratik halk&ccedil;\u0131 &ccedil;&ouml;z&uuml;m&uuml; i&ccedil;inde &ouml;nemli oldu\u011funu vurgulad\u0131. S&uuml;rek, &ldquo;bir k\u0131sm\u0131 ortaya &ccedil;\u0131kan ger&ccedil;eklerin tamam\u0131yla ortaya &ccedil;\u0131kar\u0131lmas\u0131 &ouml;rg&uuml;t&uuml;n t&uuml;m y&ouml;neticilerinin ve elemanlar\u0131n\u0131n cezaland\u0131r\u0131lmas\u0131 i&ccedil;in b&uuml;t&uuml;n demokrasi g&uuml;&ccedil;leri bu davan\u0131n takip&ccedil;isi olmal\u0131d\u0131r&rdquo; dedi.<\/p>\n<p>&nbsp;<\/p>\n<p>Bayraktar: Kabul edilirsek, bir&ccedil;ok kan\u0131t\u0131m\u0131z olacak<br \/>Bu davadaki m&uuml;dahillik hukuksal anlamda \u015fekli bir m&uuml;dahillik olmad\u0131\u011f\u0131n\u0131 s&ouml;yleyen &Ccedil;a\u011fda\u015f Hukuk&ccedil;ular Derne\u011fi (&Ccedil;HD) Genel Ba\u015fkan\u0131 Kaz\u0131m Bayraktar &ldquo;bizler demokratik kitle &ouml;rg&uuml;tleri olarak bu davaya politik anlamda m&uuml;dahiliz&rdquo; dedi. Duru\u015fma salonuyla s\u0131n\u0131rl\u0131 kalan yada onu hedefleyen bir m&uuml;dahillik yapmayacaklar\u0131n\u0131 belirten Bayraktar, bu davan\u0131n H&uuml;k&uuml;met taraf\u0131ndan tarihsel &ouml;nemi olan, demokratikle\u015fme ad\u0131na at\u0131lm\u0131\u015f bir ad\u0131m olarak lanse edilen bir operasyonun ard\u0131ndan a&ccedil;\u0131ld\u0131\u011f\u0131n\u0131 fakat bunun bir aldatmaca oldu\u011funu ifade etti. \u0130lk Ergenekon operasyonundan bug&uuml;ne kadar ge&ccedil;en s&uuml;re&ccedil;te T&uuml;rkiye&rsquo;nin b\u0131rakal\u0131m demokratikle\u015fmeyi daha da geriye do\u011fru gitti\u011fini belirten Bayraktar,. &ldquo;bu s&uuml;re&ccedil;te cezaevlerinde, emniyette i\u015fkence daha da artt\u0131, yeni cinayetler i\u015flendi, polis ve asker taraf\u0131ndan yeni bask\u0131 yasalar\u0131 istendi&rdquo; dedi. <\/p>\n<p>&nbsp;<\/p>\n<p>Davan\u0131n egemen g&uuml;&ccedil; odaklar\u0131 aras\u0131ndaki &ccedil;at\u0131\u015fma ve mutabakat\u0131n bir &uuml;r&uuml;n&uuml; olarak ortaya &ccedil;\u0131kt\u0131\u011f\u0131n\u0131 belirten Bayraktar, &ldquo;Bu nedenle de bu davada bug&uuml;ne kadar kontrgerillan\u0131n i\u015fledi\u011fi halka kar\u015f\u0131 i\u015flemi\u015f oldu\u011fu su&ccedil;lar\u0131n hesab\u0131 sorulmayacakt\u0131r. Ama bu davan\u0131n iddianamesinde son 50-60 y\u0131ll\u0131k kontrgerilla eylemleri sakl\u0131&rdquo; dedi. \u0130ddianamede olay\u0131n sadece AKP&rsquo;ye kar\u015f\u0131 bir darbe giri\u015fimi, Dan\u0131\u015ftay sald\u0131r\u0131s\u0131 ve Cumhuriyet Gazetesi&rsquo;nin bombalanmas\u0131yla s\u0131n\u0131rland\u0131r\u0131ld\u0131\u011f\u0131n\u0131 ifade eden Bayraktar, &ldquo;Oysa bu davan\u0131n birinci san\u0131\u011f\u0131ndan ba\u015flayarak, hepsi &ouml;zellikle &lsquo;80&rsquo;li ve &lsquo;90&rsquo;l\u0131 y\u0131llardaki bir &ccedil;ok provokasyon, i\u015fkence, cinayet, adam ka&ccedil;\u0131rma, mafyatik eylemlerden sorumludur&rdquo; dedi. Ger&ccedil;ek su&ccedil;lular\u0131n nerede oldu\u011funu g&ouml;stermek amac\u0131yla bu davaya m&uuml;dahil olmak istediklerini belirten Bayraktar, &ldquo;Ve kabul edilirsek bu davada sunabilece\u011fimiz bir &ccedil;ok kan\u0131t\u0131m\u0131z olacak&rdquo; dedi.<\/p>\n","protected":false},"excerpt":{"rendered":"<p>Uzun s&uuml;reden beri kamuoyunun g&uuml;ndeminde olan Ergenekon Davas\u0131 bug&uuml;n Silivri Cezaevi&rsquo;nde g&ouml;r&uuml;lmeye ba\u015flan\u0131yor. Bir s&uuml;reden beri Ergenekon &ccedil;etesinin faaliyetlerinden ma\u011fdur&#46;&#46;&#46;<\/p>\n","protected":false},"author":1,"featured_media":0,"comment_status":"closed","ping_status":"closed","sticky":false,"template":"","format":"standard","meta":{"_jetpack_memberships_contains_paid_content":false,"footnotes":""},"categories":[1],"tags":[],"class_list":["post-3453","post","type-post","status-publish","format-standard","hentry","category-ced"],"aioseo_notices":[],"jetpack_featured_media_url":"","jetpack_sharing_enabled":true,"jetpack-related-posts":[],"_links":{"self":[{"href":"http:\/\/www.ced.org.tr\/index.php?rest_route=\/wp\/v2\/posts\/3453","targetHints":{"allow":["GET"]}}],"collection":[{"href":"http:\/\/www.ced.org.tr\/index.php?rest_route=\/wp\/v2\/posts"}],"about":[{"href":"http:\/\/www.ced.org.tr\/index.php?rest_route=\/wp\/v2\/types\/post"}],"author":[{"embeddable":true,"href":"http:\/\/www.ced.org.tr\/index.php?rest_route=\/wp\/v2\/users\/1"}],"replies":[{"embeddable":true,"href":"http:\/\/www.ced.org.tr\/index.php?rest_route=%2Fwp%2Fv2%2Fcomments&post=3453"}],"version-history":[{"count":0,"href":"http:\/\/www.ced.org.tr\/index.php?rest_route=\/wp\/v2\/posts\/3453\/revisions"}],"wp:attachment":[{"href":"http:\/\/www.ced.org.tr\/index.php?rest_route=%2Fwp%2Fv2%2Fmedia&parent=3453"}],"wp:term":[{"taxonomy":"category","embeddable":true,"href":"http:\/\/www.ced.org.tr\/index.php?rest_route=%2Fwp%2Fv2%2Fcategories&post=3453"},{"taxonomy":"post_tag","embeddable":true,"href":"http:\/\/www.ced.org.tr\/index.php?rest_route=%2Fwp%2Fv2%2Ftags&post=3453"}],"curies":[{"name":"wp","href":"https:\/\/api.w.org\/{rel}","templated":true}]}}