{"id":3454,"date":"2008-10-21T12:27:12","date_gmt":"2008-10-21T09:27:12","guid":{"rendered":"http:\/\/www.ced.org.tr\/?p=3454"},"modified":"2008-10-21T12:27:12","modified_gmt":"2008-10-21T09:27:12","slug":"16-mart-katliam-davasi-dustu","status":"publish","type":"post","link":"http:\/\/www.ced.org.tr\/?p=3454","title":{"rendered":"16 MART KATL\u0130AM DAVASI D\u00dc\u015eT\u00dc"},"content":{"rendered":"<div style=\"text-align: center\"><img loading=\"lazy\" decoding=\"async\" src=\"images\/stories\/belgeler\/16_mart.jpg\" border=\"0\" alt=\"16 mart\" title=\"16 mart\" vspace=\"4\" width=\"358\" height=\"268\" \/><\/div>\n<p>Ergenekon Davas\u0131&rsquo;n\u0131n g&ouml;r&uuml;lmeye ba\u015fland\u0131\u011f\u0131 g&uuml;n \u0130stanbul&rsquo;da bir mahkeme varolan pek &ccedil;ok kan\u0131ta ve belgeye ra\u011fmen 12 Eyl&uuml;l &ouml;ncesinin en b&uuml;y&uuml;k katliamlar\u0131ndan birini zamana\u015f\u0131m\u0131 karanl\u0131\u011f\u0131na att\u0131. Ayn\u0131 g&uuml;nde g&ouml;r&uuml;len bu iki davada &lsquo;adalet ger&ccedil;e\u011fi&rsquo; bir kez daha g&ouml;zler &ouml;n&uuml;ne serildi. 7 gencin ya\u015fam\u0131na mal olan, i&ccedil;inde Ergenekon, Susurluk, Dink cinayeti, &Ccedil;itehavuzlarla ili\u015fkili isimlerin yer ald\u0131\u011f\u0131 ve s\u0131rlar\u0131 Ba\u015fbakanl\u0131k ar\u015fivlerinin tozlu raflar\u0131nda bulunun Beyaz\u0131t Katliam\u0131 davas\u0131 g&ouml;z g&ouml;re g&ouml;re zamana\u015f\u0131m\u0131na u\u011frat\u0131ld\u0131.<\/p>\n<p>&nbsp;<\/p>\n<p>\u0130stanbul 6. A\u011f\u0131r Ceza Mahkemesi, san\u0131klar Mustafa Do\u011fan, Latif Akt\u0131 ve &Ouml;zg&uuml;n Ko&ccedil; hakk\u0131nda, &ldquo;16 Mart 1978&rsquo;de bomba atarak ve silahla tarayarak 7 ki\u015fiyi &ouml;ld&uuml;rmek ve tasarlayarak &ouml;ld&uuml;rmeye kalk\u0131\u015fmak&rdquo; su&ccedil;lar\u0131ndan a&ccedil;\u0131lan kamu davas\u0131nda zaman a\u015f\u0131m\u0131 s&uuml;resinin doldu\u011funu bildirdi.<\/p>\n<p>&nbsp;<\/p>\n<p>Duru\u015fmaya, tutuksuz san\u0131klar Latif Akt\u0131 ile &Ouml;zg&uuml;n Ko&ccedil; kat\u0131lmad\u0131. G\u0131yabi tutuklu olarak aranan eski polis memuru Mustafa Do\u011fan ise yakalanamad\u0131\u011f\u0131 i&ccedil;in duru\u015fmaya getirilemedi. Duru\u015fmada, m&uuml;dahil avukatlar Cem Alptekin ve Hilmi Hanta&rsquo;n\u0131n da aralar\u0131nda bulundu\u011fu 10 avukat haz\u0131r bulundu.<br \/>San\u0131klar\u0131n cezaland\u0131r\u0131lmas\u0131n\u0131 isteyen m&uuml;dahil avukatlar\u0131, duru\u015fma sonras\u0131, en ge&ccedil; hafta i&ccedil;erisinde Yarg\u0131tay&rsquo;a ba\u015fvurarak karar\u0131 temyiz edeceklerini bildirdi.<\/p>\n<p>S\u0131rlar Ba\u015fbakanl\u0131k ar\u015fivinde<\/p>\n<p>&nbsp;<\/p>\n<p>Mahkemenin verdi\u011fi karar\u0131 ele\u015ftiren davan\u0131n avukatlar\u0131ndan &Ouml;mer Kavilli, delillerin ve malzemenin gerekti\u011fi gibi toplanmad\u0131\u011f\u0131n\u0131 dile getirerek, b&ouml;yle bir durumda verilen karar\u0131n sa\u011fl\u0131kl\u0131 ve do\u011fru olmayaca\u011f\u0131na i\u015faret etti. &ldquo;Yurtsever Savc\u0131 Do\u011fan &Ouml;z taraf\u0131ndan Ba\u015fbakanl\u0131\u011fa sunulan raporlar ar\u015fivden al\u0131nsayd\u0131 dava b&ouml;yle sonu&ccedil;lanmazd\u0131&rdquo; diyen Kavilli, raporlarda katliam\u0131n &ldquo;bir &ouml;rg&uuml;t i\u015fi&rdquo; oldu\u011fu bilgisine yer verildi\u011fine dikkat &ccedil;ekti. Mahkemenin bu raporu almayarak adil yarg\u0131lama ilkelerini &ccedil;i\u011fnedi\u011fini vurgulayan Kavilli, mahkeme heyetinin duru\u015fma tutanaklar\u0131na ge&ccedil;mesine ra\u011fmen, &ouml;rg&uuml;t ba\u011flant\u0131lar\u0131n\u0131 a&ccedil;\u0131\u011fa &ccedil;\u0131karmak i&ccedil;in gayret sarf etmedi\u011fine dikkat &ccedil;ekti. <\/p>\n<p>&nbsp;<\/p>\n<p>Karada\u011f ba\u011flant\u0131s\u0131 <br \/>Kavilli silah &uuml;zerine &ouml;lme ve &ouml;ld&uuml;rme yemini ile ad\u0131n\u0131 duyuran Kuva-i Milliye Derne\u011fi Ba\u015fkan\u0131 ve Ergenekon Davas\u0131&rsquo;n\u0131n tutuklu san\u0131klar\u0131 aras\u0131nda yer alan Mehmet Fikri Karada\u011f&rsquo;\u0131n davayla ili\u015fkisine i\u015faret etti. Kavilli, 13 Haziran 2001 tarihinde d&ouml;nemin Mehmet Fikri Karada\u011f&rsquo;\u0131n 3. Kolordu Kurmay Ba\u015fkan\u0131 s\u0131fat\u0131yla istenen belgeleri imzalamayarak mahkemeye bilgi vermedi\u011fini vurgulad\u0131. Ayn\u0131 birimde mahkemeye resmi yaz\u0131\u015fma kurallar\u0131na ayk\u0131r\u0131 olarak not ka\u011f\u0131tlar\u0131yla bilgi g&ouml;nderildi\u011fini ifade eden Kavilli, mahkemenin bu cevap &uuml;zerine ilgili kuruma yaz\u0131 g&ouml;nderip resmi kurallara uygun cevap istedi\u011fini ancak bu cevab\u0131n gelmedi\u011fini kaydetti. Mahkemenin cevab\u0131 istemekte \u0131srarc\u0131 davranmad\u0131\u011f\u0131n\u0131 kaydeden Kavilli, bu bilgilerinde Ba\u015fbakanl\u0131k&rsquo;ta bulunan rapor gibi mahkemeye ula\u015fmad\u0131\u011f\u0131n\u0131 dile getirdi. Bu &ouml;rneklerin d\u0131\u015f\u0131nda da pek &ccedil;ok s\u0131k\u0131nt\u0131 ya\u015fand\u0131\u011f\u0131n\u0131 vurgulayan Kavilli <br \/>&ldquo;Bu belgeler getirilse ve yarg\u0131lama usul&uuml;ne uygun yap\u0131lsayd\u0131 karar ba\u015fka olurdu&rdquo; dedi. Karar\u0131n hukuka ayk\u0131r\u0131 oldu\u011funu ifade eden Kavilli, &Ccedil;a\u011fda\u015f Avukatlar Gurubu &uuml;yesi avukatlar olarak karar\u0131 temyiz edeceklerini ilgili dilek&ccedil;eyi de verdiklerini kaydetti.<\/p>\n<p>&nbsp;<\/p>\n<p>&lsquo;Karar vicdanlarda yara a&ccedil;t\u0131&rsquo;<\/p>\n<p>&nbsp;<\/p>\n<p>Davay\u0131 takip eden &Ccedil;a\u011fda\u015f Avukatlar Grubu \u0130stanbul Baro Ba\u015fkan aday\u0131 Avukat Kemal Ayta&ccedil;, davan\u0131n zamana\u015f\u0131m\u0131ndan d&uuml;\u015f&uuml;r&uuml;lmesinin toplum vicdan\u0131nda b&uuml;y&uuml;k yara a&ccedil;\u0131lmas\u0131na sebep oldu\u011funu dile getirdi. Savc\u0131l\u0131k m&uuml;talaas\u0131ndan sonra s&ouml;z alan Ayta&ccedil;, 16 Mart g&uuml;n&uuml; bombal\u0131 ve silahl\u0131 bir katliam ya\u015fand\u0131\u011f\u0131n\u0131 dile getirerek, olayda &ccedil;ok say\u0131da ki\u015finin hayat\u0131n\u0131 kaybetti\u011fine ve yaraland\u0131\u011f\u0131na dikkat &ccedil;ekti. Bu katliam\u0131n ard\u0131ndan da pek &ccedil;ok benzeri cinayetin ve katliam\u0131n ger&ccedil;ekle\u015fti\u011fine i\u015faret eden Ayta&ccedil;, bu nedenle davan\u0131n zamana\u015f\u0131m\u0131na u\u011framams\u0131 gerekti\u011fini s&ouml;zlerine ekledi.<\/p>\n<hr \/>\n<p><strong>Kilit isim Re\u015fat Altay!<\/strong><br \/>Dink cinayeti d&ouml;neminde Trabzon Emniyet M&uuml;d&uuml;r&uuml; Re\u015fat Altay, ilk olarak \u0130stanbul &Uuml;niversitesi &ouml;n&uuml;nde ger&ccedil;ekle\u015fen Beyaz\u0131t Katliam\u0131&rsquo;yla g&uuml;ndeme gelmi\u015fti. &Ouml;\u011frencilerin katillerini yakalamak i&ccedil;in pe\u015flerine d&uuml;\u015fen polislere ise, &lsquo;geri d&ouml;n&rsquo; emri verildi. Polis Memuru Yahya Gergin, 1978&rsquo;de S\u0131k\u0131y&ouml;netim Mahkemesi&rsquo;ne verdi\u011fi ifadede, &lsquo;geri d&ouml;n&rsquo; emri verenin Re\u015fat Altay oldu\u011funu s&ouml;yledi. Beyaz\u0131t Katliam\u0131n\u0131n ard\u0131ndan Re\u015fat Altay &ouml;nce &ouml;d&uuml;llendirilir gibi \u0130stanbul Ter&ouml;rle M&uuml;cadele \u015eube M&uuml;d&uuml;rl&uuml;\u011f&uuml;&rsquo;ne, ard\u0131ndan Gaziantep, Bursa, K\u0131rklareli ve son olarak da 16 May\u0131s 2006&rsquo;da Trabzon Emniyet M&uuml;d&uuml;rl&uuml;\u011f&uuml;&rsquo;ne atand\u0131. Re\u015fat Altay ismi, 16 Mart Katliam\u0131&rsquo;n\u0131n ard\u0131ndan Susurluk olay\u0131yla da g&uuml;ndeme geldi. Abdullah &Ccedil;atl\u0131&rsquo;n\u0131n Altay&rsquo;la s\u0131k s\u0131k g&ouml;r&uuml;\u015ft&uuml;\u011f&uuml; yaz\u0131ld\u0131. Bu konuda da herhangi bir soru\u015fturma yap\u0131lmad\u0131. Ra\u015fat Altay 2007 ocak ay\u0131nda merkeze al\u0131nd\u0131. <\/p>\n","protected":false},"excerpt":{"rendered":"<p>Ergenekon Davas\u0131&rsquo;n\u0131n g&ouml;r&uuml;lmeye ba\u015fland\u0131\u011f\u0131 g&uuml;n \u0130stanbul&rsquo;da bir mahkeme varolan pek &ccedil;ok kan\u0131ta ve belgeye ra\u011fmen 12 Eyl&uuml;l &ouml;ncesinin en b&uuml;y&uuml;k&#46;&#46;&#46;<\/p>\n","protected":false},"author":1,"featured_media":0,"comment_status":"closed","ping_status":"closed","sticky":false,"template":"","format":"standard","meta":{"_jetpack_memberships_contains_paid_content":false,"footnotes":""},"categories":[1],"tags":[],"class_list":["post-3454","post","type-post","status-publish","format-standard","hentry","category-ced"],"aioseo_notices":[],"jetpack_featured_media_url":"","jetpack_sharing_enabled":true,"jetpack-related-posts":[],"_links":{"self":[{"href":"http:\/\/www.ced.org.tr\/index.php?rest_route=\/wp\/v2\/posts\/3454","targetHints":{"allow":["GET"]}}],"collection":[{"href":"http:\/\/www.ced.org.tr\/index.php?rest_route=\/wp\/v2\/posts"}],"about":[{"href":"http:\/\/www.ced.org.tr\/index.php?rest_route=\/wp\/v2\/types\/post"}],"author":[{"embeddable":true,"href":"http:\/\/www.ced.org.tr\/index.php?rest_route=\/wp\/v2\/users\/1"}],"replies":[{"embeddable":true,"href":"http:\/\/www.ced.org.tr\/index.php?rest_route=%2Fwp%2Fv2%2Fcomments&post=3454"}],"version-history":[{"count":0,"href":"http:\/\/www.ced.org.tr\/index.php?rest_route=\/wp\/v2\/posts\/3454\/revisions"}],"wp:attachment":[{"href":"http:\/\/www.ced.org.tr\/index.php?rest_route=%2Fwp%2Fv2%2Fmedia&parent=3454"}],"wp:term":[{"taxonomy":"category","embeddable":true,"href":"http:\/\/www.ced.org.tr\/index.php?rest_route=%2Fwp%2Fv2%2Fcategories&post=3454"},{"taxonomy":"post_tag","embeddable":true,"href":"http:\/\/www.ced.org.tr\/index.php?rest_route=%2Fwp%2Fv2%2Ftags&post=3454"}],"curies":[{"name":"wp","href":"https:\/\/api.w.org\/{rel}","templated":true}]}}