{"id":3455,"date":"2008-10-24T12:44:16","date_gmt":"2008-10-24T09:44:16","guid":{"rendered":"http:\/\/www.ced.org.tr\/?p=3455"},"modified":"2008-10-24T12:44:16","modified_gmt":"2008-10-24T09:44:16","slug":"2008-yili-sut-hukumlerinde-yapilan-degisiklikler","status":"publish","type":"post","link":"http:\/\/www.ced.org.tr\/?p=3455","title":{"rendered":"2008 YILI SUT H\u00dcK\u00dcMLER\u0130NDE YAPILAN DE\u011e\u0130\u015e\u0130KL\u0130KLER"},"content":{"rendered":"<p><span style=\"font-size: 10pt; line-height: 150%; font-family: &#39;Arial&#39;,&#39;sans-serif&#39;\">2008 y\u0131l\u0131 SUT h&uuml;k&uuml;mlerinde &nbsp;yap\u0131lan de\u011fi\u015fikliklerin bildirildi\u011fi <\/span><span style=\"font-size: 10pt; line-height: 150%; font-family: &#39;Arial&#39;,&#39;sans-serif&#39;\">&ldquo;<\/span><strong><span style=\"font-size: 10pt; line-height: 150%; font-family: &#39;Arial&#39;,&#39;sans-serif&#39;\">2008 Y\u0131l\u0131 Sosyal G&uuml;venlik Kurumu Sa\u011fl\u0131k Uygulama Tebli\u011finde De\u011fi\u015fiklik Yap\u0131lmas\u0131na Dair Tebli\u011f&rdquo;<\/span><\/strong><span style=\"font-size: 10pt; line-height: 150%; font-family: &#39;Arial&#39;,&#39;sans-serif&#39;\"> <\/span><span style=\"font-size: 10pt; line-height: 150%; font-family: &#39;Arial&#39;,&#39;sans-serif&#39;\">22 Ekim 2008 tarih ve 27032 say\u0131l\u0131 Resmi Gazete&rsquo;de yay\u0131mlanm\u0131\u015ft\u0131r.<\/span><\/p>\n<p style=\"margin: 0cm 0cm 0pt; line-height: 150%; text-align: justify\" class=\"MsoNormal\"><span style=\"font-size: 10pt; line-height: 150%; font-family: &#39;Arial&#39;,&#39;sans-serif&#39;\">Tebli\u011f&rsquo;de yap\u0131lan bu de\u011fi\u015fikliklerle;<\/span><\/p>\n<ul style=\"margin-top: 0cm\">\n<li><span class=\"normal1\"><span style=\"font-size: 10pt; line-height: 150%; font-family: &#39;Arial&#39;,&#39;sans-serif&#39;\">SUT&rsquo;un (12.1.1) numaral\u0131 maddesinin &uuml;&ccedil;&uuml;nc&uuml; f\u0131kras\u0131n\u0131n ikinci c&uuml;mlesinde yer alan&nbsp; &ldquo;MEDULA takip numaras\u0131 ve protokol numaras\u0131&rdquo; ibaresi&nbsp; <strong>&ldquo;MEDULA takip numaras\u0131 veya protokol numaras\u0131&rdquo;<\/strong>,<\/span><\/span> <\/li>\n<\/ul>\n<ul style=\"margin-top: 0cm\">\n<li><span style=\"font-size: 10pt; line-height: 150%; font-family: &#39;Arial&#39;,&#39;sans-serif&#39;\">&nbsp;SUT&rsquo;un (12.1.3) numaral\u0131 maddesinin son f\u0131kras\u0131,<\/span> <span style=\"font-size: 10pt; line-height: 150%; font-family: &#39;Arial&#39;,&#39;sans-serif&#39;\"><strong>&ldquo;SUT&rsquo;un y&uuml;r&uuml;rl&uuml;\u011fe girmesinden &ouml;nce d&uuml;zenlenen sa\u011fl\u0131k raporlar\u0131, raporun d&uuml;zenlendi\u011fi tarihte y&uuml;r&uuml;rl&uuml;kte bulunan SUT h&uuml;k&uuml;mlerine uygun olmas\u0131 kayd\u0131yla 31\/12\/2008 tarihine kadar (bu tarih dahil) ge&ccedil;erlidir. SUT&rsquo;un y&uuml;r&uuml;rl&uuml;k tarihinden &ouml;nce d&uuml;zenlenmi\u015f SUT h&uuml;k&uuml;mlerine uygun olan sa\u011fl\u0131k raporlar\u0131 ise SUT&rsquo;ta belirtilen s&uuml;releri boyunca ge&ccedil;erlidir.&rdquo; <\/strong>\u015feklinde de\u011fi\u015ftirilmi\u015f<\/span> <\/li>\n<\/ul>\n<ul>\n<li><span class=\"normal1\"><span style=\"font-size: 10pt; line-height: 150%; font-family: &#39;Arial&#39;,&#39;sans-serif&#39;\">&nbsp;SUT&rsquo;un (12.2) numaral\u0131 maddesinin &uuml;&ccedil;&uuml;nc&uuml; f\u0131kras\u0131n\u0131n ikinci c&uuml;mlesinde yer alan <strong>&ldquo;ayn\u0131 dozda birden fazla formu olan&rdquo; ibaresinden sonra gelmek &uuml;zere &ldquo;e\u015fde\u011fer&rdquo; ibaresi <\/strong>eklenmi\u015ftir.<\/span><\/span>&nbsp; <\/li>\n<\/ul>\n<ul>\n<li><span style=\"font-size: 10pt; line-height: 150%; font-family: &#39;Arial&#39;,&#39;sans-serif&#39;\">Tebli\u011f Eki EK-2\/A listesinde yer alan <strong>&ldquo;Esomeprazol&rdquo;<\/strong> etken maddesine ait &ouml;denme ko\u015fulu, 2008 y\u0131l\u0131 SUT &ouml;ncesindeki &ouml;denme ko\u015fullar\u0131na geri d&ouml;nerek <strong>UH-P<\/strong> kayd\u0131 alt\u0131na al\u0131nm\u0131\u015ft\u0131r. (&ldquo;Ayaktan tedavide uzman hekimlerce veya uzman hekim raporuna ba\u011fl\u0131 olarak pratisyen hekimler dahil t&uuml;m hekimlerce, yatarak tedavide ise t&uuml;m hekimlerce re&ccedil;ete edilebilir.&rdquo; )<\/span> <\/li>\n<\/ul>\n<p><span style=\"font-size: 10pt; line-height: 150%; font-family: &#39;Arial&#39;,&#39;sans-serif&#39;\">&nbsp;&nbsp;&nbsp;&nbsp;&nbsp;&nbsp;&nbsp;&nbsp;&nbsp;&nbsp;&nbsp;&nbsp;&nbsp;&nbsp;&nbsp;&nbsp;&nbsp;&nbsp;&nbsp;&nbsp;&nbsp;&nbsp;&nbsp;&nbsp;&nbsp;&nbsp;&nbsp;&nbsp;&nbsp;&nbsp;&nbsp;&nbsp;&nbsp;&nbsp;<\/span><strong><span style=\"font-size: 10pt; line-height: 150%; font-family: &#39;Arial&#39;,&#39;sans-serif&#39;\">&nbsp;&nbsp; Tebli\u011f Eki EK-2\/A listesi i&ccedil;in <a href=\"http:\/\/rega.basbakanlik.gov.tr\/eskiler\/2008\/10\/20081022-12-2.doc\" target=\"_blank\"><u><font color=\"#0000ff\">t\u0131klay\u0131n\u0131z.<\/font><\/u><\/a><\/span><\/strong><\/p>\n<p>&nbsp;<\/p>\n<p><span style=\"font-size: 10pt; line-height: 150%; font-family: &#39;Arial&#39;,&#39;sans-serif&#39;\"><\/p>\n<p>&nbsp;<\/p>\n<p><\/span><\/p>\n<p style=\"margin: 0cm 0cm 0pt; line-height: 150%; text-align: justify\" class=\"MsoNormal\"><span style=\"font-size: 10pt; line-height: 150%; font-family: &#39;Arial&#39;,&#39;sans-serif&#39;\">SUT&rsquo;da yap\u0131lan de\u011fi\u015fiklikleri i&ccedil;eren Tebli\u011f a\u015fa\u011f\u0131da yer almaktad\u0131r.<\/span><\/p>\n<p><span style=\"font-size: 10pt; font-family: &#39;Arial&#39;,&#39;sans-serif&#39;\"><\/p>\n<p>&nbsp;<\/p>\n<p><\/span><span style=\"font-size: 10pt; font-family: &#39;Arial&#39;,&#39;sans-serif&#39;\"><\/p>\n<p>&nbsp;<\/p>\n<p><\/span><span style=\"font-size: 10pt; font-family: &#39;Arial&#39;,&#39;sans-serif&#39;\"><\/p>\n<p>&nbsp;<\/p>\n<p><\/span><\/p>\n<div align=\"center\">\n<table border=\"0\" cellspacing=\"0\" cellpadding=\"0\" class=\"MsoNormalTable\" style=\"margin: auto auto auto 5.4pt; width: 457px; border-collapse: collapse; height: 3698px\">\n<tbody>\n<tr>\n<td width=\"607\" valign=\"top\" style=\"padding-right: 5.4pt; padding-left: 5.4pt; padding-bottom: 0cm; width: 455.2pt; padding-top: 0cm; background-color: transparent; border-color: #ece9d8\">\n<div align=\"center\">\n<table border=\"0\" cellspacing=\"0\" cellpadding=\"0\" width=\"428\" class=\"MsoNormalTable\" style=\"width: 428px; border-collapse: collapse; height: 52px\">\n<tbody>\n<tr style=\"height: 15.85pt\">\n<td width=\"195\" style=\"padding-right: 5.4pt; padding-left: 5.4pt; border-left-color: #ece9d8; padding-bottom: 0cm; width: 146.55pt; border-top-color: #ece9d8; padding-top: 0cm; border-bottom: #660066 1pt solid; height: 15.85pt; background-color: transparent; border-right-color: #ece9d8\">\n<p style=\"margin: 0cm 0cm 0pt; line-height: 12pt\" class=\"MsoNormal\"><span style=\"font-size: 8pt; font-family: &#39;Arial&#39;,&#39;sans-serif&#39;\">22 Ekim 2008 &Ccedil;AR\u015eAMBA<\/span><\/p>\n<\/td>\n<td width=\"195\" style=\"padding-right: 5.4pt; padding-left: 5.4pt; border-left-color: #ece9d8; padding-bottom: 0cm; width: 146.55pt; border-top-color: #ece9d8; padding-top: 0cm; border-bottom: #660066 1pt solid; height: 15.85pt; background-color: transparent; border-right-color: #ece9d8\">\n<p style=\"margin: 0cm 0cm 0pt; line-height: 12pt; text-align: center\" class=\"MsoNormal\" align=\"center\"><strong><span style=\"color: purple; font-family: &#39;Palatino Linotype&#39;,&#39;serif&#39;\">Resm&icirc; Gazete<\/span><\/strong><\/p>\n<\/td>\n<td width=\"195\" style=\"padding-right: 5.4pt; padding-left: 5.4pt; border-left-color: #ece9d8; padding-bottom: 0cm; width: 146.35pt; border-top-color: #ece9d8; padding-top: 0cm; border-bottom: #660066 1pt solid; height: 15.85pt; background-color: transparent; border-right-color: #ece9d8\">\n<p style=\"text-align: right\" align=\"right\"><span style=\"font-size: 8pt; font-family: &#39;Arial&#39;,&#39;sans-serif&#39;\">Say\u0131 : 27032<\/span><\/p>\n<\/td>\n<\/tr>\n<tr style=\"height: 24pt\">\n<td colspan=\"3\" width=\"586\" style=\"padding-right: 5.4pt; padding-left: 5.4pt; padding-bottom: 0cm; width: 439.45pt; padding-top: 0cm; height: 24pt; background-color: transparent; border-color: #ece9d8\">\n<p style=\"text-align: center\" align=\"center\"><strong><span style=\"font-size: 9pt; color: navy; font-family: &#39;Arial&#39;,&#39;sans-serif&#39;\">TEBL\u0130\u011e<\/span><\/strong><\/p>\n<\/td>\n<\/tr>\n<\/tbody>\n<\/table>\n<\/div>\n<p style=\"margin: 0cm 0cm 2pt; text-indent: 1cm; text-align: justify\" class=\"MsoNormal\"><font face=\"Helvetica\"><span class=\"normal1\"><u><span style=\"font-size: 9pt\">Sosyal G&uuml;venlik Kurumundan:<\/span><\/u><\/span><\/font><\/p>\n<p style=\"margin: 0cm 0cm 0pt; text-align: center\" class=\"MsoNormal\" align=\"center\"><span class=\"normal1\"><strong><span style=\"font-size: 9pt\"><font face=\"Helvetica\">2008 YILI SOSYAL G&Uuml;VENL\u0130K KURUMU SA\u011eLIK UYGULAMA <\/font><\/span><\/strong><\/span><\/p>\n<p style=\"margin: 0cm 0cm 0pt; text-align: center\" class=\"MsoNormal\" align=\"center\"><span class=\"normal1\"><strong><span style=\"font-size: 9pt\"><font face=\"Helvetica\">TEBL\u0130\u011e\u0130NDE DE\u011e\u0130\u015e\u0130KL\u0130K YAPILMASINA DA\u0130R TEBL\u0130\u011e<\/font><\/span><\/strong><\/span><\/p>\n<p><span class=\"normal1\"><strong><span style=\"font-size: 9pt\"><\/p>\n<p>&nbsp;<\/p>\n<p><\/span><\/strong><\/span><\/p>\n<p style=\"margin: 0cm 0cm 0pt; text-align: justify\" class=\"MsoNormal\"><font face=\"Helvetica\"><span class=\"normal1\"><strong><span style=\"font-size: 9pt\">&nbsp;&nbsp;&nbsp;&nbsp;&nbsp;&nbsp;&nbsp;&nbsp;&nbsp;&nbsp;&nbsp;&nbsp; MADDE 1 &ndash;<\/span><\/strong><\/span><span class=\"normal1\"><span style=\"font-size: 9pt\"> 29\/9\/2008 tarihli ve 27012 say\u0131l\u0131 birinci m&uuml;kerrer Resm&icirc; Gazete&rsquo;de yay\u0131mlanarak y&uuml;r&uuml;rl&uuml;\u011fe giren 2008 Y\u0131l\u0131 Sosyal G&uuml;venlik Kurumu Sa\u011fl\u0131k Uygulama Tebli\u011finin (SUT) (4.1.2) numaral\u0131 maddesinin ikinci f\u0131kras\u0131n\u0131n (d) bendinde yer alan &ldquo;inf&uuml;zyonu&rdquo; ibaresinden sonra gelmek &uuml;zere &ldquo;, Palivizumab uygulamas\u0131&rdquo; ibaresi eklenmi\u015ftir.<\/span><\/span><\/font><\/p>\n<p style=\"margin: 0cm 0cm 0pt; text-align: justify\" class=\"MsoNormal\"><font face=\"Helvetica\"><span class=\"normal1\"><strong><span style=\"font-size: 9pt\">&nbsp;&nbsp;&nbsp;&nbsp;&nbsp;&nbsp;&nbsp;&nbsp;&nbsp;&nbsp;&nbsp;&nbsp; MADDE 2 &ndash;<\/span><\/strong><\/span><span class=\"normal1\"><span style=\"font-size: 9pt\"> SUT&rsquo;un (6.5.4) numaral\u0131 maddesinde yer alan &ldquo;aile hekimi muayenelerinde,&rdquo; ibaresinden sonra gelmek &uuml;zere &ldquo;acil sa\u011fl\u0131k hizmetleri ile (2.3) numaral\u0131 maddenin (a), (b), (c) ve (d) bentlerinde belirtilen sa\u011fl\u0131k kurumlar\u0131\/ kurulu\u015flar\u0131 taraf\u0131ndan sunulan sa\u011fl\u0131k hizmetlerinde&rdquo; ibaresi eklenmi\u015ftir.<\/span><\/span><\/font><\/p>\n<p style=\"margin: 0cm 0cm 0pt; text-align: justify\" class=\"MsoNormal\"><font face=\"Helvetica\"><span class=\"normal1\"><strong><span style=\"font-size: 9pt\">&nbsp;&nbsp;&nbsp;&nbsp;&nbsp;&nbsp;&nbsp;&nbsp;&nbsp;&nbsp;&nbsp;&nbsp; MADDE 3 &ndash;<\/span><\/strong><\/span><span class=\"normal1\"><span style=\"font-size: 9pt\"> SUT&rsquo;un (8) ve (8.1) numaral\u0131 maddeleri a\u015fa\u011f\u0131daki \u015fekilde yeniden d&uuml;zenlenmi\u015ftir. <\/span><\/span><\/font><\/p>\n<p style=\"margin: 0cm 0cm 0pt; text-align: justify\" class=\"MsoNormal\"><font face=\"Helvetica\"><span class=\"normal1\"><strong><span style=\"font-size: 9pt\">&nbsp;&nbsp;&nbsp;&nbsp;&nbsp;&nbsp;&nbsp;&nbsp;&nbsp;&nbsp;&nbsp;&nbsp; &ldquo;8. Di\u015f Tedavileri <\/span><\/strong><\/span><\/font><\/p>\n<p style=\"margin: 0cm 0cm 0pt; text-align: justify\" class=\"MsoNormal\"><span class=\"normal1\"><span style=\"font-size: 9pt\"><font face=\"Helvetica\">&nbsp;&nbsp;&nbsp;&nbsp;&nbsp;&nbsp;&nbsp;&nbsp;&nbsp;&nbsp;&nbsp;&nbsp; (1) Di\u015f tedavileri s\u0131ras\u0131nda; alt\u0131n, platin, paladyum+platin, irrudyum+platin, iropal gibi k\u0131ymetli madenler ile argenco 23, bego gold EWL ve polliag-M gibi bile\u015fiminde k\u0131ymetli maden bulunan maddelerin bedelleri &ouml;denmez.&nbsp;&nbsp;&nbsp;&nbsp;&nbsp;&nbsp; <\/font><\/span><\/span><\/p>\n<p style=\"margin: 0cm 0cm 0pt; text-align: justify\" class=\"MsoNormal\"><span class=\"normal1\"><span style=\"font-size: 9pt\"><font face=\"Helvetica\">&nbsp;&nbsp;&nbsp;&nbsp;&nbsp;&nbsp;&nbsp;&nbsp;&nbsp;&nbsp;&nbsp;&nbsp; (2) Kemik i&ccedil;i dental implantlar\u0131n bedelleri &ouml;denmez. Ancak, maksillofasiyal travma ve t&uuml;m&ouml;rler sonucu a\u015f\u0131r\u0131 kemik kayb\u0131 olan ya da damak yar\u0131\u011f\u0131 gibi deformiteleri olan hastalar ile rutin tedavilerle ba\u015far\u0131l\u0131 olunamayan rezorbe alt-&uuml;st &ccedil;ene vakalar\u0131nda (en az 2 en fazla 4 implant ile s\u0131n\u0131rl\u0131 kalmak ko\u015fuluyla) klasik protez ile &ccedil;&ouml;z&uuml;lemeyen ve implant tedavisinin zorunlu oldu\u011funun &uuml;niversite di\u015f hekimli\u011fi fak&uuml;ltelerinden cerrahi, protez ve periodontoloji anabilim dallar\u0131ndan en az birer &ouml;\u011fretim &uuml;yesinin kat\u0131l\u0131m\u0131yla olu\u015facak sa\u011fl\u0131k kurulu taraf\u0131ndan karara ba\u011flanmas\u0131 ve ka&ccedil; &uuml;nite yap\u0131laca\u011f\u0131n\u0131n sa\u011fl\u0131k kurulu raporunda belirtilmesi \u015fart\u0131yla SUT eki EK-7 Listesindeki tedavi bedeli ile implant malzemesi bedeli olarak (her &uuml;nite i&ccedil;in) 90 YTL &ouml;denir. <\/font><\/span><\/span><\/p>\n<p style=\"margin: 0cm 0cm 0pt; text-align: justify\" class=\"MsoNormal\"><span class=\"normal1\"><span style=\"font-size: 9pt\"><font face=\"Helvetica\">&nbsp;&nbsp;&nbsp;&nbsp;&nbsp;&nbsp;&nbsp;&nbsp;&nbsp;&nbsp;&nbsp;&nbsp; (3) Hareketli ve sabit protezlerin yenilenme s&uuml;resi 4 y\u0131ld\u0131r. Bu s&uuml;reden &ouml;nce yenilenen protez bedelleri Kurumca &ouml;denmez.<\/font><\/span><\/span><\/p>\n<p style=\"margin: 0cm 0cm 0pt; text-align: justify\" class=\"MsoNormal\"><span class=\"normal1\"><span style=\"font-size: 9pt\"><font face=\"Helvetica\">&nbsp;&nbsp;&nbsp;&nbsp;&nbsp;&nbsp;&nbsp;&nbsp;&nbsp;&nbsp;&nbsp;&nbsp; <strong>8.1. Kurum ile s&ouml;zle\u015fmeli resmi sa\u011fl\u0131k kurum ve kurulu\u015flar\u0131nda yap\u0131lacak di\u015f tedavileri <\/strong><\/font><\/span><\/span><\/p>\n<p style=\"margin: 0cm 0cm 0pt; text-align: justify\" class=\"MsoNormal\"><span class=\"normal1\"><span style=\"font-size: 9pt\"><font face=\"Helvetica\">&nbsp;&nbsp;&nbsp;&nbsp;&nbsp;&nbsp;&nbsp;&nbsp;&nbsp;&nbsp;&nbsp;&nbsp; (1) Kurum ile s&ouml;zle\u015fmeli resmi sa\u011fl\u0131k kurum ve kurulu\u015flar\u0131nda yap\u0131lan di\u015f tedavi bedellerinin &ouml;denmesinde SUT eki &ldquo;Di\u015f Tedavileri Fiyat Listesi&rdquo; (EK-7) &uuml;cretleri uygulanacakt\u0131r. <\/font><\/span><\/span><\/p>\n<p style=\"margin: 0cm 0cm 0pt; text-align: justify\" class=\"MsoNormal\"><span class=\"normal1\"><span style=\"font-size: 9pt\"><font face=\"Helvetica\">&nbsp;&nbsp;&nbsp;&nbsp;&nbsp;&nbsp;&nbsp;&nbsp;&nbsp;&nbsp;&nbsp;&nbsp; (2) Kurumla s&ouml;zle\u015fmeli resmi sa\u011fl\u0131k kurumu taraf\u0131ndan yap\u0131lan protez tedavileri ile ilgili olarak yap\u0131lmas\u0131 gerekli g&ouml;r&uuml;len akrilik veya seramik veneer kron, hassas tutuculu kron, implant &uuml;st&uuml; kron v.b. metal destekli tek par&ccedil;a kron ve tek par&ccedil;a d&ouml;k&uuml;m kronlar ile alt-&uuml;st &ccedil;ene iskelet d&ouml;k&uuml;m&uuml;n&uuml;n ilgili s&ouml;zle\u015fmeli resmi sa\u011fl\u0131k kurumu ve kurulu\u015fu taraf\u0131ndan yap\u0131lmas\u0131\/ hizmet al\u0131m\u0131 ile sa\u011flanmas\u0131 halinde akrilik veya seramik veneer kron, hassas tutuculu kron, implant &uuml;st&uuml; kron v.b. metal destekli tek par&ccedil;a kron ve tek par&ccedil;a d&ouml;k&uuml;m kron i&ccedil;in (malzeme dahil) 11 YTL, alt-&uuml;st &ccedil;ene iskelet d&ouml;k&uuml;m&uuml; i&ccedil;in (malzeme dahil) 43 YTL d&ouml;k&uuml;m i\u015f&ccedil;ilik &uuml;creti sa\u011fl\u0131k kurumunun faturas\u0131nda belirtilmek kayd\u0131yla &ouml;denir. S&ouml;z konusu i\u015flemlerin, protez tedavisini yapan sa\u011fl\u0131k kurumlar\u0131 taraf\u0131ndan yap\u0131lmayarak mevzuat h&uuml;k&uuml;mlerine dayan\u0131larak ba\u015fhekimliklerce, &uuml;niversitelerde ise dekanl\u0131klarca organize edilerek yapt\u0131r\u0131lmas\u0131 ve hastaya fatura d&uuml;zenlenmesi halinde fatura bedeli yukar\u0131da belirtilen fiyatlar\u0131 a\u015fmamak kayd\u0131yla hastalara &ouml;denir. Bu i\u015flemlerin serbest di\u015f hekimliklerinde yapt\u0131r\u0131lmas\u0131 halinde, ayr\u0131ca d&ouml;k&uuml;m i\u015f&ccedil;ilik &uuml;creti &ouml;denmez.&rdquo;<\/font><\/span><\/span><\/p>\n<p style=\"margin: 0cm 0cm 0pt; text-align: justify\" class=\"MsoNormal\"><font face=\"Helvetica\"><span class=\"normal1\"><strong><span style=\"font-size: 9pt\">&nbsp;&nbsp;&nbsp;&nbsp;&nbsp;&nbsp;&nbsp;&nbsp;&nbsp;&nbsp;&nbsp;&nbsp; MADDE 4 &ndash;<\/span><\/strong><\/span><span class=\"normal1\"><span style=\"font-size: 9pt\"> SUT&rsquo;un (12) numaral\u0131 maddesinde a\u015fa\u011f\u0131da belirtilen d&uuml;zenlemeler yap\u0131lm\u0131\u015ft\u0131r.<\/span><\/span><\/font><\/p>\n<p style=\"margin: 0cm 0cm 0pt; text-align: justify\" class=\"MsoNormal\"><span class=\"normal1\"><span style=\"font-size: 9pt\"><font face=\"Helvetica\">&nbsp;&nbsp;&nbsp;&nbsp;&nbsp;&nbsp;&nbsp;&nbsp;&nbsp;&nbsp;&nbsp;&nbsp; a) SUT&rsquo;un (12.1.1) numaral\u0131 maddesinin &uuml;&ccedil;&uuml;nc&uuml; f\u0131kras\u0131n\u0131n ikinci c&uuml;mlesinde yer alan&nbsp; &ldquo;MEDULA takip numaras\u0131 ve protokol numaras\u0131&rdquo; ibaresi&nbsp; &ldquo;MEDULA takip numaras\u0131 veya protokol numaras\u0131&rdquo;&nbsp; \u015feklinde de\u011fi\u015ftirilmi\u015ftir.<\/font><\/span><\/span><\/p>\n<p style=\"margin: 0cm 0cm 0pt; text-align: justify\" class=\"MsoNormal\"><span class=\"normal1\"><span style=\"font-size: 9pt\"><font face=\"Helvetica\">&nbsp;&nbsp;&nbsp;&nbsp;&nbsp;&nbsp;&nbsp;&nbsp;&nbsp;&nbsp;&nbsp;&nbsp; b) SUT&rsquo;un (12.1.2) numaral\u0131 maddesinin ikinci f\u0131kras\u0131n\u0131n ikinci c&uuml;mlesinde yer alan &ldquo;ihale&rdquo; ibaresinden sonra gelmek &uuml;zere &ldquo;ve do\u011frudan al\u0131m&rdquo; ibaresi eklenmi\u015ftir.<\/font><\/span><\/span><\/p>\n<p style=\"margin: 0cm 0cm 0pt; text-align: justify\" class=\"MsoNormal\"><span class=\"normal1\"><span style=\"font-size: 9pt\"><font face=\"Helvetica\">&nbsp;&nbsp;&nbsp;&nbsp;&nbsp;&nbsp;&nbsp;&nbsp;&nbsp;&nbsp;&nbsp;&nbsp; c) SUT&rsquo;un (12.1.3) numaral\u0131 maddesinin son f\u0131kras\u0131 a\u015fa\u011f\u0131da belirtildi\u011fi \u015fekilde de\u011fi\u015ftirilmi\u015ftir.<\/font><\/span><\/span><\/p>\n<p style=\"margin: 0cm 0cm 0pt; text-align: justify\" class=\"MsoNormal\"><span class=\"normal1\"><span style=\"font-size: 9pt\"><font face=\"Helvetica\">&nbsp;&nbsp;&nbsp;&nbsp;&nbsp;&nbsp;&nbsp;&nbsp;&nbsp;&nbsp;&nbsp;&nbsp; &ldquo;SUT&rsquo;un y&uuml;r&uuml;rl&uuml;\u011fe girmesinden &ouml;nce d&uuml;zenlenen sa\u011fl\u0131k raporlar\u0131, raporun d&uuml;zenlendi\u011fi tarihte y&uuml;r&uuml;rl&uuml;kte bulunan SUT h&uuml;k&uuml;mlerine uygun olmas\u0131 kayd\u0131yla 31\/12\/2008 tarihine kadar (bu tarih dahil) ge&ccedil;erlidir. SUT&rsquo;un y&uuml;r&uuml;rl&uuml;k tarihinden &ouml;nce d&uuml;zenlenmi\u015f SUT h&uuml;k&uuml;mlerine uygun olan sa\u011fl\u0131k raporlar\u0131 ise SUT&rsquo;ta belirtilen s&uuml;releri boyunca ge&ccedil;erlidir.&rdquo; <\/font><\/span><\/span><\/p>\n<p style=\"margin: 0cm 0cm 0pt; text-align: justify\" class=\"MsoNormal\"><span class=\"normal1\"><span style=\"font-size: 9pt\"><font face=\"Helvetica\">&nbsp;&nbsp;&nbsp;&nbsp;&nbsp;&nbsp;&nbsp;&nbsp;&nbsp;&nbsp;&nbsp;&nbsp; &ccedil;) SUT&rsquo;un (12.2) numaral\u0131 maddesinin &uuml;&ccedil;&uuml;nc&uuml; f\u0131kras\u0131n\u0131n ikinci c&uuml;mlesinde yer alan &ldquo;ayn\u0131 dozda birden fazla formu olan&rdquo; ibaresinden sonra gelmek &uuml;zere &ldquo;e\u015fde\u011fer&rdquo; ibaresi eklenmi\u015ftir.<\/font><\/span><\/span><\/p>\n<p style=\"margin: 0cm 0cm 0pt; text-align: justify\" class=\"MsoNormal\"><span class=\"normal1\"><span style=\"font-size: 9pt\"><font face=\"Helvetica\">&nbsp;&nbsp;&nbsp;&nbsp;&nbsp;&nbsp;&nbsp;&nbsp;&nbsp;&nbsp;&nbsp;&nbsp; d) SUT&rsquo;un (12.7.1) numaral\u0131 maddesinin sondan bir &ouml;nceki f\u0131kras\u0131nda yer alan &ldquo;s&uuml;resi&rdquo; ibaresinden sonra gelmek &uuml;zere &ldquo;, ayr\u0131ca s&uuml;re belirtilenler hari&ccedil; olmak &uuml;zere&rdquo; ibaresi eklenmi\u015ftir.<\/font><\/span><\/span><\/p>\n<p style=\"margin: 0cm 0cm 0pt; text-align: justify\" class=\"MsoNormal\"><span class=\"normal1\"><span style=\"font-size: 9pt\"><font face=\"Helvetica\">&nbsp;&nbsp;&nbsp;&nbsp;&nbsp;&nbsp;&nbsp;&nbsp;&nbsp;&nbsp;&nbsp;&nbsp; e) SUT&rsquo;un (12.7.2) numaral\u0131 maddesinin (b) bendinin &uuml;&ccedil;&uuml;nc&uuml; f\u0131kras\u0131nda yer alan&nbsp; &ldquo;uzman hekim raporuna&rdquo; ibaresinden sonra gelmek &uuml;zere &ldquo;, parenteral formlar\u0131 ise yaln\u0131zca psikiyatri (eri\u015fkin ve &ccedil;ocuk) uzman hekimi taraf\u0131ndan d&uuml;zenlenen uzman hekim raporuna&rdquo; ibaresi eklenmi\u015ftir.<\/font><\/span><\/span><\/p>\n<p style=\"margin: 0cm 0cm 0pt; text-align: justify\" class=\"MsoNormal\"><span class=\"normal1\"><span style=\"font-size: 9pt\"><font face=\"Helvetica\">&nbsp;&nbsp;&nbsp;&nbsp;&nbsp;&nbsp;&nbsp;&nbsp;&nbsp;&nbsp;&nbsp;&nbsp; f) SUT&rsquo;un (12.7.9) numaral\u0131 maddesinin (b) bendinin (2) numaral\u0131 alt bendinde yer alan &ldquo;biyopsi ile belgelenmi\u015f&rdquo; ibaresi &ccedil;\u0131kar\u0131lm\u0131\u015ft\u0131r.<\/font><\/span><\/span><\/p>\n<p style=\"margin: 0cm 0cm 0pt; text-align: justify\" class=\"MsoNormal\"><font face=\"Helvetica\"><span class=\"normal1\"><strong><span style=\"font-size: 9pt\">&nbsp;&nbsp;&nbsp;&nbsp;&nbsp;&nbsp;&nbsp;&nbsp;&nbsp;&nbsp;&nbsp;&nbsp; MADDE 5 &ndash;<\/span><\/strong><\/span><span class=\"normal1\"><span style=\"font-size: 9pt\"> SUT&rsquo;un (13) numaral\u0131 maddesinin son f\u0131kras\u0131 a\u015fa\u011f\u0131da belirtildi\u011fi \u015fekilde de\u011fi\u015ftirilmi\u015ftir. <\/span><\/span><\/font><\/p>\n<p style=\"margin: 0cm 0cm 0pt; text-align: justify\" class=\"MsoNormal\"><span class=\"normal1\"><span style=\"font-size: 9pt\"><font face=\"Helvetica\">&nbsp;&nbsp;&nbsp;&nbsp;&nbsp;&nbsp;&nbsp;&nbsp;&nbsp;&nbsp;&nbsp;&nbsp; &ldquo;Sa\u011fl\u0131k Bakanl\u0131\u011f\u0131 izni ile yurt d\u0131\u015f\u0131ndan temin edilerek tedavide kullan\u0131lan ilac\u0131n\/ila&ccedil;lar\u0131n &uuml;lkemizde ruhsat alarak sat\u0131\u015f izni almas\u0131 durumunda; SUT eki EK-2\/D Listesine giri\u015f talebinden itibaren, &ldquo;&Ouml;deme Komisyonunun &Ccedil;al\u0131\u015fma Usul ve Esaslar\u0131 Hakk\u0131nda Y&ouml;nerge&rdquo; gere\u011fi talebin sonu&ccedil;land\u0131r\u0131laca\u011f\u0131 maksimum s&uuml;re i&ccedil;erisinde, SUT ve eki listelerde yer alan &ouml;zel h&uuml;k&uuml;mler sakl\u0131 kalmak kayd\u0131yla, uzman hekim raporuna dayan\u0131larak uzman hekimlerce en fazla birer ayl\u0131k miktarlarda re&ccedil;ete edilmesi ve bu re&ccedil;etelerin Sa\u011fl\u0131k Bakanl\u0131\u011f\u0131nca onaylanmas\u0131 ko\u015fuluyla, Sa\u011fl\u0131k Bakanl\u0131\u011f\u0131nca ilaca verilen perakende sat\u0131\u015f fiyat\u0131 &uuml;zerinden standart kamu iskontosu oran\u0131 uyguland\u0131ktan sonra kademeli eczane iskontosu uygulanarak s&ouml;zle\u015fmeli eczanelerden \u015fah\u0131slara d&uuml;zenlenecek faturalara dayan\u0131larak &ouml;demesi yap\u0131lacakt\u0131r. Bu ila&ccedil;lardan SUT eki EK-2 Listesi kapsam\u0131nda olanlardan hasta kat\u0131l\u0131m pay\u0131 al\u0131nmaz.&rdquo;&nbsp;&nbsp;&nbsp;&nbsp;&nbsp;&nbsp;&nbsp;&nbsp;&nbsp;&nbsp;&nbsp;&nbsp;&nbsp;&nbsp; <\/font><\/span><\/span><\/p>\n<p style=\"margin: 0cm 0cm 0pt; text-align: justify\" class=\"MsoNormal\"><font face=\"Helvetica\"><span class=\"normal1\"><strong><span style=\"font-size: 9pt\">&nbsp;&nbsp;&nbsp;&nbsp;&nbsp;&nbsp;&nbsp;&nbsp;&nbsp;&nbsp;&nbsp;&nbsp; MADDE 6 &ndash;<\/span><\/strong><\/span><span class=\"normal1\"><span style=\"font-size: 9pt\"> SUT&rsquo;un (14.1) numaral\u0131 maddesine &uuml;&ccedil;&uuml;nc&uuml; f\u0131kra olarak &ldquo;Hastaneler, yatarak tedavilerde kulland\u0131klar\u0131 ve kendi eczanelerinden temin ettikleri ila&ccedil;lara da yukar\u0131da belirtilen esaslara g&ouml;re imalat&ccedil;\u0131\/ithalat&ccedil;\u0131 indirimi ile % 3,5 oran\u0131nda eczac\u0131 indirimi uygulayarak fatura edeceklerdir. Serbest eczane sat\u0131\u015f\u0131 olmayan ve Sa\u011fl\u0131k Bakanl\u0131\u011f\u0131 taraf\u0131ndan &ldquo;depocu fiyatl\u0131 ila&ccedil;lar&rdquo; \u015feklinde tan\u0131mlanan &uuml;r&uuml;nlere, depocu sat\u0131\u015f fiyat\u0131 &uuml;zerinden Tebli\u011f eki EK-2\/D Listesinde g&ouml;sterilen imalat&ccedil;\u0131\/ithalat&ccedil;\u0131 indirimi uygulan\u0131r, ayr\u0131ca eczac\u0131 indirimi uygulanmaz.&rdquo; ibaresi eklenmi\u015ftir. <\/span><\/span><\/font><\/p>\n<p style=\"margin: 0cm 0cm 0pt; text-align: justify\" class=\"MsoNormal\"><font face=\"Helvetica\"><span class=\"normal1\"><strong><span style=\"font-size: 9pt\">&nbsp;&nbsp;&nbsp;&nbsp;&nbsp;&nbsp;&nbsp;&nbsp;&nbsp;&nbsp;&nbsp;&nbsp; MADDE 7 &ndash;<\/span><\/strong><\/span><span class=\"normal1\"><span style=\"font-size: 9pt\"> SUT&rsquo;un (19) numaral\u0131 maddesinde yap\u0131lan d&uuml;zenlemeler a\u015fa\u011f\u0131da belirtilmi\u015ftir.<\/span><\/span><\/font><\/p>\n<p style=\"margin: 0cm 0cm 0pt; text-align: justify\" class=\"MsoNormal\"><span class=\"normal1\"><span style=\"font-size: 9pt\"><font face=\"Helvetica\">&nbsp;&nbsp;&nbsp;&nbsp;&nbsp;&nbsp;&nbsp;&nbsp;&nbsp;&nbsp;&nbsp;&nbsp; a) SUT&rsquo;un (19.7.2) numaral\u0131 maddesinin birinci, ikinci ve &uuml;&ccedil;&uuml;nc&uuml; f\u0131kralar\u0131 a\u015fa\u011f\u0131daki \u015fekilde de\u011fi\u015ftirilmi\u015ftir. <\/font><\/span><\/span><\/p>\n<p style=\"margin: 0cm 0cm 0pt; text-align: justify\" class=\"MsoNormal\"><span class=\"normal1\"><span style=\"font-size: 9pt\"><font face=\"Helvetica\">&nbsp;&nbsp;&nbsp;&nbsp;&nbsp;&nbsp;&nbsp;&nbsp;&nbsp;&nbsp;&nbsp;&nbsp; &ldquo;(1) Kurumla s&ouml;zle\u015fmeli &ouml;zel sa\u011fl\u0131k hizmeti sunucular\u0131 taraf\u0131ndan ayaktan hastalar i&ccedil;in sadece ortopedik, n&ouml;rolojik, pediatrik ve el rehabilitasyon i\u015flemleri, yatan hastalar i&ccedil;in bunlara ilave olarak kardiak ve pulmoner rehabilitasyon i\u015flemleri fatura edilebilir.<\/font><\/span><\/span><\/p>\n<p style=\"margin: 0cm 0cm 0pt; text-align: justify\" class=\"MsoNormal\"><span class=\"normal1\"><span style=\"font-size: 9pt\"><font face=\"Helvetica\">&nbsp;&nbsp;&nbsp;&nbsp;&nbsp;&nbsp;&nbsp;&nbsp;&nbsp;&nbsp;&nbsp;&nbsp; (2) Rehabilitasyon uygulamalar\u0131 fiziksel t\u0131p ve rehabilitasyon uzman hekimi veya fiziksel t\u0131p ve rehabilitasyon uzman hekiminin g&ouml;zetiminde fizyoterapistler taraf\u0131ndan uygulanm\u0131\u015f olmal\u0131d\u0131r.<\/font><\/span><\/span><\/p>\n<p style=\"margin: 0cm 0cm 0pt; text-align: justify\" class=\"MsoNormal\"><span class=\"normal1\"><span style=\"font-size: 9pt\"><font face=\"Helvetica\">&nbsp;&nbsp;&nbsp;&nbsp;&nbsp;&nbsp;&nbsp;&nbsp;&nbsp;&nbsp;&nbsp;&nbsp; (3) Bir fiziksel t\u0131p ve rehabilitasyon uzman hekimi g&ouml;zetiminde ayn\u0131 anda en fazla 2 hastaya rehabilitasyon i\u015flemi uygulanabilir.&rdquo;<\/font><\/span><\/span><\/p>\n<p style=\"margin: 0cm 0cm 0pt; text-align: justify\" class=\"MsoNormal\"><span class=\"normal1\"><span style=\"font-size: 9pt\"><font face=\"Helvetica\">&nbsp;&nbsp;&nbsp;&nbsp;&nbsp;&nbsp;&nbsp;&nbsp;&nbsp;&nbsp;&nbsp;&nbsp; b) SUT&rsquo;un (19.8) numaral\u0131 maddesi a\u015fa\u011f\u0131da belirtildi\u011fi \u015fekilde de\u011fi\u015ftirilmi\u015ftir.<\/font><\/span><\/span><\/p>\n<p style=\"margin: 0cm 0cm 0pt; text-align: justify\" class=\"MsoNormal\"><span class=\"normal1\"><span style=\"font-size: 9pt\"><font face=\"Helvetica\">&nbsp;&nbsp;&nbsp;&nbsp;&nbsp;&nbsp;&nbsp;&nbsp;&nbsp;&nbsp;&nbsp;&nbsp; &ldquo;Kurumla s&ouml;zle\u015fmeli &ouml;zel sa\u011fl\u0131k kurum ve kurulu\u015flar\u0131nda genetik bran\u015f\u0131 veya di\u011fer bran\u015flarca istenilerek Kuruma fatura edilen SUT eki EK-8 Listesinde yer alan genetik tetkiklere ait bedellerin &ouml;denebilmesi i&ccedil;in; tetkiklerin (imm&uuml;noloji-genetik tetkikleri hari&ccedil;)&nbsp; genetik hastal\u0131klar tan\u0131 merkezi ruhsat\u0131\/ ge&ccedil;ici &ccedil;al\u0131\u015fma izin belgesi olan (sitogenetik, molek&uuml;ler genetik, biyokimyasal genetik ruhsatlar\u0131ndan hangisi veya hangilerine sahipse o tetkikleri yapmak &uuml;zere) sa\u011fl\u0131k kurum veya kurulu\u015funda, &ldquo;Genetik Hastal\u0131klar Tan\u0131 Merkezi Y&ouml;netmeli\u011fi&rdquo;ne g&ouml;re genetik tan\u0131 merkezi sorumlusunun niteliklerine haiz olan ki\u015filer taraf\u0131ndan yap\u0131lm\u0131\u015f olmas\u0131 gerekmektedir.&rdquo;&nbsp; <\/font><\/span><\/span><\/p>\n<p style=\"margin: 0cm 0cm 0pt; text-align: justify\" class=\"MsoNormal\"><font face=\"Helvetica\"><span class=\"normal1\"><strong><span style=\"font-size: 9pt\">&nbsp;&nbsp;&nbsp;&nbsp;&nbsp;&nbsp;&nbsp;&nbsp;&nbsp;&nbsp;&nbsp;&nbsp; MADDE 8 &ndash;<\/span><\/strong><\/span><span class=\"normal1\"><span style=\"font-size: 9pt\"> SUT&rsquo;un (20.2.1) numaral\u0131 maddesinin (a) bendinin ikinci f\u0131kras\u0131n\u0131n ikinci c&uuml;mlesinde yer alan &ldquo;ihale&rdquo; ibaresinden sonra gelmek &uuml;zere &ldquo;ve do\u011frudan al\u0131m&rdquo; ibaresi eklenmi\u015ftir.<\/span><\/span><\/font><\/p>\n<p style=\"margin: 0cm 0cm 0pt; text-align: justify\" class=\"MsoNormal\"><font face=\"Helvetica\"><span class=\"normal1\"><strong><span style=\"font-size: 9pt\">&nbsp;&nbsp;&nbsp;&nbsp;&nbsp;&nbsp;&nbsp;&nbsp;&nbsp;&nbsp;&nbsp;&nbsp; MADDE 9 &ndash;<\/span><\/strong><\/span><span class=\"normal1\"><span style=\"font-size: 9pt\"> SUT&rsquo;un (24) numaral\u0131 maddesinde yap\u0131lan d&uuml;zenlemeler a\u015fa\u011f\u0131da belirtilmi\u015ftir.<\/span><\/span><\/font><\/p>\n<p style=\"margin: 0cm 0cm 0pt; text-align: justify\" class=\"MsoNormal\"><span class=\"normal1\"><span style=\"font-size: 9pt\"><font face=\"Helvetica\">&nbsp;&nbsp;&nbsp;&nbsp;&nbsp;&nbsp;&nbsp;&nbsp;&nbsp;&nbsp;&nbsp;&nbsp; a) SUT&rsquo;un (24) numaral\u0131 maddesinin alt\u0131nc\u0131 f\u0131kras\u0131n\u0131n birinci c&uuml;mlesinde yer alan &ldquo;medikososyal birimleri&rdquo; ibaresinden sonra gelmek &uuml;zere &ldquo;, T&uuml;rk Silahl\u0131 Kuvvetlerinin birinci basamak sa\u011fl\u0131k &uuml;niteleri&rdquo; ibaresi eklenmi\u015ftir.<\/font><\/span><\/span><\/p>\n<p style=\"margin: 0cm 0cm 0pt; text-align: justify\" class=\"MsoNormal\"><span class=\"normal1\"><span style=\"font-size: 9pt\"><font face=\"Helvetica\">&nbsp;&nbsp;&nbsp;&nbsp;&nbsp;&nbsp;&nbsp;&nbsp;&nbsp;&nbsp;&nbsp;&nbsp; b) SUT&rsquo;un (24.1) numaral\u0131 maddesinin ikinci f\u0131kras\u0131 &ccedil;\u0131kar\u0131lm\u0131\u015ft\u0131r. <\/font><\/span><\/span><\/p>\n<p style=\"margin: 0cm 0cm 0pt; text-align: justify\" class=\"MsoNormal\"><span class=\"normal1\"><span style=\"font-size: 9pt\"><font face=\"Helvetica\">&nbsp;&nbsp;&nbsp;&nbsp;&nbsp;&nbsp;&nbsp;&nbsp;&nbsp;&nbsp;&nbsp;&nbsp; c) SUT&rsquo;un (24.2.2.2) numaral\u0131 maddesine &ldquo;Tan\u0131ya dayal\u0131 i\u015flem kapsam\u0131nda olan ila&ccedil; ve\/veya t\u0131bbi malzemelerin hastalara temin ettirildi\u011finin tespiti halinde ila&ccedil; ve\/veya t\u0131bbi malzemeler i&ccedil;in Kurumca &ouml;denen tutar ilgili sa\u011fl\u0131k kurumundan mahsup edilir.&rdquo; c&uuml;mlesi ikinci f\u0131kra olarak eklenmi\u015ftir.<\/font><\/span><\/span><\/p>\n<p style=\"margin: 0cm 0cm 0pt; text-align: justify\" class=\"MsoNormal\"><span class=\"normal1\"><span style=\"font-size: 9pt\"><font face=\"Helvetica\">&nbsp;&nbsp;&nbsp;&nbsp;&nbsp;&nbsp;&nbsp;&nbsp;&nbsp;&nbsp;&nbsp;&nbsp; d) SUT&rsquo;un (24.2.2.5) numaral\u0131 maddesi &ldquo;Hastan\u0131n taburcu olduktan sonraki, ayn\u0131 sa\u011fl\u0131k kurumundaki ayn\u0131 bran\u015fta; 15 g&uuml;n i&ccedil;erisinde yap\u0131lan muayeneleri, 15 inci g&uuml;nden sonra yap\u0131lan ilk kontrol ama&ccedil;l\u0131 muayenesi ve bu muayeneler sonucunda gerekli g&ouml;r&uuml;len rutin biyokimyasal, bakteriyolojik, hematolojik, kardiyolojik (EKG, EKO, efor) ve radyolojik tetkikler tan\u0131ya dayal\u0131 &ouml;deme i\u015flem fiyat\u0131na dahil olup ayr\u0131ca faturaland\u0131r\u0131lamaz.&rdquo; \u015feklinde de\u011fi\u015ftirilmi\u015ftir. <\/font><\/span><\/span><\/p>\n<p style=\"margin: 0cm 0cm 0pt; text-align: justify\" class=\"MsoNormal\"><font face=\"Helvetica\"><span class=\"normal1\"><strong><span style=\"font-size: 9pt\">&nbsp;&nbsp;&nbsp;&nbsp;&nbsp;&nbsp;&nbsp;&nbsp;&nbsp;&nbsp;&nbsp;&nbsp; MADDE 10 &ndash;<\/span><\/strong><\/span><span class=\"normal1\"><span style=\"font-size: 9pt\"> SUT&rsquo;un (27) numaral\u0131 maddesine birinci c&uuml;mle olarak &ldquo;Kurum, bu Tebli\u011f h&uuml;k&uuml;mlerinde yapaca\u011f\u0131 de\u011fi\u015fiklikleri genelge ile duyurur.&rdquo; ibaresi eklenmi\u015ftir.&nbsp;&nbsp;&nbsp;&nbsp;&nbsp;&nbsp;&nbsp;&nbsp;&nbsp;&nbsp;&nbsp;&nbsp; <\/span><\/span><\/font><\/p>\n<p style=\"margin: 0cm 0cm 0pt; text-align: justify\" class=\"MsoNormal\"><font face=\"Helvetica\"><span class=\"normal1\"><strong><span style=\"font-size: 9pt\">&nbsp;&nbsp;&nbsp;&nbsp;&nbsp;&nbsp;&nbsp;&nbsp;&nbsp;&nbsp;&nbsp;&nbsp; MADDE 11 &ndash;<\/span><\/strong><\/span><span class=\"normal1\"><span style=\"font-size: 9pt\"> Bu Tebli\u011fin ekinde yer alan (1) numaral\u0131 liste, SUT ekine &ldquo;EK-1&rdquo; olarak ilave edilmi\u015ftir.<\/span><\/span><\/font><\/p>\n<p style=\"margin: 0cm 0cm 0pt; text-align: justify\" class=\"MsoNormal\"><font face=\"Helvetica\"><span class=\"normal1\"><strong><span style=\"font-size: 9pt\">&nbsp;&nbsp;&nbsp;&nbsp;&nbsp;&nbsp;&nbsp;&nbsp;&nbsp;&nbsp;&nbsp;&nbsp; MADDE 12 &ndash;<\/span><\/strong><\/span><span class=\"normal1\"><span style=\"font-size: 9pt\"> SUT eki EK-2\/A Listesinde, bu Tebli\u011f eki (2) numaral\u0131 Listede belirtilen d&uuml;zenlemeler yap\u0131lm\u0131\u015ft\u0131r.<\/span><\/span><\/font><\/p>\n<p style=\"margin: 0cm 0cm 0pt; text-align: justify\" class=\"MsoNormal\"><font face=\"Helvetica\"><span class=\"normal1\"><strong><span style=\"font-size: 9pt\">&nbsp;&nbsp;&nbsp;&nbsp;&nbsp;&nbsp;&nbsp;&nbsp;&nbsp;&nbsp;&nbsp;&nbsp; MADDE 13 &ndash;<\/span><\/strong><\/span><span class=\"normal1\"><span style=\"font-size: 9pt\"> SUT eki EK-2\/B Listesinin 39 uncu maddesinde yer alan &ldquo;L-Aspartat&rdquo; ibaresinden sonra gelmek &uuml;zere &ldquo;parenteral formlar\u0131&rdquo; ibaresi eklenmi\u015ftir.<\/span><\/span><\/font><\/p>\n<p style=\"margin: 0cm 0cm 0pt; text-align: justify\" class=\"MsoNormal\"><font face=\"Helvetica\"><span class=\"normal1\"><strong><span style=\"font-size: 9pt\">&nbsp;&nbsp;&nbsp;&nbsp;&nbsp;&nbsp;&nbsp;&nbsp;&nbsp;&nbsp;&nbsp;&nbsp; MADDE 14 &ndash; <\/span><\/strong><\/span><span class=\"normal1\"><span style=\"font-size: 9pt\">SUT eki EK-2\/D Listesine yap\u0131lan d&uuml;zenlemeler a\u015fa\u011f\u0131da belirtilmi\u015ftir.<\/span><\/span><\/font><\/p>\n<p style=\"margin: 0cm 0cm 0pt; text-align: justify\" class=\"MsoNormal\"><span class=\"normal1\"><span style=\"font-size: 9pt\"><font face=\"Helvetica\">&nbsp;&nbsp;&nbsp;&nbsp;&nbsp;&nbsp;&nbsp;&nbsp;&nbsp;&nbsp;&nbsp;&nbsp; a) Bu Tebli\u011f eki (3) numaral\u0131 listede yer alan ila&ccedil;lar SUT eki EK-2\/D Listesine eklenmi\u015ftir.<\/font><\/span><\/span><\/p>\n<p style=\"margin: 0cm 0cm 0pt; text-align: justify\" class=\"MsoNormal\"><span class=\"normal1\"><span style=\"font-size: 9pt\"><font face=\"Helvetica\">&nbsp;&nbsp;&nbsp;&nbsp;&nbsp;&nbsp;&nbsp;&nbsp;&nbsp;&nbsp;&nbsp;&nbsp; b) SUT eki EK-2\/D Listesinde bu Tebli\u011f eki (4) numaral\u0131 listede yer alan de\u011fi\u015fiklikler yap\u0131lm\u0131\u015ft\u0131r.<\/font><\/span><\/span><\/p>\n<p style=\"margin: 0cm 0cm 0pt; text-align: justify\" class=\"MsoNormal\"><font face=\"Helvetica\"><span class=\"normal1\"><strong><span style=\"font-size: 9pt\">&nbsp;&nbsp;&nbsp;&nbsp;&nbsp;&nbsp;&nbsp;&nbsp;&nbsp;&nbsp;&nbsp;&nbsp; MADDE 15 &ndash;<\/span><\/strong><\/span><span class=\"normal1\"><span style=\"font-size: 9pt\"> SUT eki EK-5\/C Listesinde yer alan &ldquo;211.700&rdquo;, &ldquo;211.800&rdquo; ve &ldquo;211.802&rdquo; kod numaral\u0131 i\u015flemlerin &ldquo;F&rdquo; s&uuml;tununda yer alan &ldquo;***&rdquo; ibareleri &ccedil;\u0131kar\u0131lm\u0131\u015ft\u0131r. <\/span><\/span><\/font><\/p>\n<p style=\"margin: 0cm 0cm 0pt; text-align: justify\" class=\"MsoNormal\"><font face=\"Helvetica\"><span class=\"normal1\"><strong><span style=\"font-size: 9pt\">&nbsp;&nbsp;&nbsp;&nbsp;&nbsp;&nbsp;&nbsp;&nbsp;&nbsp;&nbsp;&nbsp;&nbsp; MADDE 16 &ndash;<\/span><\/strong><\/span><span class=\"normal1\"><span style=\"font-size: 9pt\"> SUT eki EK-8 Listesinde yap\u0131lan d&uuml;zenlemeler a\u015fa\u011f\u0131da belirtilmi\u015ftir.<\/span><\/span><\/font><\/p>\n<p style=\"margin: 0cm 0cm 0pt; text-align: justify\" class=\"MsoNormal\"><span class=\"normal1\"><span style=\"font-size: 9pt\"><font face=\"Helvetica\">&nbsp;&nbsp;&nbsp;&nbsp;&nbsp;&nbsp;&nbsp;&nbsp;&nbsp;&nbsp;&nbsp;&nbsp; a) &ldquo;E&rdquo; s&uuml;tunu listeden &ccedil;\u0131kar\u0131lm\u0131\u015ft\u0131r.<\/font><\/span><\/span><\/p>\n<p style=\"margin: 0cm 0cm 0pt; text-align: justify\" class=\"MsoNormal\"><span class=\"normal1\"><span style=\"font-size: 9pt\"><font face=\"Helvetica\">&nbsp;&nbsp;&nbsp;&nbsp;&nbsp;&nbsp;&nbsp;&nbsp;&nbsp;&nbsp;&nbsp;&nbsp; b) &ldquo;801.591&rdquo; kod numaral\u0131 i\u015flemin &ldquo;A&Ccedil;IKLAMA&rdquo; ba\u015fl\u0131kl\u0131 b&ouml;l&uuml;m&uuml;nde yer alan &ldquo;en fazla y\u0131lda iki kez&rdquo; ibaresi &ccedil;\u0131kar\u0131lm\u0131\u015ft\u0131r.<\/font><\/span><\/span><\/p>\n<p style=\"margin: 0cm 0cm 0pt; text-align: justify\" class=\"MsoNormal\"><span class=\"normal1\"><span style=\"font-size: 9pt\"><font face=\"Helvetica\">&nbsp;&nbsp;&nbsp;&nbsp;&nbsp;&nbsp;&nbsp;&nbsp;&nbsp;&nbsp;&nbsp;&nbsp; c) &ldquo;4436&rdquo; s\u0131ra numaras\u0131nda yer alan &ldquo;Gaitada gizli kan aranmas\u0131 (tarama ama&ccedil;l\u0131)&rdquo; i\u015fleminin kodu &ldquo;905.932&rdquo; olarak de\u011fi\u015ftirilmi\u015ftir.<\/font><\/span><\/span><\/p>\n<p style=\"margin: 0cm 0cm 0pt; text-align: justify\" class=\"MsoNormal\"><span class=\"normal1\"><span style=\"font-size: 9pt\"><font face=\"Helvetica\">&nbsp;&nbsp;&nbsp;&nbsp;&nbsp;&nbsp;&nbsp;&nbsp;&nbsp;&nbsp;&nbsp;&nbsp; d) &ldquo;702.760&rdquo; kodlu i\u015fleminin a&ccedil;\u0131klama k\u0131sm\u0131ndaki &ldquo;N&ouml;ropsikolojik test bataryas\u0131 ile faturalanmaz&rdquo; ibaresi &ccedil;\u0131kar\u0131lm\u0131\u015ft\u0131r.<\/font><\/span><\/span><\/p>\n<p style=\"margin: 0cm 0cm 0pt; text-align: justify\" class=\"MsoNormal\"><span class=\"normal1\"><span style=\"font-size: 9pt\"><font face=\"Helvetica\">&nbsp;&nbsp;&nbsp;&nbsp;&nbsp;&nbsp;&nbsp;&nbsp;&nbsp;&nbsp;&nbsp;&nbsp; e) Sa\u011fl\u0131k Hizmetleri Fiyatland\u0131rma Komisyonu karar\u0131 do\u011frultusunda fiyat de\u011fi\u015fikli\u011fi yap\u0131lan kodlar ve yeni fiyatlar, bu Tebli\u011f ekinde yer alan (5) numaral\u0131 listede belirtilmi\u015ftir.<\/font><\/span><\/span><\/p>\n<p style=\"margin: 0cm 0cm 0pt; text-align: justify\" class=\"MsoNormal\"><span class=\"normal1\"><span style=\"font-size: 9pt\"><font face=\"Helvetica\">&nbsp;&nbsp;&nbsp;&nbsp;&nbsp;&nbsp;&nbsp;&nbsp;&nbsp;&nbsp;&nbsp;&nbsp; f) &ldquo;612651&rdquo;, &ldquo;612710&rdquo;, &ldquo;612720&rdquo;, &ldquo;612730&rdquo;, &ldquo;612740&rdquo;, &ldquo;612760&rdquo;, &ldquo;612770&rdquo;, &ldquo;612810&rdquo;, &ldquo;612820&rdquo;, &ldquo;612830&rdquo;, &ldquo;612840&rdquo;, &ldquo;612850&rdquo; ve &ldquo;612860&rdquo; kod numaral\u0131 i\u015flemlerin &ldquo;A&Ccedil;IKLAMA&rdquo; ba\u015fl\u0131kl\u0131 b&ouml;l&uuml;mleri bu Tebli\u011f eki (6) numaral\u0131 listede belirtildi\u011fi \u015fekilde de\u011fi\u015ftirilmi\u015ftir.<\/font><\/span><\/span><\/p>\n<p style=\"margin: 0cm 0cm 0pt; text-align: justify\" class=\"MsoNormal\"><span class=\"normal1\"><span style=\"font-size: 9pt\"><font face=\"Helvetica\">&nbsp;&nbsp;&nbsp;&nbsp;&nbsp;&nbsp;&nbsp;&nbsp;&nbsp;&nbsp;&nbsp;&nbsp; g) &ldquo;610.820&rdquo; kod numaras\u0131 ile yer alan &ldquo;ESWT&rdquo; i\u015fleminin &ldquo;A&Ccedil;IKLAMA&rdquo; ba\u015fl\u0131kl\u0131 b&ouml;l&uuml;m&uuml;ne &ldquo;Sadece epin calcanei, plantar fasiit, epikondilitler ve calsifik tendinitlerde kullan\u0131labilir. Di\u011fer fizik tedavi ve rehabilitasyon uygulamalar\u0131 ile birlikte fatura edilemez.&rdquo; ibaresi eklenmi\u015ftir.&nbsp; <\/font><\/span><\/span><\/p>\n<p style=\"margin: 0cm 0cm 0pt; text-align: justify\" class=\"MsoNormal\"><span class=\"normal1\"><span style=\"font-size: 9pt\"><font face=\"Helvetica\">&nbsp;&nbsp;&nbsp;&nbsp;&nbsp;&nbsp;&nbsp;&nbsp;&nbsp;&nbsp;&nbsp;&nbsp; \u011f) &ldquo;701.610&rdquo;, &ldquo;701.620&rdquo;, &ldquo;701.650&rdquo;, &ldquo;701.690&rdquo;, &ldquo;701.720&rdquo; ve &ldquo;701.730&rdquo; kod numaral\u0131 i\u015flemlerin &ldquo;A&Ccedil;IKLAMA&rdquo; ba\u015fl\u0131kl\u0131 b&ouml;l&uuml;m&uuml;ne &ldquo;spor hekimi&rdquo; ibaresi eklenmi\u015ftir.<\/font><\/span><\/span><\/p>\n<p style=\"margin: 0cm 0cm 0pt; text-align: justify\" class=\"MsoNormal\"><span class=\"normal1\"><span style=\"font-size: 9pt\"><font face=\"Helvetica\">&nbsp;&nbsp;&nbsp;&nbsp;&nbsp;&nbsp;&nbsp;&nbsp;&nbsp;&nbsp;&nbsp;&nbsp; h) &ldquo;7.5. F\u0130Z\u0130K TEDAV\u0130 VE REHAB\u0130L\u0130TASYON&rdquo; ba\u015fl\u0131\u011f\u0131 alt\u0131nda yer alan &ldquo;Fizik tedavi uygulamalar\u0131&rdquo; ba\u015fl\u0131kl\u0131 k\u0131sm\u0131n &ldquo;A&Ccedil;IKLAMA&rdquo; b&ouml;l&uuml;m&uuml;ne &ldquo;701.740, 701.770, 701.830, 701.880, 701.890, 701.900, 701.910, 701.950, 701.960, 701.970, 701.990 kod numaral\u0131 i\u015flemler, spor hekimleri taraf\u0131ndan yap\u0131lmas\u0131 halinde de faturaland\u0131r\u0131labilir.&rdquo; ibaresi eklenmi\u015ftir. <\/font><\/span><\/span><\/p>\n<p style=\"margin: 0cm 0cm 0pt; text-align: justify\" class=\"MsoNormal\"><span class=\"normal1\"><span style=\"font-size: 9pt\"><font face=\"Helvetica\">&nbsp;&nbsp;&nbsp;&nbsp;&nbsp;&nbsp;&nbsp;&nbsp;&nbsp;&nbsp;&nbsp;&nbsp; \u0131) &ldquo;7.5. F\u0130Z\u0130K TEDAV\u0130 VE REHAB\u0130L\u0130TASYON&rdquo; ba\u015fl\u0131\u011f\u0131 alt\u0131nda yer alan &ldquo;Hidroterapi-Balneoterapi&rdquo; ba\u015fl\u0131kl\u0131 k\u0131sm\u0131 &ldquo;A&Ccedil;IKLAMA&rdquo; b&ouml;l&uuml;m&uuml;ne &ldquo;702.030, 702.040, 702.080 kod numaral\u0131 i\u015flemler, spor hekimleri taraf\u0131ndan yap\u0131lmas\u0131 halinde de faturaland\u0131r\u0131labilir.&rdquo; ibaresi eklenmi\u015ftir.<\/font><\/span><\/span><\/p>\n<p style=\"margin: 0cm 0cm 0pt; text-align: justify\" class=\"MsoNormal\"><span class=\"normal1\"><span style=\"font-size: 9pt\"><font face=\"Helvetica\">&nbsp;&nbsp;&nbsp;&nbsp;&nbsp;&nbsp;&nbsp;&nbsp;&nbsp;&nbsp;&nbsp;&nbsp; i) &ldquo;7.5. F\u0130Z\u0130K TEDAV\u0130 VE REHAB\u0130L\u0130TASYON&rdquo; ba\u015fl\u0131\u011f\u0131 alt\u0131nda yer alan &ldquo;Rehabilitasyon uygulamalar\u0131&rdquo; ba\u015fl\u0131kl\u0131 k\u0131sm\u0131 &ldquo;A&Ccedil;IKLAMA&rdquo; b&ouml;l&uuml;m&uuml;ne &ldquo;702.130, 702.140, 702.170, 702.210, 702.230, 702.270, 702.310, 702.400, 702.410, 702.490 kod numaral\u0131 i\u015flemler, spor hekimleri taraf\u0131ndan yap\u0131lmas\u0131 halinde de faturaland\u0131r\u0131labilir.&rdquo; ibaresi eklenmi\u015ftir.<\/font><\/span><\/span><\/p>\n<p style=\"margin: 0cm 0cm 0pt; text-align: justify\" class=\"MsoNormal\"><font face=\"Helvetica\"><span class=\"normal1\"><strong><span style=\"font-size: 9pt\">&nbsp;&nbsp;&nbsp;&nbsp;&nbsp;&nbsp;&nbsp;&nbsp;&nbsp;&nbsp;&nbsp;&nbsp; MADDE 17 &ndash;<\/span><\/strong><\/span><span class=\"normal1\"><span style=\"font-size: 9pt\"> SUT eki EK-8\/B Listesinin (2) numaral\u0131 maddesinin (d) bendi, &ldquo;PET raporlamas\u0131 n&uuml;kleer t\u0131p uzmanlar\u0131nca yap\u0131l\u0131r. PET ile birlikte tan\u0131sal BT yap\u0131lmas\u0131 halinde BT raporlamas\u0131 radyoloji uzman hekimince yap\u0131l\u0131r.&rdquo; \u015feklinde de\u011fi\u015ftirilmi\u015f ve SUT eki EK-8\/C Listesinin (107), (108) ve (109) s\u0131ra numaras\u0131nda yer alan kodlar listeden &ccedil;\u0131kar\u0131lm\u0131\u015ft\u0131r.<\/span><\/span><\/font><\/p>\n<p style=\"margin: 0cm 0cm 0pt; text-align: justify\" class=\"MsoNormal\"><font face=\"Helvetica\"><span class=\"normal1\"><strong><span style=\"font-size: 9pt\">&nbsp;&nbsp;&nbsp;&nbsp;&nbsp;&nbsp;&nbsp;&nbsp;&nbsp;&nbsp;&nbsp;&nbsp; MADDE 18 &ndash;<\/span><\/strong><\/span><span class=\"normal1\"><span style=\"font-size: 9pt\"> SUT eki EK-9 Listesinde yap\u0131lan d&uuml;zenlemeler a\u015fa\u011f\u0131da belirtilmi\u015ftir.<\/span><\/span><\/font><\/p>\n<p style=\"margin: 0cm 0cm 0pt; text-align: justify\" class=\"MsoNormal\"><span class=\"normal1\"><span style=\"font-size: 9pt\"><font face=\"Helvetica\">&nbsp;&nbsp;&nbsp;&nbsp;&nbsp;&nbsp;&nbsp;&nbsp;&nbsp;&nbsp;&nbsp;&nbsp; a) Listenin sonunda yer alan &ldquo;NOT: &Uuml;niversite hastaneleri ile e\u011fitim ve ara\u015ft\u0131rma hastanelerinde sadece yan\u0131nda (*) i\u015fareti olan paket i\u015flemler uygulanacak ve faturaland\u0131rmada bu listede yer alan bu fiyatlara %10 ilave edilecektir.&rdquo; ibaresi &ccedil;\u0131kar\u0131lm\u0131\u015ft\u0131r.<\/font><\/span><\/span><\/p>\n<p style=\"margin: 0cm 0cm 0pt; text-align: justify\" class=\"MsoNormal\"><span class=\"normal1\"><span style=\"font-size: 9pt\"><font face=\"Helvetica\">&nbsp;&nbsp;&nbsp;&nbsp;&nbsp;&nbsp;&nbsp;&nbsp;&nbsp;&nbsp;&nbsp;&nbsp; b) Sa\u011fl\u0131k Hizmetleri Fiyatland\u0131rma Komisyonu karar\u0131 do\u011frultusunda fiyat de\u011fi\u015fikli\u011fi yap\u0131lan kodlar ve yeni fiyatlar\u0131 bu Tebli\u011f ekinde yer alan (7) numaral\u0131 listede belirtilmi\u015ftir.<\/font><\/span><\/span><\/p>\n<p style=\"margin: 0cm 0cm 0pt; text-align: justify\" class=\"MsoNormal\"><span class=\"normal1\"><span style=\"font-size: 9pt\"><font face=\"Helvetica\">&nbsp;&nbsp;&nbsp;&nbsp;&nbsp;&nbsp;&nbsp;&nbsp;&nbsp;&nbsp;&nbsp;&nbsp; c) &ldquo;P915001, P915011 ve P915021&rdquo; kod numaral\u0131 i\u015flemlerin &ldquo;\u0130\u015eLEM ADI&rdquo; ba\u015fl\u0131kl\u0131 b&ouml;l&uuml;mlerinde yer alan &ldquo;ayaktan&rdquo; ibareleri &ccedil;\u0131kar\u0131lm\u0131\u015ft\u0131r.<\/font><\/span><\/span><\/p>\n<p style=\"margin: 0cm 0cm 0pt; text-align: justify\" class=\"MsoNormal\"><span class=\"normal1\"><span style=\"font-size: 9pt\"><font face=\"Helvetica\">&nbsp;&nbsp;&nbsp;&nbsp;&nbsp;&nbsp;&nbsp;&nbsp;&nbsp;&nbsp;&nbsp;&nbsp; d) &ldquo;P612651&rdquo;, &ldquo;P612710&rdquo;, &ldquo;P612720&rdquo;, &ldquo;P612730&rdquo;, &ldquo;P612740&rdquo;, &ldquo;P612760&rdquo;, &ldquo;P612770&rdquo;, &ldquo;P612810&rdquo;, &ldquo;P612820&rdquo;, &ldquo;P612830&rdquo;, &ldquo;P612840&rdquo;, &ldquo;P612850&rdquo; ve &ldquo;P612860&rdquo; kod numaral\u0131 i\u015flemlerin &ldquo;A&Ccedil;IKLAMA&rdquo; ba\u015fl\u0131kl\u0131 b&ouml;l&uuml;mleri bu Tebli\u011f eki (8) numaral\u0131 listede belirtildi\u011fi \u015fekilde de\u011fi\u015ftirilmi\u015ftir.<\/font><\/span><\/span><\/p>\n<p style=\"margin: 0cm 0cm 0pt; text-align: justify\" class=\"MsoNormal\"><font face=\"Helvetica\"><span class=\"normal1\"><strong><span style=\"font-size: 9pt\">&nbsp;&nbsp;&nbsp;&nbsp;&nbsp;&nbsp;&nbsp;&nbsp;&nbsp;&nbsp;&nbsp;&nbsp; MADDE 19 &ndash;<\/span><\/strong><\/span><span class=\"normal1\"><span style=\"font-size: 9pt\"> SUT eki EK-10\/B Listesinde a\u015fa\u011f\u0131da belirtilen d&uuml;zenlemeler yap\u0131lm\u0131\u015ft\u0131r.<\/span><\/span><\/font><\/p>\n<p style=\"margin: 0cm 0cm 0pt; text-align: justify\" class=\"MsoNormal\"><span class=\"normal1\"><span style=\"font-size: 9pt\"><font face=\"Helvetica\">&nbsp;&nbsp;&nbsp;&nbsp;&nbsp;&nbsp;&nbsp;&nbsp;&nbsp;&nbsp;&nbsp;&nbsp; a) Bu Tebli\u011fin ekinde yer alan (9) numaral\u0131 listedeki bran\u015flar ve &ouml;denecek bedeller, SUT eki EK-10\/B Listesine eklenmi\u015ftir. <\/font><\/span><\/span><\/p>\n<p style=\"margin: 0cm 0cm 0pt; text-align: justify\" class=\"MsoNormal\"><span class=\"normal1\"><span style=\"font-size: 9pt\"><font face=\"Helvetica\">&nbsp;&nbsp;&nbsp;&nbsp;&nbsp;&nbsp;&nbsp;&nbsp;&nbsp;&nbsp;&nbsp;&nbsp; b) SUT eki EK-10\/B Listesinde uzmanl\u0131k kodu de\u011fi\u015fen uzmanl\u0131k dallar\u0131 ve yeni kodlar, bu Tebli\u011f eki (10) numaral\u0131 listede belirtilmi\u015ftir.<\/font><\/span><\/span><\/p>\n<p style=\"margin: 0cm 0cm 0pt; text-align: justify\" class=\"MsoNormal\"><font face=\"Helvetica\"><span class=\"normal1\"><strong><span style=\"font-size: 9pt\">&nbsp;&nbsp;&nbsp;&nbsp;&nbsp;&nbsp;&nbsp;&nbsp;&nbsp;&nbsp;&nbsp;&nbsp; MADDE 20 &ndash;<\/span><\/strong><\/span><span class=\"normal1\"><span style=\"font-size: 9pt\"> Bu Tebli\u011fin (2) numaral\u0131 maddesi, (4) numaral\u0131 maddesinin (&ccedil;) bendi, (5) numaral\u0131 maddesi, (7) numaral\u0131 maddesinin (a) bendi, (9) numaral\u0131 maddesinin (d) bendi, (10) numaral\u0131 maddesi, (16) numaral\u0131 maddesinin (e) ve (g) bentleri, (18) numaral\u0131 maddesinin (b) bendi, (19) numaral\u0131 maddesinin (a) bendi bu Tebli\u011fin yay\u0131m\u0131 tarihinde, di\u011fer h&uuml;k&uuml;mleri ise 1\/10\/2008 tarihinden itibaren ge&ccedil;erli olmak &uuml;zere bu Tebli\u011fin yay\u0131m\u0131 tarihinde y&uuml;r&uuml;rl&uuml;\u011fe girer.<\/span><\/span><\/font><\/p>\n<p style=\"margin: 0cm 0cm 0pt; text-align: justify\" class=\"MsoNormal\"><font face=\"Helvetica\"><span class=\"normal1\"><strong><span style=\"font-size: 9pt\">&nbsp;&nbsp;&nbsp;&nbsp;&nbsp;&nbsp;&nbsp;&nbsp;&nbsp;&nbsp;&nbsp;&nbsp; MADDE 21 &ndash;<\/span><\/strong><\/span><span class=\"normal1\"><span style=\"font-size: 9pt\"> Bu Tebli\u011f h&uuml;k&uuml;mlerini Sosyal G&uuml;venlik Kurumu Ba\u015fkan\u0131 y&uuml;r&uuml;t&uuml;r.<\/span><\/span><\/font><\/p>\n<p><span class=\"normal1\"><span style=\"font-size: 9pt\"><\/p>\n<p>&nbsp;<\/p>\n<p><\/span><\/span><\/p>\n<table border=\"0\" cellspacing=\"0\" cellpadding=\"0\" class=\"MsoNormalTable\" style=\"width: 431px; border-collapse: collapse; height: 92px\">\n<tbody>\n<tr style=\"height: 14.2pt\">\n<td colspan=\"2\" width=\"592\" style=\"padding-right: 5.4pt; padding-left: 5.4pt; padding-bottom: 0cm; width: 443.65pt; padding-top: 0cm; height: 14.2pt; background-color: transparent; border-color: #ece9d8\">\n<p style=\"margin: 0cm 0cm 0pt\" class=\"MsoNormal\"><span style=\"font-size: 8pt; font-family: &#39;Arial&#39;,&#39;sans-serif&#39;\">Listeler \u0130&ccedil;in T\u0131klay\u0131n\u0131z<\/span><\/p>\n<\/td>\n<\/tr>\n<tr style=\"height: 14.2pt\">\n<td width=\"66\" style=\"padding-right: 5.4pt; padding-left: 5.4pt; padding-bottom: 0cm; width: 49.4pt; padding-top: 0cm; height: 14.2pt; background-color: transparent; border-color: #ece9d8\">\n<p style=\"margin: 0cm 0cm 0pt\" class=\"MsoNormal\"><span style=\"font-size: 8pt; font-family: &#39;Arial&#39;,&#39;sans-serif&#39;\"><a href=\"http:\/\/rega.basbakanlik.gov.tr\/eskiler\/2008\/10\/20081022-12-1.doc\" target=\"_blank\"><font color=\"#800080\"><u>Liste 1<\/u><\/font><\/a><\/span><\/p>\n<\/td>\n<td width=\"526\" style=\"padding-right: 5.4pt; padding-left: 5.4pt; padding-bottom: 0cm; width: 394.25pt; padding-top: 0cm; height: 14.2pt; background-color: transparent; border-color: #ece9d8\">\n<p style=\"margin: 0cm 0cm 0pt\" class=\"MsoNormal\"><span style=\"font-size: 8pt; font-family: &#39;Arial&#39;,&#39;sans-serif&#39;\"><a href=\"http:\/\/rega.basbakanlik.gov.tr\/eskiler\/2008\/10\/20081022-12-6.xls\" target=\"_blank\"><font color=\"#0000ff\"><u>Liste 6<\/u><\/font><\/a><\/span><\/p>\n<\/td>\n<\/tr>\n<tr style=\"height: 14.2pt\">\n<td width=\"66\" style=\"padding-right: 5.4pt; padding-left: 5.4pt; padding-bottom: 0cm; width: 49.4pt; padding-top: 0cm; height: 14.2pt; background-color: transparent; border-color: #ece9d8\">\n<p style=\"margin: 0cm 0cm 0pt\" class=\"MsoNormal\"><span style=\"font-size: 8pt; font-family: &#39;Arial&#39;,&#39;sans-serif&#39;\"><a href=\"http:\/\/rega.basbakanlik.gov.tr\/eskiler\/2008\/10\/20081022-12-2.doc\" target=\"_blank\"><font color=\"#0000ff\"><u>Liste 2<\/u><\/font><\/a><\/span><\/p>\n<\/td>\n<td width=\"526\" style=\"padding-right: 5.4pt; padding-left: 5.4pt; padding-bottom: 0cm; width: 394.25pt; padding-top: 0cm; height: 14.2pt; background-color: transparent; border-color: #ece9d8\">\n<p style=\"margin: 0cm 0cm 0pt\" class=\"MsoNormal\"><span style=\"font-size: 8pt; font-family: &#39;Arial&#39;,&#39;sans-serif&#39;\"><a href=\"http:\/\/rega.basbakanlik.gov.tr\/eskiler\/2008\/10\/20081022-12-7.xls\" target=\"_blank\"><font color=\"#0000ff\"><u>Liste 7<\/u><\/font><\/a><\/span><\/p>\n<\/td>\n<\/tr>\n<tr style=\"height: 14.2pt\">\n<td width=\"66\" style=\"padding-right: 5.4pt; padding-left: 5.4pt; padding-bottom: 0cm; width: 49.4pt; padding-top: 0cm; height: 14.2pt; background-color: transparent; border-color: #ece9d8\">\n<p style=\"margin: 0cm 0cm 0pt\" class=\"MsoNormal\"><span style=\"font-size: 8pt; font-family: &#39;Arial&#39;,&#39;sans-serif&#39;\"><a href=\"http:\/\/rega.basbakanlik.gov.tr\/eskiler\/2008\/10\/20081022-12-3.xls\" target=\"_blank\"><font color=\"#0000ff\"><u>Liste 3<\/u><\/font><\/a><\/span><\/p>\n<\/td>\n<td width=\"526\" style=\"padding-right: 5.4pt; padding-left: 5.4pt; padding-bottom: 0cm; width: 394.25pt; padding-top: 0cm; height: 14.2pt; background-color: transparent; border-color: #ece9d8\">\n<p style=\"margin: 0cm 0cm 0pt\" class=\"MsoNormal\"><span style=\"font-size: 8pt; font-family: &#39;Arial&#39;,&#39;sans-serif&#39;\"><a href=\"http:\/\/rega.basbakanlik.gov.tr\/eskiler\/2008\/10\/20081022-12-8.xls\" target=\"_blank\"><font color=\"#0000ff\"><u>Liste 8<\/u><\/font><\/a><\/span><\/p>\n<\/td>\n<\/tr>\n<tr style=\"height: 14.2pt\">\n<td width=\"66\" style=\"padding-right: 5.4pt; padding-left: 5.4pt; padding-bottom: 0cm; width: 49.4pt; padding-top: 0cm; height: 14.2pt; background-color: transparent; border-color: #ece9d8\">\n<p style=\"margin: 0cm 0cm 0pt\" class=\"MsoNormal\"><span style=\"font-size: 8pt; font-family: &#39;Arial&#39;,&#39;sans-serif&#39;\"><a href=\"http:\/\/rega.basbakanlik.gov.tr\/eskiler\/2008\/10\/20081022-12-4.xls\" target=\"_blank\"><font color=\"#0000ff\"><u>Liste 4<\/u><\/font><\/a><\/span><\/p>\n<\/td>\n<td width=\"526\" style=\"padding-right: 5.4pt; padding-left: 5.4pt; padding-bottom: 0cm; width: 394.25pt; padding-top: 0cm; height: 14.2pt; background-color: transparent; border-color: #ece9d8\">\n<p style=\"margin: 0cm 0cm 0pt\" class=\"MsoNormal\"><span style=\"font-size: 8pt; font-family: &#39;Arial&#39;,&#39;sans-serif&#39;\"><a href=\"http:\/\/rega.basbakanlik.gov.tr\/eskiler\/2008\/10\/20081022-12-9.xls\" target=\"_blank\"><font color=\"#0000ff\"><u>Liste 9<\/u><\/font><\/a><\/span><\/p>\n<\/td>\n<\/tr>\n<tr style=\"height: 14.2pt\">\n<td width=\"66\" style=\"padding-right: 5.4pt; padding-left: 5.4pt; padding-bottom: 0cm; width: 49.4pt; padding-top: 0cm; height: 14.2pt; background-color: transparent; border-color: #ece9d8\">\n<p style=\"margin: 0cm 0cm 0pt\" class=\"MsoNormal\"><span style=\"font-size: 8pt; font-family: &#39;Arial&#39;,&#39;sans-serif&#39;\"><a href=\"http:\/\/rega.basbakanlik.gov.tr\/eskiler\/2008\/10\/20081022-12-5.xls\" target=\"_blank\"><font color=\"#0000ff\"><u>Liste 5<\/u><\/font><\/a><\/span><\/p>\n<\/td>\n<td width=\"526\" style=\"padding-right: 5.4pt; padding-left: 5.4pt; padding-bottom: 0cm; width: 394.25pt; padding-top: 0cm; height: 14.2pt; background-color: transparent; border-color: #ece9d8\">\n<p style=\"margin: 0cm 0cm 0pt\" class=\"MsoNormal\"><span style=\"font-size: 8pt; font-family: &#39;Arial&#39;,&#39;sans-serif&#39;\"><a href=\"http:\/\/rega.basbakanlik.gov.tr\/eskiler\/2008\/10\/20081022-12-10.xls\" target=\"_blank\"><u><font color=\"#0000ff\">Liste 10<\/font><\/u><\/a><\/span><\/p>\n<\/td>\n<\/tr>\n<\/tbody>\n<\/table>\n<\/td>\n<\/tr>\n<\/tbody>\n<\/table>\n<\/div>\n","protected":false},"excerpt":{"rendered":"<p>2008 y\u0131l\u0131 SUT h&uuml;k&uuml;mlerinde &nbsp;yap\u0131lan de\u011fi\u015fikliklerin bildirildi\u011fi &ldquo;2008 Y\u0131l\u0131 Sosyal G&uuml;venlik Kurumu Sa\u011fl\u0131k Uygulama Tebli\u011finde De\u011fi\u015fiklik Yap\u0131lmas\u0131na Dair Tebli\u011f&rdquo; 22&#46;&#46;&#46;<\/p>\n","protected":false},"author":1,"featured_media":0,"comment_status":"closed","ping_status":"closed","sticky":false,"template":"","format":"standard","meta":{"_jetpack_memberships_contains_paid_content":false,"footnotes":""},"categories":[1],"tags":[],"class_list":["post-3455","post","type-post","status-publish","format-standard","hentry","category-ced"],"aioseo_notices":[],"jetpack_featured_media_url":"","jetpack_sharing_enabled":true,"jetpack-related-posts":[],"_links":{"self":[{"href":"http:\/\/www.ced.org.tr\/index.php?rest_route=\/wp\/v2\/posts\/3455","targetHints":{"allow":["GET"]}}],"collection":[{"href":"http:\/\/www.ced.org.tr\/index.php?rest_route=\/wp\/v2\/posts"}],"about":[{"href":"http:\/\/www.ced.org.tr\/index.php?rest_route=\/wp\/v2\/types\/post"}],"author":[{"embeddable":true,"href":"http:\/\/www.ced.org.tr\/index.php?rest_route=\/wp\/v2\/users\/1"}],"replies":[{"embeddable":true,"href":"http:\/\/www.ced.org.tr\/index.php?rest_route=%2Fwp%2Fv2%2Fcomments&post=3455"}],"version-history":[{"count":0,"href":"http:\/\/www.ced.org.tr\/index.php?rest_route=\/wp\/v2\/posts\/3455\/revisions"}],"wp:attachment":[{"href":"http:\/\/www.ced.org.tr\/index.php?rest_route=%2Fwp%2Fv2%2Fmedia&parent=3455"}],"wp:term":[{"taxonomy":"category","embeddable":true,"href":"http:\/\/www.ced.org.tr\/index.php?rest_route=%2Fwp%2Fv2%2Fcategories&post=3455"},{"taxonomy":"post_tag","embeddable":true,"href":"http:\/\/www.ced.org.tr\/index.php?rest_route=%2Fwp%2Fv2%2Ftags&post=3455"}],"curies":[{"name":"wp","href":"https:\/\/api.w.org\/{rel}","templated":true}]}}