{"id":3460,"date":"2008-10-30T12:34:14","date_gmt":"2008-10-30T10:34:14","guid":{"rendered":"http:\/\/www.ced.org.tr\/?p=3460"},"modified":"2008-10-30T12:34:14","modified_gmt":"2008-10-30T10:34:14","slug":"ne-katilim-payiymis","status":"publish","type":"post","link":"http:\/\/www.ced.org.tr\/?p=3460","title":{"rendered":"Ne kat\u0131l\u0131m pay\u0131ym\u0131\u015f!"},"content":{"rendered":"<p><font face=\"Verdana\" size=\"2\" color=\"#295d8c\">AKP&rsquo;nin sa\u011fl\u0131k politikalar\u0131 meyvesini vermeye ba\u015flad\u0131. Muayene sonras\u0131 kontroller bile paral\u0131 hale geldi<\/font><font size=\"+0\"><br \/><\/font><\/p>\n<p>&nbsp;<\/p>\n<p><font size=\"+0\">Sa\u011fl\u0131k alan\u0131nda 1 Ekim&rsquo;den bu yana uygulanan kat\u0131l\u0131m pay\u0131 &uuml;cretinin, kontrole giden hastalardan da al\u0131nd\u0131\u011f\u0131 ortaya &ccedil;\u0131kt\u0131. SSGSS&rsquo;nin uygulamaya girdi\u011fi 1 Ekim&rsquo;den bu yana muayene kat\u0131l\u0131m pay\u0131, sa\u011fl\u0131k alan\u0131ndaki tart\u0131\u015fmalar\u0131n ba\u015f\u0131nda yer almaya devam ediyor. Hastalar, sa\u011fl\u0131k primi &ouml;derken bir de muayene kat\u0131l\u0131m pay\u0131 &ouml;demek zorunda kalmalar\u0131na tepki g&ouml;sterirken, eczac\u0131lar da tahsilat&ccedil;\u0131ya &ccedil;evrilmekten \u015fikayet&ccedil;i.<\/font><\/p>\n<p>&nbsp;<\/p>\n<p><strong>Kontrole gidenden de 10 YTL kesiliyor<br \/><\/strong>&Ouml;zel hastane veya t\u0131p merkezinde tedavi olan bir hasta, 10 g&uuml;n i&ccedil;inde tekrar muayeneye giderse kurum yeni bir &uuml;cret talep etmiyor. Oysa hasta ikinci gidi\u015finde de kurum kay\u0131tlar\u0131na i\u015flendi\u011fi i&ccedil;in vatanda\u015fl\u0131k numaras\u0131na 10 YTL&rsquo;lik devletin kesti\u011fi &lsquo;muayene &uuml;creti&rsquo; bor&ccedil; olarak i\u015fleniyor. Edinilen bilgiye g&ouml;re, Medula sisteminde &lsquo;hasta kontrole girdi&rsquo; diye bir ayr\u0131m olmad\u0131\u011f\u0131 i&ccedil;in doktor ila&ccedil; yazd\u0131\u011f\u0131nda sanki muayene olmu\u015f gibi hastan\u0131n cebinden bir 10 YTL daha &ccedil;\u0131k\u0131yor. Bu uygulamayla vatanda\u015f hastanelere her ad\u0131m at\u0131\u015fta para &ouml;demek zorunda kalacak.<br \/><strong>&nbsp;<\/strong><\/p>\n<p><strong>Muayene &uuml;cretine tepki s&uuml;r&uuml;yor<\/strong><br \/>Sa\u011fl\u0131k primi &ouml;deyen emek&ccedil;ilerin bir de eczanelerde kat\u0131l\u0131m pay\u0131 &ouml;demek zorunda kalmalar\u0131 tepki toplamaya devam ediyor. Bir rahats\u0131zl\u0131\u011f\u0131 dolay\u0131s\u0131yla, ikamet etti\u011fi b&uuml;y&uuml;k\u015fehrin k&uuml;&ccedil;&uuml;k il&ccedil;esinde devlet hastanesi olmad\u0131\u011f\u0131ndan &ouml;zel hastaneye giden Remzi Demir&rsquo;in ba\u015f\u0131na gelenler, sa\u011fl\u0131kta at\u0131lan yeni ad\u0131mlar\u0131n vatanda\u015fa getirdi\u011fi ek maliyeti g&ouml;zler &ouml;n&uuml;ne seriyor. Gitti\u011fi hastanede 10 YTL muayene &uuml;creti &ouml;deyen Demir, doktorun yazd\u0131\u011f\u0131 ila&ccedil;lar\u0131 almaya gidince eczac\u0131 kendisinden bir 10 YTL daha talep edince \u015fa\u015f\u0131rd\u0131\u011f\u0131n\u0131 s&ouml;yl&uuml;yor. Eczac\u0131n\u0131n, kanun gere\u011fi bu rakam\u0131 &lsquo;muayene &uuml;creti&rsquo; olarak tahsil etmeleri gerekti\u011fini, sonra devlete aktaracaklar\u0131n\u0131 anlatt\u0131\u011f\u0131n\u0131 belirten Demir, uzun tart\u0131\u015fmalar\u0131n ard\u0131ndan toplam 6.25 yeni lira tutan ila&ccedil; giderleri ile birlikte eczaneye 16.25 YTL &ouml;dedi\u011fini ifade etti. <br \/>Halk\u0131n, 29 g&uuml;nd&uuml;r uygulanan kat\u0131l\u0131m paylar\u0131yla ilgili \u015fikayetlerine her g&uuml;n bir yenisi ekleniyor. &Ccedil;ift kesintiye tepki g&ouml;steren Remzi Demir, &ldquo;&Ouml;zel hastaneye gitmek zorunda kalan hastalardan neden &ccedil;ift muayene &uuml;creti al\u0131n\u0131yor? Her &ouml;zel hastaneye giden zengin mi zannediliyor? Uygulama y&uuml;z&uuml;nden &ouml;nceden 16.25 yeni lira &ouml;dedi\u011fim muayene ve ila&ccedil; &uuml;creti birden 26.25 YTL&rsquo;ye &ccedil;\u0131kt\u0131&rdquo; ele\u015ftirisinde bulundu. <br \/><strong>&nbsp;<\/strong><\/p>\n<p><strong>Yeniden d&uuml;zenlenmeli<\/strong><br \/>T&uuml;keticiler Birli\u011fi Ba\u015fkan\u0131 Naz\u0131m Kaya da &ccedil;ift &uuml;cret kesintisini ele\u015ftirerek, &ldquo;Vatanda\u015f sa\u011fl\u0131k primi &ouml;d&uuml;yorsa ikinci kez muayene &uuml;creti &ouml;dememeli&rdquo; dedi. Konunun vatanda\u015f lehine yeniden d&uuml;zenlenmesini talep eden T&uuml;keticiler Birli\u011fi Ba\u015fkan\u0131 Kaya, &ldquo;Vatanda\u015f\u0131n ma\u011fduriyeti giderilmeli&rdquo; dedi. <br \/>T&uuml;rk Eczac\u0131lar\u0131 Birli\u011fi Ba\u015fkan\u0131 Erdo\u011fan &Ccedil;olak ise &ouml;zel sa\u011fl\u0131k kurulu\u015flar\u0131nda muayene olan hastalara her seferinde durumu izah etmek zorunda kald\u0131klar\u0131n\u0131 ve bazen tats\u0131z durumlar ya\u015fand\u0131\u011f\u0131n\u0131 aktard\u0131. Hastalarda &lsquo;iki defa kat\u0131l\u0131m pay\u0131 &ouml;dedim&rsquo; izlenimi olu\u015ftu\u011funu ifade eden &Ccedil;olak, eczane taraf\u0131ndan tahsil edilen tutar\u0131n, fatura d&ouml;neminde SGK&rsquo;ya aktar\u0131ld\u0131\u011f\u0131na vurgu yapt\u0131. &Ccedil;olak, eczac\u0131lar olarak muayene katk\u0131 pay\u0131n\u0131n eczanelerden tahsil edilmesi uygulamas\u0131n\u0131 do\u011fru bulmad\u0131klar\u0131n\u0131 da dile getirdi.<\/p>\n","protected":false},"excerpt":{"rendered":"<p>AKP&rsquo;nin sa\u011fl\u0131k politikalar\u0131 meyvesini vermeye ba\u015flad\u0131. Muayene sonras\u0131 kontroller bile paral\u0131 hale geldi &nbsp; Sa\u011fl\u0131k alan\u0131nda 1 Ekim&rsquo;den bu yana&#46;&#46;&#46;<\/p>\n","protected":false},"author":1,"featured_media":0,"comment_status":"closed","ping_status":"closed","sticky":false,"template":"","format":"standard","meta":{"_jetpack_memberships_contains_paid_content":false,"footnotes":""},"categories":[1],"tags":[],"class_list":["post-3460","post","type-post","status-publish","format-standard","hentry","category-ced"],"aioseo_notices":[],"jetpack_featured_media_url":"","jetpack_sharing_enabled":true,"jetpack-related-posts":[],"_links":{"self":[{"href":"http:\/\/www.ced.org.tr\/index.php?rest_route=\/wp\/v2\/posts\/3460","targetHints":{"allow":["GET"]}}],"collection":[{"href":"http:\/\/www.ced.org.tr\/index.php?rest_route=\/wp\/v2\/posts"}],"about":[{"href":"http:\/\/www.ced.org.tr\/index.php?rest_route=\/wp\/v2\/types\/post"}],"author":[{"embeddable":true,"href":"http:\/\/www.ced.org.tr\/index.php?rest_route=\/wp\/v2\/users\/1"}],"replies":[{"embeddable":true,"href":"http:\/\/www.ced.org.tr\/index.php?rest_route=%2Fwp%2Fv2%2Fcomments&post=3460"}],"version-history":[{"count":0,"href":"http:\/\/www.ced.org.tr\/index.php?rest_route=\/wp\/v2\/posts\/3460\/revisions"}],"wp:attachment":[{"href":"http:\/\/www.ced.org.tr\/index.php?rest_route=%2Fwp%2Fv2%2Fmedia&parent=3460"}],"wp:term":[{"taxonomy":"category","embeddable":true,"href":"http:\/\/www.ced.org.tr\/index.php?rest_route=%2Fwp%2Fv2%2Fcategories&post=3460"},{"taxonomy":"post_tag","embeddable":true,"href":"http:\/\/www.ced.org.tr\/index.php?rest_route=%2Fwp%2Fv2%2Ftags&post=3460"}],"curies":[{"name":"wp","href":"https:\/\/api.w.org\/{rel}","templated":true}]}}