{"id":3461,"date":"2008-10-30T12:35:32","date_gmt":"2008-10-30T10:35:32","guid":{"rendered":"http:\/\/www.ced.org.tr\/?p=3461"},"modified":"2008-10-30T12:35:32","modified_gmt":"2008-10-30T10:35:32","slug":"otomotiv-iscilerine-zorunlu-izin","status":"publish","type":"post","link":"http:\/\/www.ced.org.tr\/?p=3461","title":{"rendered":"Otomotiv i\u015f\u00e7ilerine zorunlu izin!"},"content":{"rendered":"<p><font face=\"Verdana\" size=\"2\" color=\"#295d8c\">D&uuml;nyan\u0131n en b&uuml;y&uuml;k otomotiv tekelleri, kriz bahanesiyle i\u015ften atmalara ve &uuml;cretsiz izinlere ba\u015flad\u0131. Bu uygulama binlerce i\u015f&ccedil;iyi ma\u011fdur etti<\/font><font><br \/><\/font><\/p>\n<p>&nbsp;<\/p>\n<p><font>Otomotiv patronlar\u0131, i\u015ften atmalar ve &uuml;cretsiz izinlerle ya\u015fanan krizin faturas\u0131n\u0131 i\u015f&ccedil;ilere kesmeye &ccedil;al\u0131\u015f\u0131yor. &Uuml;retim miktarlar\u0131n\u0131 d&uuml;\u015f&uuml;ren b&uuml;y&uuml;k tekeller, i\u015f&ccedil;ileri zorunlu izine ay\u0131r\u0131yor ve kiral\u0131k i\u015f&ccedil;ileri i\u015ften &ccedil;\u0131kart\u0131yor.<br \/>Alman otomobil ve yan sanayisinde geli\u015fen krizin etkileri her ge&ccedil;en g&uuml;n daha fazla ortaya &ccedil;\u0131k\u0131yor. Almanya&rsquo;n\u0131n ikinci b&uuml;y&uuml;k otomobil tekeli Daimler AG, &uuml;lke i&ccedil;indeki b&uuml;t&uuml;n fabrikalar\u0131n\u0131 d&ouml;rt ila ba\u015f hafta aras\u0131 kapatmak i&ccedil;in i\u015fyeri temsilcilikleriyle g&ouml;r&uuml;\u015fmelerine ba\u015flad\u0131. Tekelin en b&uuml;y&uuml;k fabrikas\u0131 olan Sindelfingen&rsquo;de bu y\u0131l son &ccedil;al\u0131\u015fma g&uuml;n&uuml; 11 Kas\u0131m olacak. 36 bin emek&ccedil;inin &ccedil;al\u0131\u015ft\u0131\u011f\u0131 Sindelfingen&rsquo;de 12 Ocak g&uuml;n&uuml; yeniden &uuml;retime ba\u015flan\u0131lmas\u0131 planlan\u0131yor.<br \/>Edinilen bilgiye &ldquo;uzun Noel tatili&rdquo; sadece Sindelfingen ile s\u0131n\u0131rl\u0131 kalmayacak. Tekel y&ouml;netimi, Almanya&rsquo;daki 14 fabrikan\u0131n hepsinde Noel tatilini uzatmak i&ccedil;in i\u015fyeri temsilcileriyle g&ouml;r&uuml;\u015fmelerini s&uuml;rd&uuml;r&uuml;yor. <br \/>Zorunlu izine g&ouml;nderilen i\u015f&ccedil;ilerin &uuml;cret kayb\u0131 olmayaca\u011f\u0131n\u0131 ileri s&uuml;ren Daimler Personel M&uuml;d&uuml;r&uuml; G&uuml;nther Fleig, &ldquo;150 bine yak\u0131n &ccedil;al\u0131\u015fan\u0131m\u0131z daha &ouml;nce zaman havuzlar\u0131nda biriktirdikleri fazla mesailerini kullanacaklar&rdquo; dedi. Zaman havuzlar\u0131nda fazla mesai bulunmayan i\u015f&ccedil;ilerin ise bu durumda bor&ccedil;lanacaklar\u0131na ise Fleig taraf\u0131ndan de\u011finilmedi.<\/font><\/p>\n<p>&nbsp;<\/p>\n<p><strong>BMW&rsquo;de &uuml;retim durdu<\/strong><br \/>Bu y\u0131l i&ccedil;inde 25 bin adet ara&ccedil; daha az &uuml;retme karar\u0131n\u0131 ge&ccedil;ti\u011fimiz hafta a&ccedil;\u0131klayan BMW ise Leipzig&rsquo;deki fabrikas\u0131n\u0131 d&ouml;rt g&uuml;nl&uuml;\u011f&uuml;ne kapatt\u0131. 2 bin 600 i\u015f&ccedil;inin &ccedil;al\u0131\u015ft\u0131\u011f\u0131 fabrikada &uuml;retim &ouml;nceki g&uuml;n, pazartesi g&uuml;n&uuml;, durdu. BMW y&ouml;netiminin verdi\u011fi bilgiye g&ouml;re Leipzig&rsquo;de d&ouml;rt g&uuml;n i&ccedil;inde 2800 ara&ccedil; &uuml;retilmeyecek.<br \/>Burada da i\u015f&ccedil;ilerin &uuml;cret kayb\u0131 olmayaca\u011f\u0131 ileri s&uuml;r&uuml;l&uuml;rken, i\u015f&ccedil;ilerin zaman havuzlar\u0131na bor&ccedil;lanmas\u0131 g&uuml;ndeme gelece\u011fi bildiriliyor.<\/p>\n<p>&nbsp;<\/p>\n<p>&Uuml;retimi ge&ccedil;ti\u011fimiz haftalarda ara veren Ford ve Opel&rsquo;de ise &ouml;n&uuml;m&uuml;zdeki g&uuml;nlerde ne olaca\u011f\u0131 konusunda net a&ccedil;\u0131klama yap\u0131lm\u0131yor. Ford&rsquo;da bilinen tek \u015fey motor b&ouml;l&uuml;m&uuml;n&uuml;n kas\u0131m ay\u0131ndan itibaren yeni y\u0131la kadar &uuml;retimin duraca\u011f\u0131. Ancak bundan sonra motor b&ouml;l&uuml;m&uuml;n&uuml;n ne olaca\u011f\u0131 konusunda ise net bir a&ccedil;\u0131klama yap\u0131lm\u0131yor.<br \/>Di\u011fer yandan Volkswagen (VW) tekelinde ise kiral\u0131k i\u015f&ccedil;ilere y&ouml;nelik ciddi bir sald\u0131r\u0131 g&uuml;ndemde. Tekelin y&ouml;netimi, Avrupa &ccedil;ap\u0131nda &ccedil;al\u0131\u015ft\u0131rd\u0131\u011f\u0131 25 bin kiral\u0131k i\u015f&ccedil;inin i\u015fine son verece\u011fi haberlerini yalanlamas\u0131na kar\u015f\u0131n fabrikalardaki tedirginlik devam ediyor. Bilindi\u011fi gibi ge&ccedil;ti\u011fimiz hafta FAZ gazetesinde, &ldquo;VW 25 bin kiral\u0131k i\u015f&ccedil;inin i\u015fine son verecek&rdquo; ba\u015fl\u0131kl\u0131 bir haber yay\u0131nlanm\u0131\u015ft\u0131. Bunun &uuml;zerine a&ccedil;\u0131klama yapan VW y&ouml;netimi, &ldquo;Bas\u0131nda &ccedil;\u0131kan haberler do\u011fru de\u011fil, bu y\u0131l sonuna kadar sadece 750 kiral\u0131k i\u015f&ccedil;inin s&ouml;zle\u015fmesi sona eriyor&rdquo; denilmi\u015fti. Ancak a&ccedil;\u0131klama da &ouml;n&uuml;m&uuml;zdeki y\u0131l ne olaca\u011f\u0131 konusunda ise bir bilgi yer almamas\u0131 &ouml;zellikle kiral\u0131k i\u015f&ccedil;iler aras\u0131nda tedirginli\u011fin artmas\u0131na neden oldu.<br \/><strong>&nbsp;<\/strong><\/p>\n<p>&nbsp;<\/p>\n<p><strong>Yan sanayide iflaslar olabilir<\/strong><br \/>Otomobil sekt&ouml;r&uuml;nde &uuml;retime ara verilmesi, &uuml;retim hedeflerinin a\u015fa\u011f\u0131 &ccedil;ekilmesi yan sanayiyi olumsuz etkiliyor. Yakla\u015f\u0131k 350 bin emek&ccedil;inin &ccedil;al\u0131\u015ft\u0131\u011f\u0131 bu i\u015fkolunda, otomobil sekt&ouml;r&uuml;ne ba\u011fl\u0131 olarak &ouml;n&uuml;m&uuml;zdeki haftalarda &uuml;retime ara verilmesi bekleniyor.<br \/>Otomobil yan sanayisinde d&uuml;nyan\u0131n en b&uuml;y&uuml;\u011f&uuml; olan Bosch firmas\u0131, Reutlingen-Rommelsbach ve Reutlingen merkezde &uuml;retimi a\u015fa\u011f\u0131 &ccedil;ekti. Reutlingen-Rommelsbach&rsquo;daki fabrikas\u0131n\u0131 bu hafta kapayan Bosch tekeli, 400 i\u015f&ccedil;iyi eve g&ouml;nderdi. \u0130\u015f&ccedil;ilerin &uuml;cret kayb\u0131 olup olmayaca\u011f\u0131 konusunda bir a&ccedil;\u0131klama yap\u0131lmazken, Reutlingen merkezde bulunan fabrikada vardiya say\u0131s\u0131n\u0131n azalt\u0131ld\u0131\u011f\u0131 a&ccedil;\u0131kland\u0131.<br \/>Otomobil piyasas\u0131 uzmanlar\u0131ndan Ferdinand Dudenh&ouml;fer, Bild gazetesine verdi\u011fi deme&ccedil;te, &ldquo;&Ouml;n&uuml;m&uuml;zdeki y\u0131l i&ccedil;inde yan sanayide ciddi iflaslar\u0131n ya\u015fanmas\u0131n\u0131 bekliyorum&rdquo; dedi. H&uuml;k&uuml;metin otomobil tekellerine ve yan sanayideki firmalara kredi vermesini talep eden Dudenh&ouml;fer, &ldquo;E\u011fer bu ger&ccedil;ekle\u015fmezse otomobil yan sanayisindeki firmalar\u0131n y&uuml;zde 20&rsquo;sinin iflas etmesini bekliyorum&rdquo; dedi.Bunun 50 bin emek&ccedil;inin i\u015fsiz kalaca\u011f\u0131 anlam\u0131na geldi\u011fin s&ouml;yleyen Dudenh&ouml;fer, &ldquo;Bu i\u015fkolunda halen 350 bin ki\u015finin &ccedil;al\u0131\u015ft\u0131\u011f\u0131 g&ouml;z &ouml;n&uuml;ne al\u0131nd\u0131\u011f\u0131nda bunun &ccedil;ok ciddi bir rakam oldu\u011fu g&ouml;r&uuml;l&uuml;yor&rdquo; dedi. (K&ouml;ln\/EVRENSEL)<\/p>\n<p>&nbsp;<\/p>\n<hr \/>\n<p><font><\/font><\/p>\n<p><font><strong>Whirlpool da i\u015f&ccedil;i k\u0131y\u0131m\u0131na gidiyor<\/strong><br \/>ABD&rsquo;li beyaz e\u015fya devi Whirlpool, k&uuml;resel finansal kriz ve Kuzey Amerika ile Avrupa&rsquo;da talebin d&uuml;\u015fmeye devam edece\u011fi beklentisi nedeniyle 2009 y\u0131l\u0131 sonuna kadar 5 bin ki\u015fiyi i\u015ften &ccedil;\u0131karacak.<br \/>Whirlpool Ba\u015fkan\u0131 ve CEO&rsquo;su Jeff M. Fettig, yapt\u0131\u011f\u0131 a&ccedil;\u0131klamada, k&uuml;resel kredi krizinin, yava\u015flayan ve &ccedil;ok k\u0131r\u0131lgan k&uuml;resel ekonomi &uuml;zerinde olumsuz etkisi oldu\u011funu belirtti. Fettig, hane halklar\u0131n\u0131n gelirinin d&uuml;\u015fmesi, artan i\u015fsizlik ve d&uuml;\u015f&uuml;k t&uuml;ketici g&uuml;veni y&uuml;z&uuml;nden gelecek y\u0131l\u0131n ortas\u0131na kadar olumsuz talebin s&uuml;rmesini beklediklerini a&ccedil;\u0131klad\u0131.<br \/>Fettig, &ldquo;\u0130\u015f&ccedil;i azaltmak ve tesis kapatmak kararlar\u0131 &ccedil;ok zor olsa bile maliyet etkin i\u015f yap\u0131s\u0131 yaratmak i&ccedil;in bunlar gerekli&rdquo; dedi. D&uuml;nya &ccedil;ap\u0131nda 73 bin ki\u015fiyi istihdam eden \u015firket, ocak ay\u0131ndan bu yana ABD ve Meksika&rsquo;da 4 fabrika kapatt\u0131 ve 2 bin i\u015f&ccedil;i &ccedil;\u0131kard\u0131. <br \/>ABD&rsquo;de bir fabrikay\u0131 kapataca\u011f\u0131n\u0131 ve bir fabrikada vardiya de\u011fi\u015fikli\u011fine giderek istihdam\u0131n\u0131 500 ki\u015fi azaltaca\u011f\u0131n\u0131, Kuzey Amerika&rsquo;da 500 ve &ccedil;o\u011fu Avrupa&rsquo;da olmak &uuml;zere deniz a\u015f\u0131r\u0131 &uuml;lkelerde de 1900 ki\u015fiyi i\u015ften &ccedil;\u0131karaca\u011f\u0131n\u0131 belirtti. Whirlpool, yeniden yap\u0131lanma maliyetlerinin yakla\u015f\u0131k 170 milyon dolar olmas\u0131n\u0131 bekledi\u011fini de kaydetti.<br \/>Bu arada \u015firketin &uuml;&ccedil;&uuml;nc&uuml; &ccedil;eyrek k&acirc;r\u0131 y&uuml;zde 7 azald\u0131. Bu y\u0131l &uuml;&ccedil;&uuml;nc&uuml; &ccedil;eyrekte k&acirc;r\u0131n\u0131n 163 milyon dolar oldu\u011funu a&ccedil;\u0131klayan \u015firketin, ge&ccedil;en y\u0131l ayn\u0131 d&ouml;nemde k&acirc;r\u0131 175 milyon dolard\u0131. \u015eirketin ge&ccedil;en y\u0131l 4.8 milyar dolar olan geliri de 100 milyon dolarl\u0131k art\u0131\u015fla 4.9 milyar dolar oldu.<br \/><\/font><\/p>\n<p>&nbsp;<\/p>\n<hr \/>\n<p><font><\/font><\/p>\n<p><font><strong>WAZ i\u015f&ccedil;i atacak<\/strong><br \/>West Deutsche Zeitung (WAZ) Medya Grubu, mali sorunlar\u0131 oldu\u011funu belirterek 300 &ccedil;al\u0131\u015fan\u0131n i\u015fine son verilebilece\u011fini a&ccedil;\u0131klad\u0131.<br \/>Grup s&ouml;zc&uuml;s&uuml; Bodo Hombach, yay\u0131nlanan d&ouml;rt gazete ile ilgili olarak 30 milyon avro tasarruf yap\u0131lmas\u0131n\u0131n zorunlu oldu\u011funu, bu ama&ccedil;la personel say\u0131s\u0131nda yo\u011fun bir azaltmaya gidilece\u011fini s&ouml;yledi. Hombach, bir i\u015fveren dan\u0131\u015fma kurulu\u015funun g&ouml;revlendirildi\u011fini, bunun verece\u011fi rapor sonras\u0131 \u0130\u015fyeri Temsilcili\u011fi (BR) ile g&ouml;r&uuml;\u015f&uuml;lece\u011fi ve tasarruf plan\u0131n\u0131n uygulanaca\u011f\u0131n\u0131 ifade etti. <br \/>WAZ Grubu&rsquo;nun plan\u0131nda, baz\u0131 b&ouml;lgesel redaksiyonlar\u0131n kapat\u0131lmas\u0131 veya birle\u015ftirilmesi sonucu 300 ki\u015finin i\u015ften &ccedil;\u0131kar\u0131lmas\u0131 &ouml;ng&ouml;r&uuml;l&uuml;yor. <\/font><\/p>\n","protected":false},"excerpt":{"rendered":"<p>D&uuml;nyan\u0131n en b&uuml;y&uuml;k otomotiv tekelleri, kriz bahanesiyle i\u015ften atmalara ve &uuml;cretsiz izinlere ba\u015flad\u0131. Bu uygulama binlerce i\u015f&ccedil;iyi ma\u011fdur etti &nbsp;&#46;&#46;&#46;<\/p>\n","protected":false},"author":1,"featured_media":0,"comment_status":"closed","ping_status":"closed","sticky":false,"template":"","format":"standard","meta":{"_jetpack_memberships_contains_paid_content":false,"footnotes":""},"categories":[1],"tags":[],"class_list":["post-3461","post","type-post","status-publish","format-standard","hentry","category-ced"],"aioseo_notices":[],"jetpack_featured_media_url":"","jetpack_sharing_enabled":true,"jetpack-related-posts":[],"_links":{"self":[{"href":"http:\/\/www.ced.org.tr\/index.php?rest_route=\/wp\/v2\/posts\/3461","targetHints":{"allow":["GET"]}}],"collection":[{"href":"http:\/\/www.ced.org.tr\/index.php?rest_route=\/wp\/v2\/posts"}],"about":[{"href":"http:\/\/www.ced.org.tr\/index.php?rest_route=\/wp\/v2\/types\/post"}],"author":[{"embeddable":true,"href":"http:\/\/www.ced.org.tr\/index.php?rest_route=\/wp\/v2\/users\/1"}],"replies":[{"embeddable":true,"href":"http:\/\/www.ced.org.tr\/index.php?rest_route=%2Fwp%2Fv2%2Fcomments&post=3461"}],"version-history":[{"count":0,"href":"http:\/\/www.ced.org.tr\/index.php?rest_route=\/wp\/v2\/posts\/3461\/revisions"}],"wp:attachment":[{"href":"http:\/\/www.ced.org.tr\/index.php?rest_route=%2Fwp%2Fv2%2Fmedia&parent=3461"}],"wp:term":[{"taxonomy":"category","embeddable":true,"href":"http:\/\/www.ced.org.tr\/index.php?rest_route=%2Fwp%2Fv2%2Fcategories&post=3461"},{"taxonomy":"post_tag","embeddable":true,"href":"http:\/\/www.ced.org.tr\/index.php?rest_route=%2Fwp%2Fv2%2Ftags&post=3461"}],"curies":[{"name":"wp","href":"https:\/\/api.w.org\/{rel}","templated":true}]}}