{"id":3462,"date":"2008-10-30T12:48:31","date_gmt":"2008-10-30T10:48:31","guid":{"rendered":"http:\/\/www.ced.org.tr\/?p=3462"},"modified":"2008-10-30T12:48:31","modified_gmt":"2008-10-30T10:48:31","slug":"krizin-faturasini-emekci-odemez","status":"publish","type":"post","link":"http:\/\/www.ced.org.tr\/?p=3462","title":{"rendered":"KR\u0130Z\u0130N FATURASINI EMEK\u00c7\u0130 \u00d6DEMEZ"},"content":{"rendered":"<p><img loading=\"lazy\" decoding=\"async\" src=\"images\/stories\/belgeler\/krizin_faturasini_emekci_odemez.jpg\" border=\"0\" alt=\"krizin faturas\u0131n\u0131 emek&ccedil;i &ouml;demez\" title=\"krizin faturas\u0131n\u0131 emek&ccedil;i &ouml;demez\" hspace=\"4\" width=\"360\" height=\"238\" align=\"left\" \/>\u0130stanbul&quot;da bas\u0131n toplant\u0131s\u0131 d&uuml;zenleyen <strong>D\u0130SK, KESK, TMMOB, TTB ve &Ccedil;\u0130FT&Ccedil;\u0130 -SEN<\/strong> yakla\u015fan krize dikkat &ccedil;ekti. Ortak bir deklerasyon yay\u0131nlayan kurumlar,&nbsp; bir &ccedil;ok alanda de\u011fi\u015fiklik yap\u0131lmas\u0131 konusunda &ccedil;al\u0131\u015facaklar\u0131n\u0131 belirtti.<\/p>\n<p>&nbsp;<\/p>\n<p>Toplant\u0131ya &ccedil;ok say\u0131da sendika, sivil toplum &ouml;rg&uuml;t&uuml; ve siyasi parti temsilcisinin yan\u0131 s\u0131ra, D\u0130SK Genel Ba\u015fkan\u0131 <strong>S&uuml;leyman &Ccedil;elebi<\/strong>, T&uuml;rk M&uuml;hendis ve Mimar Odalar\u0131 Birli\u011fi Genel Ba\u015fkan\u0131 <strong>Mehmet So\u011fanc\u0131<\/strong>, KESK Genel Ba\u015fkan\u0131 <strong>Sami Evren<\/strong>, T&uuml;rk Tabipler Birli\u011fi Ba\u015fkan\u0131 <strong>Gen&ccedil;ay G&uuml;rsoy<\/strong> ve &Ccedil;ift&ccedil;i Sendikalar\u0131 Konfederasyonu s&ouml;zc&uuml;s&uuml; <strong>Abdullah Aysu<\/strong> kat\u0131ld\u0131.<\/p>\n<p>&nbsp;<\/p>\n<p>Ortak deklerasyonu a&ccedil;\u0131klayan Sami Evren, d&uuml;nyan\u0131n b&uuml;y&uuml;k bir kriz ile &ccedil;alkaland\u0131\u011f\u0131n\u0131 belirterek, 2007 y\u0131l\u0131ndan itibaren T&uuml;rkiye&quot;de ba\u015fg&ouml;steren ekonomik durgunlu\u011fun, ya\u015fanan krizle birle\u015ferek b&uuml;y&uuml;k ekonomik ve sosyal sonu&ccedil;lar do\u011furdu\u011funu s&ouml;yledi. <\/p>\n<p>&nbsp;<\/p>\n<p>Evren, Ekonomik uygulamalar\u0131n toplumsal bir destek ve zemin kazanabilmesi i&ccedil;in, siyasal alan\u0131n da demokratik d&ouml;n&uuml;\u015f&uuml;m&uuml; gerekir.&nbsp; Bu do\u011frultuda bir araya gelen biz emek ve meslek &ouml;rg&uuml;tleri, emek&ccedil;ilerin, &ccedil;al\u0131\u015fanlar\u0131n ve yoksul halk\u0131m\u0131z\u0131n ya\u015fanan ve ya\u015fanacak olan krizlerden zarar g&ouml;rmemesi do\u011frultusunda &ccedil;al\u0131\u015fmalar\u0131m\u0131z\u0131 s&uuml;rd&uuml;recek, krize kar\u015f\u0131 toplumun geni\u015f kesimlerini kucaklayan acil eylem planlar\u0131n\u0131 olu\u015fturaca\u011f\u0131z.&quot;<\/p>\n<p>&nbsp;<\/p>\n<p>\u0130stanbul&quot;da bas\u0131n toplant\u0131s\u0131 d&uuml;zenleyen <strong>D\u0130SK, KESK, TMMOB, TTB ve &Ccedil;\u0130FT&Ccedil;\u0130 -SEN<\/strong> yakla\u015fan krize dikkat &ccedil;ekti. Ortak bir deklerasyon yay\u0131nlayan kurumlar,&nbsp; bir &ccedil;ok alanda de\u011fi\u015fiklik yap\u0131lmas\u0131 konusunda &ccedil;al\u0131\u015facaklar\u0131n\u0131 belirtti.<\/p>\n<p>&nbsp;<\/p>\n<p>Toplant\u0131ya &ccedil;ok say\u0131da sendika, sivil toplum &ouml;rg&uuml;t&uuml; ve siyasi parti temsilcisinin yan\u0131 s\u0131ra, D\u0130SK Genel Ba\u015fkan\u0131 <strong>S&uuml;leyman &Ccedil;elebi<\/strong>, T&uuml;rk M&uuml;hendis ve Mimar Odalar\u0131 Birli\u011fi Genel Ba\u015fkan\u0131 <strong>Mehmet So\u011fanc\u0131<\/strong>, KESK Genel Ba\u015fkan\u0131 <strong>Sami Evren<\/strong>, T&uuml;rk Tabipler Birli\u011fi Ba\u015fkan\u0131 <strong>Gen&ccedil;ay G&uuml;rsoy<\/strong> ve &Ccedil;ift&ccedil;i Sendikalar\u0131 Konfederasyonu s&ouml;zc&uuml;s&uuml; <strong>Abdullah Aysu<\/strong> kat\u0131ld\u0131.<\/p>\n<p>&nbsp;<\/p>\n<p>Ortak deklerasyonu a&ccedil;\u0131klayan Sami Evren, d&uuml;nyan\u0131n b&uuml;y&uuml;k bir kriz ile &ccedil;alkaland\u0131\u011f\u0131n\u0131 belirterek, 2007 y\u0131l\u0131ndan itibaren T&uuml;rkiye&quot;de ba\u015fg&ouml;steren ekonomik durgunlu\u011fun, ya\u015fanan krizle birle\u015ferek b&uuml;y&uuml;k ekonomik ve sosyal sonu&ccedil;lar do\u011furdu\u011funu s&ouml;yledi. <\/p>\n<p>&nbsp;<\/p>\n<p>Evren, Ekonomik uygulamalar\u0131n toplumsal bir destek ve zemin kazanabilmesi i&ccedil;in, siyasal alan\u0131n da demokratik d&ouml;n&uuml;\u015f&uuml;m&uuml; gerekir.&nbsp; Bu do\u011frultuda bir araya gelen biz emek ve meslek &ouml;rg&uuml;tleri, emek&ccedil;ilerin, &ccedil;al\u0131\u015fanlar\u0131n ve yoksul halk\u0131m\u0131z\u0131n ya\u015fanan ve ya\u015fanacak olan krizlerden zarar g&ouml;rmemesi do\u011frultusunda &ccedil;al\u0131\u015fmalar\u0131m\u0131z\u0131 s&uuml;rd&uuml;recek, krize kar\u015f\u0131 toplumun geni\u015f kesimlerini kucaklayan acil eylem planlar\u0131n\u0131 olu\u015fturaca\u011f\u0131z.&quot;<\/p>\n<p align=\"center\">&nbsp;<\/p>\n<p align=\"center\">***<\/p>\n<p>&nbsp;<\/p>\n<p><strong>Sosyal Dayan\u0131\u015fma ve Demokratikle\u015fme Program\u0131 Tasla\u011f\u0131<\/strong><\/p>\n<p>&raquo; IMF ile hi&ccedil;bir bi&ccedil;imde &ldquo;izleme&rdquo;, &ldquo;ihtiyati stand by&rdquo; ya da &ldquo;stand by&rdquo; anla\u015fmas\u0131na gidilmemelidir.<\/p>\n<p>&raquo; Emek ve Meslek &Ouml;rg&uuml;tlerinin kat\u0131l\u0131m\u0131yla yeniden &ldquo;Be\u015f Y\u0131ll\u0131k&rdquo; ve &ldquo;Y\u0131ll\u0131k Planlar&rdquo; yap\u0131lmal\u0131d\u0131r.<\/p>\n<p>&raquo; \u0130&ccedil; ve d\u0131\u015f bor&ccedil;lar yeniden yap\u0131land\u0131r\u0131lmal\u0131d\u0131r.<\/p>\n<p>&raquo; &Ouml;zel bankalar\u0131n ve finans kurumlar\u0131n\u0131n d\u0131\u015f bor&ccedil;lar\u0131n\u0131n hazine garantisi d\u0131\u015f\u0131na &ccedil;\u0131kar\u0131lmal\u0131d\u0131r.<\/p>\n<p>&raquo; Bankalar\u0131n istismarc\u0131, a\u015f\u0131r\u0131 t&uuml;ketimi k\u0131\u015fk\u0131rt\u0131c\u0131, ak\u0131l &ccedil;elici t&uuml;ketici kredisi ve kart harcamas\u0131 kampanyalar\u0131na kontrol getirilmeli, t&uuml;keticiye finansman bilinci kazand\u0131r\u0131lmal\u0131d\u0131r.<\/p>\n<p>&raquo; Vergide ana ilke &ldquo;Herkesten g&uuml;c&uuml;ne g&ouml;re vergi almak&rdquo; olmal\u0131d\u0131r. <\/p>\n<p>&raquo; Asgari &uuml;cret, vergi kapsam\u0131ndan &ccedil;\u0131kart\u0131lmal\u0131d\u0131r.<\/p>\n<p>&raquo; N&uuml;fusun y&uuml;zde 1&rsquo;ini olu\u015fturan &ldquo;s&uuml;per varl\u0131kl\u0131&rdquo; kesimden &ldquo;Servet Vergisi&rdquo; al\u0131nmal\u0131d\u0131r.<\/p>\n<p>&raquo; Sermaye hareketleri vergilendirilmelidir.<\/p>\n<p>&raquo; Gelir Vergisi tarife dilimleri yeniden d&uuml;zenlenerek kamu &ccedil;al\u0131\u015fanlar\u0131 ve &uuml;cretliler y&ouml;n&uuml;nden vergi dilimleri en az 5 puan indirilmelidir.<\/p>\n<p>&raquo; &Ouml;zelle\u015ftirmeler durdurulmal\u0131d\u0131r.<\/p>\n<p>&raquo; Ba\u015fta enerji, ileti\u015fim, tar\u0131m, sulama gibi sekt&ouml;rler, toplumsal mahiyetleri, yaratt\u0131klar\u0131 toplumsal faydalar\u0131 g&ouml;z &ouml;n&uuml;nde bulundurularak piyasan\u0131n s\u0131n\u0131rs\u0131z s&ouml;m&uuml;r&uuml;s&uuml;nden kurtar\u0131lmal\u0131d\u0131r.<\/p>\n<p>&raquo; Mevcut K\u0130T&rsquo;lerde, y&ouml;netimde se&ccedil;ilmi\u015f i\u015f&ccedil;i temsilcileri bulunmal\u0131, ta\u015feron uygulamalar\u0131 iptal edilmelidir.<\/p>\n<p>&raquo; T&uuml;m &ccedil;al\u0131\u015fanlar\u0131n kay\u0131t alt\u0131na al\u0131nmas\u0131, sigortal\u0131 yap\u0131lmas\u0131 ve i\u015f g&uuml;vencesine kavu\u015fturulmas\u0131 i&ccedil;in ciddi ad\u0131mlar at\u0131lmal\u0131d\u0131r..<\/p>\n<p>&raquo; B&ouml;lgelerin &ouml;zelliklerine g&ouml;re, s\u0131n\u0131r ticaretini, k&uuml;lt&uuml;r turizmini, yerli kaynaklar\u0131 kullanan sanayileri te\u015fvik politikalar\u0131 geli\u015ftirilmelidir.<\/p>\n<p>&raquo; D&uuml;nya Bankas\u0131 eliyle uygulanan yap\u0131sal uyum programlar\u0131na son verilmelidir.<\/p>\n<p>&raquo; K&uuml;resel \u0131s\u0131nmadan kaynakl\u0131 ortaya &ccedil;\u0131kan olumsuz do\u011fa ko\u015fullar\u0131n\u0131n zararlar\u0131n\u0131 telafi edici ekonomik ve sosyal programlar geli\u015ftirilmelidir.<\/p>\n<p>&raquo; T&uuml;rkiye&rsquo;nin d\u0131\u015f ticaretini ve sanayisini olumsuz etkileyen G&uuml;mr&uuml;k Birli\u011fi Anla\u015fmas\u0131 ask\u0131ya al\u0131nmal\u0131d\u0131r. <\/p>\n<p>&raquo; \u0130hracat\u0131n bile\u015fimi de\u011fi\u015ftirilerek, y&uuml;ksek katma de\u011ferli ve ileri teknoloji &uuml;r&uuml;nlerin ihracat\u0131n\u0131 olanakl\u0131 k\u0131lacak planlama, organizasyon ve finansman sa\u011flanmal\u0131d\u0131r.<\/p>\n<p>&raquo; Eme\u011fin dola\u015f\u0131m\u0131n\u0131 engelleyen her t&uuml;rden anla\u015fma ve organizasyondan &ccedil;\u0131k\u0131lmal\u0131d\u0131r.<\/p>\n<p>&raquo; Ba\u015fta e\u011fitim, sa\u011fl\u0131k, sosyal g&uuml;venlik, bar\u0131nma, beslenme, su ve enerji olmak &uuml;zere &ldquo;temel insan haklar\u0131&rdquo; hi&ccedil;bir bi&ccedil;imde ticarile\u015ftirilmemelidir.&nbsp;&nbsp;&nbsp;&nbsp; * SSGSS yasas\u0131 t&uuml;m&uuml;yle uygulamadan kald\u0131r\u0131lmal\u0131d\u0131r. <\/p>\n<p>&nbsp;* Ba\u015fta e\u011fitim ve sa\u011fl\u0131k olmak &uuml;zere sosyal haklar\u0131n tamam\u0131na eri\u015fim konusundaki b&ouml;lgesel e\u015fitsizlikler giderilmelidir.<\/p>\n<p>&nbsp;* Emeklilerin ya\u015fam kalitesi artt\u0131r\u0131lmal\u0131d\u0131r. <\/p>\n<p>&nbsp;* Yerel y&ouml;netimlere merkezden daha &ccedil;ok kaynak aktar\u0131lmal\u0131d\u0131r.<\/p>\n<p>12 Eyl&uuml;l Darbecilerinin her t&uuml;rl&uuml; karar ve tasarruflar\u0131n\u0131n yarg\u0131 denetiminin d\u0131\u015f\u0131nda tutulmas\u0131n\u0131 &ouml;ng&ouml;ren Anayasa&rsquo;n\u0131n ge&ccedil;ici 15. Maddesi kald\u0131r\u0131lmal\u0131d\u0131r. Darbeciler ve darbe giri\u015fimcileri yarg\u0131lanmal\u0131d\u0131r.<\/p>\n<p>&nbsp;* Darbelere yasal k\u0131l\u0131f haz\u0131rlayan &ldquo;T&uuml;rk Silahl\u0131 Kuvvetleri \u0130&ccedil; Hizmet Kanunu&rsquo;nun 35. maddesi kald\u0131r\u0131lmal\u0131d\u0131r.<\/p>\n<p>&nbsp;* Toplumun geni\u015f kesimlerinin kat\u0131l\u0131m\u0131 ve uzla\u015fmas\u0131yla e\u015fitlik&ccedil;i, &ouml;zg&uuml;rl&uuml;k&ccedil;&uuml; ve demokratik bir anayasa haz\u0131rlanmal\u0131d\u0131r.<\/p>\n<p>&nbsp;* Antidemokratik siyasi partiler yasas\u0131 de\u011fi\u015ftirilmelidir.<\/p>\n<p>&nbsp;* Se&ccedil;im sitemi de\u011fi\u015ftirilmelidir.<\/p>\n<p>&nbsp;* Temel insan hak ve &ouml;zg&uuml;rl&uuml;klerinin hi&ccedil;bir durumda k\u0131s\u0131tlanamayaca\u011f\u0131 anayasal g&uuml;vence alt\u0131na al\u0131nmal\u0131d\u0131r.<\/p>\n<p>&nbsp;* F Tipi Cezaevleri ve her t&uuml;rden tecrit uygulamalar\u0131 kald\u0131r\u0131lmal\u0131d\u0131r. \u0130nsan onuruna ve evrensel de\u011ferlere uygun bir cezaevi ve g&ouml;zalt\u0131 rejimi hayata ge&ccedil;irilmelidir.<\/p>\n<p>&nbsp;* Her t&uuml;rden d&uuml;\u015f&uuml;nce, ifade ve &ouml;rg&uuml;tlenme &ouml;zg&uuml;rl&uuml;\u011f&uuml; g&uuml;vence alt\u0131na al\u0131nmal\u0131d\u0131r. <\/p>\n<p>&nbsp;* Bas\u0131n-yay\u0131n ve ileti\u015fim &ouml;zg&uuml;rl&uuml;\u011f&uuml; g&uuml;vence alt\u0131na al\u0131nmal\u0131, sans&uuml;r, yasaklama ve kapatma gibi uygulamalara son verilmelidir.<\/p>\n<p>&nbsp;* Kamu emek&ccedil;ilerinin toplu s&ouml;zle\u015fme ve grev haklar\u0131 tan\u0131nmal\u0131, siyaset yasaklar\u0131 kald\u0131r\u0131lmal\u0131d\u0131r.<\/p>\n<p>&nbsp;* &Ccedil;al\u0131\u015fma bar\u0131\u015f\u0131n\u0131n tehdit eden her t&uuml;rden esnek, kurals\u0131z, i\u015f g&uuml;vencesiz, sosyal haklar\u0131 olmayan, kadrosuz istihdam modelleri terk edilmelidir. Performansa dayal\u0131 &uuml;cretlendirme ve rekabet yasalar\u0131 ortadan kald\u0131r\u0131lmal\u0131d\u0131r.<\/p>\n<p>&nbsp;* T&uuml;rkiye&rsquo;nin en temel meselelerinden biri olan K&uuml;rt Sorunu&rsquo;nun bar\u0131\u015f&ccedil;\u0131l ve demokratik bir yolla &ccedil;&ouml;z&uuml;m&uuml; sa\u011flanmal\u0131d\u0131r.<\/p>\n<p>&nbsp;* K&uuml;rt Sorunu bahane edilerek uygulamaya konulan her t&uuml;rden askeri &ouml;rg&uuml;tlenmeler, anti demokratik yasalar ve &ouml;zel &ouml;rg&uuml;tlenmeler ortadan kald\u0131r\u0131lmal\u0131d\u0131r. &Ouml;zel tim, koruculuk, M\u0130T, J\u0130TEM gibi yap\u0131lanmalar tasfiye edilmelidir.<\/p>\n<p>&nbsp;* T&uuml;rkiye&rsquo;de ya\u015fayan t&uuml;m az\u0131nl\u0131klar\u0131n soyal, siyasal ve g&uuml;ndelik ya\u015famda e\u015fit birer yurtta\u015f olarak faydalanmalar\u0131n\u0131n &ouml;n&uuml; a&ccedil;\u0131lmal\u0131d\u0131r. Kendi dil, k&uuml;lt&uuml;r ve inan&ccedil;lar\u0131n\u0131 &ouml;zg&uuml;r bi&ccedil;imde ifade edebilmeleri kamu g&uuml;vencesine al\u0131nmal\u0131d\u0131r.<\/p>\n<p>&middot;&nbsp;Anayasadan ba\u015flayarak t&uuml;m kanunlarda cinsiyet ayr\u0131mc\u0131l\u0131\u011f\u0131n\u0131 i&ccedil;eren ifadeler kald\u0131r\u0131lmal\u0131d\u0131r.<\/p>\n","protected":false},"excerpt":{"rendered":"<p>\u0130stanbul&quot;da bas\u0131n toplant\u0131s\u0131 d&uuml;zenleyen D\u0130SK, KESK, TMMOB, TTB ve &Ccedil;\u0130FT&Ccedil;\u0130 -SEN yakla\u015fan krize dikkat &ccedil;ekti. Ortak bir deklerasyon yay\u0131nlayan kurumlar,&nbsp;&#46;&#46;&#46;<\/p>\n","protected":false},"author":1,"featured_media":0,"comment_status":"closed","ping_status":"closed","sticky":false,"template":"","format":"standard","meta":{"_jetpack_memberships_contains_paid_content":false,"footnotes":""},"categories":[1],"tags":[],"class_list":["post-3462","post","type-post","status-publish","format-standard","hentry","category-ced"],"aioseo_notices":[],"jetpack_featured_media_url":"","jetpack_sharing_enabled":true,"jetpack-related-posts":[],"_links":{"self":[{"href":"http:\/\/www.ced.org.tr\/index.php?rest_route=\/wp\/v2\/posts\/3462","targetHints":{"allow":["GET"]}}],"collection":[{"href":"http:\/\/www.ced.org.tr\/index.php?rest_route=\/wp\/v2\/posts"}],"about":[{"href":"http:\/\/www.ced.org.tr\/index.php?rest_route=\/wp\/v2\/types\/post"}],"author":[{"embeddable":true,"href":"http:\/\/www.ced.org.tr\/index.php?rest_route=\/wp\/v2\/users\/1"}],"replies":[{"embeddable":true,"href":"http:\/\/www.ced.org.tr\/index.php?rest_route=%2Fwp%2Fv2%2Fcomments&post=3462"}],"version-history":[{"count":0,"href":"http:\/\/www.ced.org.tr\/index.php?rest_route=\/wp\/v2\/posts\/3462\/revisions"}],"wp:attachment":[{"href":"http:\/\/www.ced.org.tr\/index.php?rest_route=%2Fwp%2Fv2%2Fmedia&parent=3462"}],"wp:term":[{"taxonomy":"category","embeddable":true,"href":"http:\/\/www.ced.org.tr\/index.php?rest_route=%2Fwp%2Fv2%2Fcategories&post=3462"},{"taxonomy":"post_tag","embeddable":true,"href":"http:\/\/www.ced.org.tr\/index.php?rest_route=%2Fwp%2Fv2%2Ftags&post=3462"}],"curies":[{"name":"wp","href":"https:\/\/api.w.org\/{rel}","templated":true}]}}