{"id":3463,"date":"2008-10-31T17:52:00","date_gmt":"2008-10-31T15:52:00","guid":{"rendered":"http:\/\/www.ced.org.tr\/?p=3463"},"modified":"2008-10-31T17:52:00","modified_gmt":"2008-10-31T15:52:00","slug":"2008-yili-sut-hukumleri-konusunda","status":"publish","type":"post","link":"http:\/\/www.ced.org.tr\/?p=3463","title":{"rendered":"2008 YILI SUT H\u00dcK\u00dcMLER\u0130 KONUSUNDA"},"content":{"rendered":"<h4><span style=\"font-size: 10pt; line-height: 150%; font-family: &#39;Arial&#39;,&#39;sans-serif&#39;\">2008 YILI SUT H&Uuml;K&Uuml;MLER\u0130 KONUSUNDA SGK TARAFINDAN YAPILAN A&Ccedil;IKLAMA&nbsp;<\/span><\/h4>\n<p><span style=\"font-size: 10pt; line-height: 150%; font-family: &#39;Arial&#39;,&#39;sans-serif&#39;\">2008 Y\u0131l\u0131 Sosyal G&uuml;venlik Kurumu Sa\u011fl\u0131k Uygulama Tebli\u011fi ve 22 Ekim tarihinde yay\u0131nlanan 2008 y\u0131l\u0131 SUT h&uuml;k&uuml;mlerinde yap\u0131lan de\u011fi\u015fiklikleri bildiren Tebli\u011f h&uuml;k&uuml;mlerine a&ccedil;\u0131kl\u0131k getirilmek amac\u0131yla Sosyal G&uuml;venlik Kurumu Genel Sa\u011fl\u0131k Sigortas\u0131 Genel M&uuml;d&uuml;rl&uuml;\u011f&uuml; taraf\u0131ndan 31.10.2008 tarihli bir duyuru yay\u0131mlanm\u0131\u015ft\u0131r.<\/span><\/p>\n<p style=\"margin: 0cm 0cm 0pt; line-height: 150%\" class=\"MsoNormal\">&nbsp;<\/p>\n<p style=\"margin: 0cm 0cm 0pt; line-height: 150%\" class=\"MsoNormal\"><span style=\"font-size: 10pt; line-height: 150%; font-family: &#39;Arial&#39;,&#39;sans-serif&#39;\">Yay\u0131mlanan bu duyuru ile;<\/span><\/p>\n<p style=\"margin: 0cm 0cm 0pt; line-height: 150%\" class=\"MsoNormal\">&nbsp;<\/p>\n<ul>\n<li><span style=\"font-size: 10pt; line-height: 150%; font-family: &#39;Arial&#39;,&#39;sans-serif&#39;\">Diyaliz merkezleri ve Sa\u011fl\u0131k Bakanl\u0131\u011f\u0131ndan ruhsatl\u0131 di\u011fer &ouml;zelle\u015fmi\u015f tedavi merkezleri,<strong> <\/strong>Refik Saydam H\u0131fz\u0131s\u0131hha Laboratuarlar\u0131, Tan\u0131, tetkik ve g&ouml;r&uuml;nt&uuml;leme merkezleri ile laboratuarlar, Kurumca yetkilendirilen i\u015fyeri hekimleri taraf\u0131ndan sunulan sa\u011fl\u0131k hizmetleri ve<strong> <\/strong>acil sa\u011fl\u0131k hizmetleri i&ccedil;in muayene kat\u0131l\u0131m pay\u0131 al\u0131nmayaca\u011f\u0131, ayr\u0131ca Kuruma devredilen kurumlar ile s&ouml;zle\u015fmesi\/ protokol&uuml; bulunan; belediye poliklinikleri ve &ouml;zel polikliniklerde verilen sa\u011fl\u0131k hizmetleri i&ccedil;in muayene kat\u0131l\u0131m pay\u0131 tahsil edilmeyece\u011fi,<\/span><\/li>\n<\/ul>\n<p>&nbsp;<\/p>\n<p>&nbsp;<\/p>\n<ul>\n<li><span style=\"font-size: 10pt; line-height: 150%; font-family: &#39;Arial&#39;,&#39;sans-serif&#39;\">Endikasyon uyumu kontrol&uuml;nde (SUT&rsquo;un konuyla ilgili h&uuml;k&uuml;mlerine ilave olarak), re&ccedil;etede yaz\u0131l\u0131 ilac\u0131n\/ila&ccedil;lar\u0131n yan etkilerini &ouml;nlemek ve\/ veya tedaviyi desteklemek amac\u0131yla yaz\u0131lan ila&ccedil;lar i&ccedil;in ayr\u0131ca te\u015fhis aranmayaca\u011f\u0131,<\/span><\/li>\n<\/ul>\n<p>&nbsp;<\/p>\n<p>&nbsp;<\/p>\n<ul>\n<li><span style=\"font-size: 10pt; font-family: &#39;Arial&#39;,&#39;sans-serif&#39;\">Rapor fotokopilerine yap\u0131lan &ldquo;ASLI G\u0130B\u0130D\u0130R&rdquo; onaylar\u0131n\u0131n<\/span><span>, <\/span><span style=\"font-size: 10pt; font-family: &#39;Arial&#39;,&#39;sans-serif&#39;\">raporu d&uuml;zenleyen sa\u011fl\u0131k kurumu veya re&ccedil;eteyi d&uuml;zenleyen hekim veya re&ccedil;eteyi veren eczac\u0131 taraf\u0131ndan yap\u0131labilece\u011fi<\/span><\/li>\n<\/ul>\n<p>&nbsp;<\/p>\n<p>&nbsp;<\/p>\n<ul>\n<li><span style=\"font-size: 10pt; line-height: 150%; font-family: &#39;Arial&#39;,&#39;sans-serif&#39;\">SUT&rsquo;un (12.2) numaral\u0131 maddesinin &uuml;&ccedil;&uuml;nc&uuml; f\u0131kras\u0131nda bulunan <strong><em>&ldquo;Antiinflamatuar ve antiromatizmal grubu ila&ccedil;lar\u0131n solid-oral formlar\u0131nda b&uuml;y&uuml;k<\/em><\/strong> <strong><em>ambalaj kapsam\u0131na giren ila&ccedil;lar, ayaktan tedavide tek uzman hekim taraf\u0131ndan<\/em><\/strong> <strong><em>d&uuml;zenlenen ila&ccedil; kullan\u0131m raporuna dayan\u0131larak re&ccedil;ete edildiklerinde, en k&uuml;&ccedil;&uuml;k ambalajl\u0131<\/em><\/strong> <strong><em>formlar\u0131 ise rapor aranmaks\u0131z\u0131n re&ccedil;ete edildiklerinde bedelleri &ouml;denir. Bunlar\u0131n d\u0131\u015f\u0131nda<\/em><\/strong> <strong><em>kalan ila&ccedil;larda da ayaktan tedavide k&uuml;&ccedil;&uuml;k ambalaj verilmesi esas olup, ayn\u0131 dozda<\/em><\/strong> <strong><em>birden fazla formu olan e\u015fde\u011fer ila&ccedil;lar\u0131n 4 haftal\u0131k tedavi dozunu ge&ccedil;en ambalaj<\/em><\/strong> <strong><em>formlar\u0131 i&ccedil;in sa\u011fl\u0131k raporu d&uuml;zenlenmesi zorunludur.&rdquo; <\/em><\/strong>h&uuml;km&uuml; kapsam\u0131ndaki 4 haftal\u0131k tedavinin daha &ouml;nceden de uyguland\u0131\u011f\u0131 gibi 30 g&uuml;nl&uuml;k tedavi s&uuml;resini kapsayacak \u015fekilde provizyon sisteminde d&uuml;zenleme yap\u0131ld\u0131\u011f\u0131,<\/span> <\/li>\n<\/ul>\n<p>&nbsp;<\/p>\n<p>&nbsp;<\/p>\n<ul>\n<li><span style=\"font-size: 10pt; line-height: 150%; font-family: &#39;Arial&#39;,&#39;sans-serif&#39;\">Sa\u011fl\u0131k Bakanl\u0131\u011f\u0131 format\u0131na ve SUT h&uuml;k&uuml;mlerine uygun olarak d&uuml;zenlenmi\u015f <u>&ldquo;ila&ccedil; kullan\u0131m raporlar\u0131&rdquo;<\/u>n\u0131n ge&ccedil;erli kabul edilece\u011fi a&ccedil;\u0131klanm\u0131\u015ft\u0131r.<\/span> <\/li>\n<\/ul>\n<p>&nbsp;<\/p>\n<p><span style=\"font-size: 10pt; line-height: 150%; font-family: &#39;Arial&#39;,&#39;sans-serif&#39;\">SGK taraf\u0131ndan yay\u0131mlanan konuyla ilgili duyurunun tamam\u0131 a\u015fa\u011f\u0131da yer almaktad\u0131r.<\/span><\/p>\n<p>&nbsp;<\/p>\n<p><strong><span style=\"font-size: 10pt; color: navy; font-family: &#39;Arial&#39;,&#39;sans-serif&#39;\"><a href=\"http:\/\/www.ieo.org.tr\/upload\/pdf\/200810311719_003.pdf\" target=\"_blank\"><u><font color=\"#0000ff\">&ldquo;2008 Sa\u011fl\u0131k Uygulama Tebli\u011fi Hakk\u0131nda&rdquo; ba\u015fl\u0131kl\u0131 SGK duyurusu i&ccedil;in TIKLAYINIZ.<\/font><\/u><\/a><\/span><\/strong><\/p>\n","protected":false},"excerpt":{"rendered":"<p>2008 YILI SUT H&Uuml;K&Uuml;MLER\u0130 KONUSUNDA SGK TARAFINDAN YAPILAN A&Ccedil;IKLAMA&nbsp; 2008 Y\u0131l\u0131 Sosyal G&uuml;venlik Kurumu Sa\u011fl\u0131k Uygulama Tebli\u011fi ve 22 Ekim&#46;&#46;&#46;<\/p>\n","protected":false},"author":1,"featured_media":0,"comment_status":"closed","ping_status":"closed","sticky":false,"template":"","format":"standard","meta":{"_jetpack_memberships_contains_paid_content":false,"footnotes":""},"categories":[1],"tags":[],"class_list":["post-3463","post","type-post","status-publish","format-standard","hentry","category-ced"],"aioseo_notices":[],"jetpack_featured_media_url":"","jetpack_sharing_enabled":true,"jetpack-related-posts":[],"_links":{"self":[{"href":"http:\/\/www.ced.org.tr\/index.php?rest_route=\/wp\/v2\/posts\/3463","targetHints":{"allow":["GET"]}}],"collection":[{"href":"http:\/\/www.ced.org.tr\/index.php?rest_route=\/wp\/v2\/posts"}],"about":[{"href":"http:\/\/www.ced.org.tr\/index.php?rest_route=\/wp\/v2\/types\/post"}],"author":[{"embeddable":true,"href":"http:\/\/www.ced.org.tr\/index.php?rest_route=\/wp\/v2\/users\/1"}],"replies":[{"embeddable":true,"href":"http:\/\/www.ced.org.tr\/index.php?rest_route=%2Fwp%2Fv2%2Fcomments&post=3463"}],"version-history":[{"count":0,"href":"http:\/\/www.ced.org.tr\/index.php?rest_route=\/wp\/v2\/posts\/3463\/revisions"}],"wp:attachment":[{"href":"http:\/\/www.ced.org.tr\/index.php?rest_route=%2Fwp%2Fv2%2Fmedia&parent=3463"}],"wp:term":[{"taxonomy":"category","embeddable":true,"href":"http:\/\/www.ced.org.tr\/index.php?rest_route=%2Fwp%2Fv2%2Fcategories&post=3463"},{"taxonomy":"post_tag","embeddable":true,"href":"http:\/\/www.ced.org.tr\/index.php?rest_route=%2Fwp%2Fv2%2Ftags&post=3463"}],"curies":[{"name":"wp","href":"https:\/\/api.w.org\/{rel}","templated":true}]}}