{"id":3465,"date":"2008-11-03T11:18:05","date_gmt":"2008-11-03T09:18:05","guid":{"rendered":"http:\/\/www.ced.org.tr\/?p=3465"},"modified":"2008-11-03T11:18:05","modified_gmt":"2008-11-03T09:18:05","slug":"kasim-ayi-koli-teslimat-programi","status":"publish","type":"post","link":"http:\/\/www.ced.org.tr\/?p=3465","title":{"rendered":"Kas\u0131m Ay\u0131 Koli Teslimat Program\u0131"},"content":{"rendered":"<p>&middot;&nbsp;&nbsp; &nbsp;http:\/\/istanbul.sgk.gov.tr internet sitemizde;&ldquo;01.11.2008 Tarihi \u0130tibariyle Evrak Teslimat\u0131 &ldquo; ba\u015fl\u0131kl\u0131 yaz\u0131da belirtilen s&ouml;zle\u015fmeli eczaneler ile Trakya ili s&ouml;zle\u015fmeli eczaneleri Bayrampa\u015fa depomuzda,<\/p>\n<p>&middot;&nbsp;&nbsp; &nbsp;Di\u011fer \u0130stanbul \u0130li s&ouml;zle\u015fmeli eczanelerimiz ise G&ouml;ztepe depomuzda,<\/p>\n<p>A\u015fa\u011f\u0131daki programa g&ouml;re, t&uuml;m kurumlar i&ccedil;in birle\u015ftirilmi\u015f \u015fekilde yap\u0131lacakt\u0131r. Gereksiz y\u0131\u011f\u0131lman\u0131n olu\u015fmamas\u0131 i&ccedil;in eczac\u0131lar\u0131m\u0131z\u0131n programa uymalar\u0131n\u0131 rica ederiz. Koliler S&ouml;zle\u015fmeli Eczac\u0131 haricindeki ki\u015filerce de teslim edilebilir.<\/p>\n<div align=\"left\">Kargo ile teslimat yapacak eczac\u0131lar\u0131m\u0131z i&ccedil;in g&uuml;n s\u0131n\u0131rlamas\u0131 yap\u0131lmayacakt\u0131r.<br \/>Koli teslimat\u0131ndan &ouml;nce yap\u0131lmas\u0131 gereken i\u015flemler hakk\u0131nda ve koli teslimat\u0131nda dikkat edilecek hususlarla ilgili ilanlar\u0131m\u0131z dikkatlice okunmal\u0131 ve gerekleri yerine getirilmelidir.<\/p>\n<p>Serbest g&uuml;nlerde koli al\u0131m\u0131 saat 09.00 &lsquo;da ba\u015flayacak 15.30&rsquo;a kadar gelenlerin kolileri al\u0131nacak, 16.00 itibari ile koli al\u0131m i\u015flemi sonland\u0131r\u0131lacakt\u0131r.<\/p>\n<p>Numaral\u0131 g&uuml;nlerde koli al\u0131m\u0131 saat 09.00 &lsquo;da ba\u015flayacak 16.00&rsquo;a kadar gelenlerin kolileri al\u0131nacak, 16.30 itibari ile koli al\u0131m i\u015flemi sonland\u0131r\u0131lacakt\u0131r.<\/p>\n<p>T&uuml;m duyurular\u0131m\u0131za ra\u011fmen kolilerini taraf\u0131m\u0131zca duyurulan kriterlere uygun haz\u0131rlamayan S&ouml;zle\u015fmeli Eczanelerimiz nedeniyle istenmeyen gecikmeler olu\u015fabilmektedir. <\/p>\n<p>Bu nedenlerle ge&ccedil;mi\u015f d&ouml;nemlerde oldu\u011fu gibi bu d&ouml;nemde de teslim g&uuml;nlerine azami &ouml;zen g&ouml;stermeniz, kolilerinizi dikkatli ve eksiksiz haz\u0131rlaman\u0131z, G&ouml;ztepe ve Bayrampa\u015fa depolar\u0131m\u0131zda sizlere hizmet veren personelimize yard\u0131mc\u0131 olman\u0131z\u0131 rica ederiz.<br \/><strong><br \/>3-4-5-6 KASIM(PAZARTES\u0130-SALI-&Ccedil;AR\u015eAMBA-PER\u015eEMBE)<\/strong><br \/>Bu tarihe kadar sadece zorunlu durumlarda s&ouml;zle\u015fme numaras\u0131 d&uuml;zenine ba\u011fl\u0131 olmaks\u0131z\u0131n t&uuml;m s&ouml;zle\u015fmeli eczanelerimiz koli teslim edebileceklerdir.<br \/><strong><br \/>7-10-11-12-13 KASIM (CUMA-PAZARTES\u0130-SALI-&Ccedil;AR\u015eAMBA-PER\u015eEMBE)<\/strong><br \/>\u0130STANBUL ili s&ouml;zle\u015fmeli eczanelerimiz, bu tarihler aras\u0131nda 1834. ile ba\u015flayan Emekli Sand\u0131\u011f\u0131 sicil numaras\u0131n\u0131n son rakam\u0131na g&ouml;re kolilerini teslim edeceklerdir.<\/p>\n<p>Herhangi bir nedenle bu tarihlere uyamayacak olan eczanelerimiz kolilerini <strong>3-4-5-6 KASIM(PAZARTES\u0130-SALI-&Ccedil;AR\u015eAMBA-PER\u015eEMBE)<\/strong> tarihlerinden birinde teslim etmelidirler.<\/p>\n<p><strong>14 KASIM (CUMA)<\/strong><br \/>TRAKYA illeri s&ouml;zle\u015fme eczaneler teslim d&ouml;nemidir. Ancak ihtiya&ccedil; halinde k\u0131s\u0131tl\u0131 olarak \u0130stanbul ili s&ouml;zle\u015fmeli eczaneleri teslimat\u0131 da d&uuml;\u015f&uuml;n&uuml;lecektir. <strong>Trakya ili s&ouml;zle\u015fmeli eczaneleri koli teslimatlar\u0131n\u0131 Bayrampa\u015fa Birimimize yapacaklard\u0131r.<\/strong><\/div>\n<div align=\"left\">\n<table border=\"0\" cellspacing=\"0\" cellpadding=\"0\" width=\"355\" style=\"width: 267pt; border-collapse: collapse\">\n<tbody>\n<tr height=\"17\" style=\"height: 12.75pt\">\n<td class=\"xl24\" width=\"101\" height=\"17\" style=\"width: 76pt; height: 12.75pt\"><strong>TESL\u0130MAT G&Uuml;N&Uuml;<\/strong><\/td>\n<td class=\"xl24\" colspan=\"2\" width=\"254\" style=\"border-left: medium none; width: 191pt\"><strong>TESL\u0130MAT D&Uuml;ZEN\u0130<\/strong><\/td>\n<\/tr>\n<tr height=\"17\" style=\"height: 12.75pt\">\n<td class=\"xl25\" width=\"101\" height=\"17\" style=\"border-top: medium none; width: 76pt; height: 12.75pt\">03.11.2008<\/td>\n<td class=\"xl26\" colspan=\"2\" rowspan=\"4\" width=\"254\" style=\"width: 191pt\">Sadece zorunlu durumlarda s&ouml;zle\u015fme numaras\u0131 d&uuml;zenine ba\u011fl\u0131 olmaks\u0131z\u0131n teslimat<\/td>\n<\/tr>\n<tr height=\"18\" style=\"height: 13.5pt\">\n<td class=\"xl25\" width=\"101\" height=\"18\" style=\"border-top: medium none; width: 76pt; height: 13.5pt\">04.11.2008<\/td>\n<\/tr>\n<tr height=\"17\" style=\"height: 12.75pt\">\n<td class=\"xl25\" width=\"101\" height=\"17\" style=\"border-top: medium none; width: 76pt; height: 12.75pt\">05.11.2008<\/td>\n<\/tr>\n<tr height=\"17\" style=\"height: 12.75pt\">\n<td class=\"xl25\" width=\"101\" height=\"17\" style=\"border-top: medium none; width: 76pt; height: 12.75pt\">06.11.2008<\/td>\n<\/tr>\n<tr height=\"17\" style=\"height: 12.75pt\">\n<td class=\"xl25\" width=\"101\" height=\"17\" style=\"border-top: medium none; width: 76pt; height: 12.75pt\">07.11.2008<\/td>\n<td class=\"xl28\" width=\"64\" style=\"border-top: medium none; border-left: medium none; width: 48pt\">9-0<\/td>\n<td class=\"xl26\" rowspan=\"5\" width=\"190\" style=\"border-top: medium none; width: 143pt\">\u0130stanbul \u0130li Emekli Sand\u0131\u011f\u0131 Sicil numaras\u0131n\u0131n son rakam\u0131na g&ouml;re<\/td>\n<\/tr>\n<tr height=\"17\" style=\"height: 12.75pt\">\n<td class=\"xl25\" width=\"101\" height=\"17\" style=\"border-top: medium none; width: 76pt; height: 12.75pt\">10.11.2008<\/td>\n<td class=\"xl28\" width=\"64\" style=\"border-top: medium none; border-left: medium none; width: 48pt\">7-8<\/td>\n<\/tr>\n<tr height=\"17\" style=\"height: 12.75pt\">\n<td class=\"xl25\" width=\"101\" height=\"17\" style=\"border-top: medium none; width: 76pt; height: 12.75pt\">11.11.2008<\/td>\n<td class=\"xl28\" width=\"64\" style=\"border-top: medium none; border-left: medium none; width: 48pt\">5-6<\/td>\n<\/tr>\n<tr height=\"17\" style=\"height: 12.75pt\">\n<td class=\"xl25\" width=\"101\" height=\"17\" style=\"border-top: medium none; width: 76pt; height: 12.75pt\">12.11.2008<\/td>\n<td class=\"xl28\" width=\"64\" style=\"border-top: medium none; border-left: medium none; width: 48pt\">3-4<\/td>\n<\/tr>\n<tr height=\"17\" style=\"height: 12.75pt\">\n<td class=\"xl25\" width=\"101\" height=\"17\" style=\"border-top: medium none; width: 76pt; height: 12.75pt\">13.11.2008<\/td>\n<td class=\"xl28\" width=\"64\" style=\"border-top: medium none; border-left: medium none; width: 48pt\">1-2<\/td>\n<\/tr>\n<tr height=\"17\" style=\"height: 12.75pt\">\n<td class=\"xl25\" width=\"101\" height=\"17\" style=\"border-top: medium none; width: 76pt; height: 12.75pt\">14.11.2008<\/td>\n<td class=\"xl24\" colspan=\"2\" width=\"254\" style=\"border-left: medium none; width: 191pt\">TRAKYA \u0130LLER\u0130<\/td>\n<\/tr>\n<\/tbody>\n<\/table>\n<\/div>\n","protected":false},"excerpt":{"rendered":"<p>&middot;&nbsp;&nbsp; &nbsp;http:\/\/istanbul.sgk.gov.tr internet sitemizde;&ldquo;01.11.2008 Tarihi \u0130tibariyle Evrak Teslimat\u0131 &ldquo; ba\u015fl\u0131kl\u0131 yaz\u0131da belirtilen s&ouml;zle\u015fmeli eczaneler ile Trakya ili s&ouml;zle\u015fmeli eczaneleri Bayrampa\u015fa&#46;&#46;&#46;<\/p>\n","protected":false},"author":1,"featured_media":0,"comment_status":"closed","ping_status":"closed","sticky":false,"template":"","format":"standard","meta":{"_jetpack_memberships_contains_paid_content":false,"footnotes":""},"categories":[1],"tags":[],"class_list":["post-3465","post","type-post","status-publish","format-standard","hentry","category-ced"],"aioseo_notices":[],"jetpack_featured_media_url":"","jetpack_sharing_enabled":true,"jetpack-related-posts":[],"_links":{"self":[{"href":"http:\/\/www.ced.org.tr\/index.php?rest_route=\/wp\/v2\/posts\/3465","targetHints":{"allow":["GET"]}}],"collection":[{"href":"http:\/\/www.ced.org.tr\/index.php?rest_route=\/wp\/v2\/posts"}],"about":[{"href":"http:\/\/www.ced.org.tr\/index.php?rest_route=\/wp\/v2\/types\/post"}],"author":[{"embeddable":true,"href":"http:\/\/www.ced.org.tr\/index.php?rest_route=\/wp\/v2\/users\/1"}],"replies":[{"embeddable":true,"href":"http:\/\/www.ced.org.tr\/index.php?rest_route=%2Fwp%2Fv2%2Fcomments&post=3465"}],"version-history":[{"count":0,"href":"http:\/\/www.ced.org.tr\/index.php?rest_route=\/wp\/v2\/posts\/3465\/revisions"}],"wp:attachment":[{"href":"http:\/\/www.ced.org.tr\/index.php?rest_route=%2Fwp%2Fv2%2Fmedia&parent=3465"}],"wp:term":[{"taxonomy":"category","embeddable":true,"href":"http:\/\/www.ced.org.tr\/index.php?rest_route=%2Fwp%2Fv2%2Fcategories&post=3465"},{"taxonomy":"post_tag","embeddable":true,"href":"http:\/\/www.ced.org.tr\/index.php?rest_route=%2Fwp%2Fv2%2Ftags&post=3465"}],"curies":[{"name":"wp","href":"https:\/\/api.w.org\/{rel}","templated":true}]}}