{"id":3466,"date":"2008-11-03T12:43:06","date_gmt":"2008-11-03T10:43:06","guid":{"rendered":"http:\/\/www.ced.org.tr\/?p=3466"},"modified":"2008-11-03T12:43:06","modified_gmt":"2008-11-03T10:43:06","slug":"bakanlik-sagliktan-once-is-gelir-diyor","status":"publish","type":"post","link":"http:\/\/www.ced.org.tr\/?p=3466","title":{"rendered":"Bakanl\u0131k &#8216;sa\u011fl\u0131ktan \u00f6nce i\u015f gelir&#8217; diyor"},"content":{"rendered":"<p><font face=\"Verdana\" size=\"2\" color=\"#295d8c\">T&uuml;rk Tabipleri Birli\u011fi, &Ccedil;al\u0131\u015fma ve Sosyal G&uuml;venlik Bakanl\u0131\u011f\u0131 taraf\u0131ndan haz\u0131rlanan \u0130\u015f Sa\u011fl\u0131\u011f\u0131 ve G&uuml;venli\u011fi Yasa Tasar\u0131s\u0131 Tasla\u011f\u0131&rsquo;na ili\u015fkin g&ouml;r&uuml;\u015flerini bakanl\u0131\u011fa iletti <\/font><font><br \/><\/font><\/p>\n<p>\u0130\u015f Sa\u011fl\u0131\u011f\u0131 ve G&uuml;venli\u011fi Yasa Tasar\u0131s\u0131 Tasla\u011f\u0131&rsquo;na ili\u015fkin T&uuml;rk Tabipleri Birli\u011fi (TTB) Merkez Konseyi taraf\u0131ndan haz\u0131rlanan ele\u015ftiri ve &ouml;neri raporu, &Ccedil;al\u0131\u015fma ve Sosyal G&uuml;venlik Bakan\u0131 Faruk &Ccedil;elik&rsquo;e g&ouml;nderildi. <br \/>Raporda, tasla\u011f\u0131n halen &ldquo;&ouml;nce sa\u011fl\u0131k de\u011fil &ouml;nce i\u015f&rdquo; yakla\u015f\u0131m\u0131n\u0131 korudu\u011fu belirtildi. \u0130\u015f kazalar\u0131 ve meslek hastal\u0131klar\u0131n\u0131n &ouml;n&uuml;ne ge&ccedil;ilebilmesi i&ccedil;in yasaya &ldquo;&ouml;nce insan, &ouml;nce sa\u011fl\u0131k, &ouml;nce i\u015f g&uuml;venli\u011fi&rdquo; anlay\u0131\u015f\u0131n\u0131n yerle\u015ftirilmesi gerekti\u011fine dikkat &ccedil;eken TTB, rapora dair g&ouml;r&uuml;\u015flerinde t&uuml;m s&uuml;re&ccedil;lerde &ouml;nceli\u011fin i\u015f&ccedil;i sa\u011fl\u0131\u011f\u0131 ve i\u015f g&uuml;venli\u011fine verilmesi gerekti\u011fine vurgu yap\u0131yor. TTB, bu &ccedil;er&ccedil;evede ele al\u0131nmayan ve &ccedil;al\u0131\u015fanlar\u0131n sa\u011fl\u0131\u011f\u0131n\u0131 ve g&uuml;venli\u011fini piyasaya teslim eden bir yasan\u0131n da sosyal taraf\u0131 olmalar\u0131n\u0131n m&uuml;mk&uuml;n olmad\u0131\u011f\u0131n\u0131 s&ouml;yl&uuml;yor. <br \/><strong>&nbsp;<\/strong><\/p>\n<p><strong>\u0130nsan odakl\u0131 bak\u0131lmal\u0131<\/strong><br \/>Son d&ouml;nemde s\u0131k&ccedil;a ya\u015fanan i\u015f kazalar\u0131n\u0131n ve meslek hastal\u0131klar\u0131n\u0131n \u0131\u015f\u0131\u011f\u0131nda, sorunun &lsquo;insan odakl\u0131&rsquo; bak\u0131lmadan &ccedil;&ouml;z&uuml;lemeyece\u011fini belirten TTB, raporda \u015fu ifadelere yer veriyor: &ldquo;Kendi haz\u0131rlad\u0131\u011f\u0131 yasa tasla\u011f\u0131nda &ccedil;al\u0131\u015fan\u0131 yok sayan anlay\u0131\u015f, ayn\u0131 zamanda kendi y&uuml;k&uuml;ml&uuml;l&uuml;\u011f&uuml;nden de vazge&ccedil;mek anlam\u0131na gelmektedir. Yasa tasla\u011f\u0131nda hakim zihniyet i\u015f odakl\u0131 oldu\u011fundan, i\u015f ve &uuml;retim s&uuml;reci i\u015fverenin m&uuml;lkiyet alan\u0131n\u0131 olu\u015fturdu\u011fundan, bu yasal d&uuml;zenleme &ccedil;al\u0131\u015fan\u0131n sa\u011fl\u0131\u011f\u0131 ve g&uuml;venli\u011fine ili\u015fkin olumlu bir etki sa\u011flamayacakt\u0131r.&rdquo;<br \/><strong>&nbsp;<\/strong><\/p>\n<p><strong>&lsquo;Sorumluluklar belirlenmeli&rsquo;<\/strong><br \/>&ldquo;Yasan\u0131n ba\u015flang\u0131c\u0131nda, i\u015f yasalar\u0131nda oldu\u011fu gibi i\u015fveren sorumlulu\u011fu ve &ccedil;al\u0131\u015fanlar\u0131n haklar\u0131 a&ccedil;\u0131k&ccedil;a vurgulanmal\u0131d\u0131r&rdquo; denilen raporda, devlet, &ccedil;al\u0131\u015fan ve i\u015fverenin yan\u0131 s\u0131ra i\u015f sa\u011fl\u0131\u011f\u0131 g&uuml;venli\u011fi hizmetinde g&ouml;rev alanlar\u0131n yetki ve sorumluluklar\u0131n\u0131n da tan\u0131mlanmas\u0131 gerekti\u011finden bahsedilirken, yasada t&uuml;m bu payda\u015flar\u0131 bir araya getiren bir Ulusal \u0130\u015f Sa\u011fl\u0131\u011f\u0131 G&uuml;venli\u011fi Konseyi&rsquo;nin de yetki ve sorumluluklar\u0131n\u0131n belirlenmesi isteniyor. Yasa tasla\u011f\u0131nda, &ccedil;evreye ili\u015fkin bir tan\u0131ma ve &ccedil;evreye ili\u015fkin bir d&uuml;zenlemeye yer verilmemesini de ele\u015ftiren TTB, madde 5&rsquo;te yer alan i\u015fveren y&uuml;k&uuml;ml&uuml;l&uuml;k ve sorumlulu\u011funun daha ayr\u0131nt\u0131l\u0131 bir \u015fekilde tan\u0131mlanmas\u0131 gerekti\u011fini s&ouml;yl&uuml;yor. <br \/><strong>&nbsp;<\/strong><\/p>\n<p><strong>&lsquo;&Ccedil;al\u0131\u015fan\u0131 korumaktan uzak&rsquo;<\/strong><br \/>Raporda, &ccedil;al\u0131\u015fan sa\u011fl\u0131\u011f\u0131n\u0131n korunmas\u0131, geli\u015ftirilmesi yerine i\u015fin ne pahas\u0131na olursa olsun s&uuml;rd&uuml;r&uuml;lmesi anlay\u0131\u015f\u0131na uygun olarak i\u015fyerindeki risk anlay\u0131\u015f\u0131n\u0131n anlam ve amaca uygun olarak farkl\u0131la\u015ft\u0131r\u0131ld\u0131\u011f\u0131na da dikkat &ccedil;ekiliyor. Bu haliyle tasar\u0131daki madde d&uuml;zenlemesi &ccedil;al\u0131\u015fan\u0131 riskten korumaktan uzak, tam tersine &ccedil;al\u0131\u015fan\u0131n riske uyumunu sa\u011flamaya d&ouml;n&uuml;kt&uuml;r&rdquo; diyor.<br \/>Taslakta, i\u015fyeri sa\u011fl\u0131k birimleri ve i\u015fyeri ortak sa\u011fl\u0131k birimleri konusunda ayr\u0131nt\u0131l\u0131 ve uygulanabilir bir d&uuml;zenlemenin de yer almad\u0131\u011f\u0131n\u0131 ve i\u015fyerinin bu hizmetleri kendi elemanlar\u0131 ile ya da d\u0131\u015far\u0131dan alarak verebilece\u011fi h&uuml;k&uuml;mleri d\u0131\u015f\u0131nda bir d&uuml;zenleme yap\u0131lmad\u0131\u011f\u0131n\u0131 ele\u015ftiren TTB, oysa i\u015fyeri hekimi, i\u015f g&uuml;venli\u011fi uzman\u0131 ve i\u015fyeri hem\u015firesinin g&ouml;revlerini ifa ederken s&uuml;rekli i\u015fyerinde bulunmalar\u0131 gerekti\u011fini anlat\u0131yor.<br \/>Uzun y\u0131llard\u0131r 50 ve daha yukar\u0131 i\u015f&ccedil;i &ccedil;al\u0131\u015ft\u0131ran i\u015fyerlerinde i\u015fyeri hekimi bulundurulmas\u0131 ve i\u015fyeri sa\u011fl\u0131k birimi kurulmas\u0131 zorunlu olmas\u0131na ra\u011fmen, i\u015fyerlerinin en az yar\u0131s\u0131nda bu kurala uyulmad\u0131\u011f\u0131n\u0131n, bakanl\u0131\u011f\u0131n denetim birimlerinin ve mevcut yapt\u0131r\u0131mlar\u0131n da bu uygulaman\u0131n hayata ge&ccedil;irilmesinde yetersiz kald\u0131\u011f\u0131n\u0131n belirtildi\u011fi raporda, &ldquo;Bug&uuml;n b&uuml;t&uuml;n &ccedil;al\u0131\u015fanlar\u0131n kapsama al\u0131nd\u0131\u011f\u0131 gerek&ccedil;esi ile 50 say\u0131s\u0131n\u0131n b&uuml;t&uuml;n&uuml;yle kald\u0131r\u0131lmas\u0131, uygulamay\u0131 b&uuml;t&uuml;n &ccedil;al\u0131\u015fanlara geni\u015fletmek yerine bu y&uuml;k&uuml;ml&uuml;l&uuml;\u011fe uyan i\u015fyerleri a&ccedil;\u0131s\u0131ndan da gerilemeye neden olabilecektir. Bu nedenle i\u015fyeri sa\u011fl\u0131k ve g&uuml;venlik birimlerinin organizasyonunun &ouml;l&ccedil;eklendirilmesinde 50 say\u0131s\u0131 da dikkate al\u0131nmal\u0131d\u0131r&rdquo; deniliyor. <br \/><strong>&nbsp;<\/strong><\/p>\n<p><strong>&lsquo;Ta\u015f\u0131n alt\u0131na birlikte el koyal\u0131m&rsquo;<\/strong><br \/>&ldquo;Herkesin ve katk\u0131da bulunabilecek t&uuml;m yap\u0131lanmalar\u0131n, ba\u015fta taraflar, meslek kurulu\u015flar\u0131 ve &uuml;niversiteler olmak &uuml;zere, bu alanda i\u015f birli\u011fi ve kat\u0131l\u0131m b&uuml;y&uuml;k &ouml;nem ta\u015f\u0131maktad\u0131r&rdquo; denilen raporda, taraflar\u0131n do\u011frudan kat\u0131l\u0131mlar\u0131n\u0131n sa\u011flanmad\u0131\u011f\u0131, g&ouml;r&uuml;\u015flerinin al\u0131nmad\u0131\u011f\u0131 yasal d&uuml;zenlemelerin, toplumsal birikim ve deneyimi g&ouml;z ard\u0131 edebilece\u011fi gibi ta\u015f\u0131n alt\u0131na birlikte el koymay\u0131 da ortadan kald\u0131raca\u011f\u0131 ve d&uuml;zenlenecek ilgili y&ouml;netmeliklerin haz\u0131rlanmas\u0131nda taraflar\u0131n ve &uuml;niversitelerdeki bilimsel yap\u0131lanmalar\u0131n yer almas\u0131n\u0131 sa\u011flayacak \u015fekilde d&uuml;zenlenmesinin uygun olaca\u011f\u0131 vurgulanmakta.<br \/>Kurum Hekimli\u011fi&rsquo;nin, kurumda &ccedil;al\u0131\u015fan ba\u015fta 567. say\u0131l\u0131 yasaya tabi olanlar olmak &uuml;zere &ccedil;al\u0131\u015fanlar\u0131n tedavi hizmetlerine ili\u015fkin olu\u015fturulmu\u015f yap\u0131lanmalar oldu\u011funu belirten TTB, bunlar\u0131n as\u0131l g&ouml;revlerinin tedavi hizmeti oldu\u011funu, koruyucu sa\u011fl\u0131k hizmeti de veren i\u015fyeri sa\u011fl\u0131k ve g&uuml;venlik birimini, kurum hekimli\u011fi ile kar\u0131\u015ft\u0131ran d&uuml;zenlemenin de yanl\u0131\u015f oldu\u011funu s&ouml;yledi. <br \/><strong>&nbsp;<\/strong><\/p>\n<p><strong>&lsquo;&Uuml;cretsiz olmal\u0131&rsquo;<\/strong><br \/>Risk de\u011ferlendirmesi, &ccedil;al\u0131\u015fanlar\u0131 ve i\u015fverenleri de yak\u0131ndan ilgilendirdi\u011fi; onlar\u0131n kat\u0131l\u0131m\u0131n\u0131 gerektirdi\u011fi i&ccedil;in s&uuml;rece y&ouml;n verecek olan y&ouml;netmelikte Ulusal \u0130\u015f Sa\u011fl\u0131\u011f\u0131 G&uuml;venli\u011fi Konseyi&rsquo;nin uygun g&ouml;r&uuml;\u015f&uuml;n&uuml;n aranmas\u0131 gerekti\u011fini belirten TTB, ulusal \u0130SG&rsquo;nin taraflar\u0131n bir araya gelerek sorunu &ccedil;ok boyutlu olarak ele alan ve politika geli\u015fimine katk\u0131 sunan bir yap\u0131lanmay\u0131 gerektirdi\u011fini belirtti. <br \/>Komisyonun teknik ve bilimsel i\u015fleve sahip olmas\u0131 gerekti\u011fi dikkate al\u0131nd\u0131\u011f\u0131nda, i\u015fyeri hekimlerinin kamusal mesleki &ouml;rg&uuml;t&uuml; olan T&uuml;rk Tabipleri Birli\u011fi&rsquo;nin ve \u0130\u015f G&uuml;venli\u011fi m&uuml;hendislerinin kamusal mesleki &ouml;rg&uuml;t&uuml; olan T&uuml;rk M&uuml;hendis ve Mimar Odalar\u0131 Birli\u011fi&rsquo;nin komisyonda yer almas\u0131n\u0131n bir gereklilik oldu\u011fu belirtilen raporda, i\u015fin durdurulmas\u0131 veya i\u015fyerinin kapat\u0131lmas\u0131n\u0131 sadece i\u015f&ccedil;ilerin ya\u015fam\u0131 i&ccedil;in tehlike olu\u015fturmas\u0131na ba\u011flaman\u0131n, i\u015f sa\u011fl\u0131\u011f\u0131 ve g&uuml;venli\u011fi hukukunun koruyucu niteli\u011fine ayk\u0131r\u0131 oldu\u011funun alt\u0131 &ccedil;izildi<br \/><strong>&nbsp;<\/strong><\/p>\n<p><strong>&lsquo;Koruyuculuk &ouml;n planda olmal\u0131&rsquo;<\/strong><br \/>\u0130\u015f Sa\u011fl\u0131\u011f\u0131 ve G&uuml;venli\u011fi hukukunun, ihmal edilirse geri d&ouml;n&uuml;\u015fs&uuml;z sonu&ccedil;lar yarataca\u011f\u0131na vurgu yap\u0131lan TTB raporunda, bununla ilgili olarak \u015fu ifadelere yer verildi: &ldquo;Burada yer alan yapt\u0131r\u0131mlar\u0131n koruyucu nitelikte olmas\u0131 gerekir. D&uuml;zenleme ihlal edildi\u011finde, sorumlulara ne para cezas\u0131 verirseniz verin, zarara u\u011frayan &ccedil;al\u0131\u015fan\u0131n v&uuml;cut b&uuml;t&uuml;nl&uuml;\u011f&uuml; geri gelmeyecektir. Koruyucu nitelikte yapt\u0131r\u0131mlar ise i\u015fin veya i\u015fyerinin durdurulmas\u0131, i\u015fyerinin kapat\u0131lmas\u0131 \u015feklinde yapt\u0131r\u0131mlar olup, yasa tasar\u0131s\u0131 tasla\u011f\u0131nda &ouml;ncelikle, bu t&uuml;rden yapt\u0131r\u0131mlar d&uuml;zenlenmelidir.&rdquo;<br \/>Para cezalar\u0131n\u0131n, i\u015fverenin almas\u0131 gereken &ouml;nlemler i&ccedil;in sarf edece\u011fi para miktar\u0131ndan y&uuml;ksek olmas\u0131 ve b&ouml;ylece cayd\u0131r\u0131c\u0131l\u0131\u011f\u0131n sa\u011flanmas\u0131 gerekti\u011fini anlatan TTB, yasada belirlenen para cezalar\u0131n\u0131n son derece d&uuml;\u015f&uuml;k olmas\u0131na da tepki g&ouml;steriyor. &Ouml;te yandan, belli s&uuml;reler i&ccedil;inde tekrarlanan i\u015f sa\u011fl\u0131\u011f\u0131 ve g&uuml;venli\u011fi &ouml;nlemlerine ayk\u0131r\u0131l\u0131k davran\u0131\u015flar\u0131 i&ccedil;in hapis cezas\u0131n\u0131n da mutlaka &ouml;ng&ouml;r&uuml;lmesi gerekti\u011fine vurgu yap\u0131yor. (\u0130stanbul\/EVRENSEL)<\/p>\n<hr \/>\n<p><font><strong>Yanl\u0131\u015flar 1. maddeden ba\u015fl\u0131yor<\/strong><\/p>\n<p>Yasa tasla\u011f\u0131n\u0131n 1&rsquo;inci maddesini olu\u015fturan &lsquo;ama&ccedil;&rsquo; maddesinin yasa tasla\u011f\u0131n\u0131n &ouml;z&uuml;n&uuml; belirleyen bir madde oldu\u011funu belirten TTB, &ouml;nceki yasa tasla\u011f\u0131n\u0131n ama&ccedil; maddesinde yer alan &ldquo;&ccedil;al\u0131\u015fanlar\u0131n sa\u011fl\u0131k ve g&uuml;venlikleri&rdquo;, &ldquo;&ccedil;al\u0131\u015fan ve temsilcilerin e\u011fitimi ve bilgilendirilmesi, kat\u0131l\u0131m\u0131n\u0131n sa\u011flanmas\u0131&rdquo; s&ouml;zc&uuml;klerinin bu taslaktan &ccedil;\u0131kar\u0131lmas\u0131n\u0131 ele\u015ftiriyor. Taslakta, &ccedil;al\u0131\u015fan insandan &ccedil;ok, o insan\u0131n yapt\u0131\u011f\u0131 i\u015fin &ouml;ne &ccedil;\u0131kar\u0131larak temel al\u0131nd\u0131\u011f\u0131n\u0131 ifade eden TTB, tasla\u011f\u0131n t&uuml;m kurgusunun da buna g&ouml;re olu\u015fturuldu\u011funu s&ouml;yl&uuml;yor. Raporda, bu anlay\u0131\u015f\u0131n kendisini g&ouml;sterdi\u011fi bir di\u011fer maddenin de &ldquo;tan\u0131mlar&rdquo; maddesi oldu\u011fu kaydedildi. Tan\u0131mlar\u0131n i\u015f&ccedil;inin sa\u011fl\u0131\u011f\u0131 ve g&uuml;venli\u011fi d&uuml;\u015f&uuml;n&uuml;lerek yap\u0131lmamas\u0131 dikkat &ccedil;ekiyor. Taslakta &lsquo;tehlike&rsquo; \u015f&ouml;yle tan\u0131mlan\u0131yor: &ldquo;\u0130\u015fyerinde var olan ya da d\u0131\u015far\u0131dan gelebilecek, &ccedil;al\u0131\u015fan\u0131, i\u015fyerini ya da &uuml;retimi etkileyebilecek zarar veya hasar verme potansiyeli.&rdquo; Uluslararas\u0131 &Ccedil;al\u0131\u015fma &Ouml;rg&uuml;t&uuml; yay\u0131nlar\u0131nda ise tehlike; &ldquo;insanlar\u0131n yaralanmas\u0131na, &ouml;l&uuml;m&uuml;ne, m&uuml;lke, &ccedil;evreye ya da bunlar\u0131n hepsine veya bir k\u0131sm\u0131na zarar verme potansiyeli ta\u015f\u0131yan fiziksel bir durumdur&rdquo; diye tan\u0131mlan\u0131yor. <\/font><\/p>\n","protected":false},"excerpt":{"rendered":"<p>T&uuml;rk Tabipleri Birli\u011fi, &Ccedil;al\u0131\u015fma ve Sosyal G&uuml;venlik Bakanl\u0131\u011f\u0131 taraf\u0131ndan haz\u0131rlanan \u0130\u015f Sa\u011fl\u0131\u011f\u0131 ve G&uuml;venli\u011fi Yasa Tasar\u0131s\u0131 Tasla\u011f\u0131&rsquo;na ili\u015fkin g&ouml;r&uuml;\u015flerini bakanl\u0131\u011fa&#46;&#46;&#46;<\/p>\n","protected":false},"author":1,"featured_media":0,"comment_status":"closed","ping_status":"closed","sticky":false,"template":"","format":"standard","meta":{"_jetpack_memberships_contains_paid_content":false,"footnotes":""},"categories":[1],"tags":[],"class_list":["post-3466","post","type-post","status-publish","format-standard","hentry","category-ced"],"aioseo_notices":[],"jetpack_featured_media_url":"","jetpack_sharing_enabled":true,"jetpack-related-posts":[],"_links":{"self":[{"href":"http:\/\/www.ced.org.tr\/index.php?rest_route=\/wp\/v2\/posts\/3466","targetHints":{"allow":["GET"]}}],"collection":[{"href":"http:\/\/www.ced.org.tr\/index.php?rest_route=\/wp\/v2\/posts"}],"about":[{"href":"http:\/\/www.ced.org.tr\/index.php?rest_route=\/wp\/v2\/types\/post"}],"author":[{"embeddable":true,"href":"http:\/\/www.ced.org.tr\/index.php?rest_route=\/wp\/v2\/users\/1"}],"replies":[{"embeddable":true,"href":"http:\/\/www.ced.org.tr\/index.php?rest_route=%2Fwp%2Fv2%2Fcomments&post=3466"}],"version-history":[{"count":0,"href":"http:\/\/www.ced.org.tr\/index.php?rest_route=\/wp\/v2\/posts\/3466\/revisions"}],"wp:attachment":[{"href":"http:\/\/www.ced.org.tr\/index.php?rest_route=%2Fwp%2Fv2%2Fmedia&parent=3466"}],"wp:term":[{"taxonomy":"category","embeddable":true,"href":"http:\/\/www.ced.org.tr\/index.php?rest_route=%2Fwp%2Fv2%2Fcategories&post=3466"},{"taxonomy":"post_tag","embeddable":true,"href":"http:\/\/www.ced.org.tr\/index.php?rest_route=%2Fwp%2Fv2%2Ftags&post=3466"}],"curies":[{"name":"wp","href":"https:\/\/api.w.org\/{rel}","templated":true}]}}