{"id":3467,"date":"2008-11-03T12:51:54","date_gmt":"2008-11-03T10:51:54","guid":{"rendered":"http:\/\/www.ced.org.tr\/?p=3467"},"modified":"2008-11-03T12:51:54","modified_gmt":"2008-11-03T10:51:54","slug":"bakan-celik-isci-olumlerine-cozumu-yanlis-yerde-ariyor","status":"publish","type":"post","link":"http:\/\/www.ced.org.tr\/?p=3467","title":{"rendered":"BAKAN \u00c7EL\u0130K \u0130\u015e\u00c7\u0130 \u00d6L\u00dcMLER\u0130NE \u00c7\u00d6Z\u00dcM\u00dc YANLI\u015e YERDE ARIYOR"},"content":{"rendered":"<p style=\"margin: 0cm 0cm 0pt\" class=\"MsoNormal\"><font face=\"Times\"><em><strong><img loading=\"lazy\" decoding=\"async\" src=\"images\/stories\/belgeler\/bakancelikisciolumleri.jpg\" border=\"0\" alt=\"i\u015fci &ouml;l&uuml;mleri\" title=\"i\u015fci &ouml;l&uuml;mleri\" hspace=\"4\" vspace=\"4\" width=\"300\" height=\"230\" align=\"left\" \/>&Ccedil;al\u0131\u015fma ve Sosyal G&uuml;venlik Bakan\u0131 Faruk &Ccedil;elik&rsquo;in Uluslararas\u0131 \u0130\u015f Sa\u011fl\u0131\u011f\u0131 ve G&uuml;venli\u011fi B&ouml;lgesel Konferans\u0131&rsquo;nda yapt\u0131\u011f\u0131 konu\u015fma tepki &ccedil;ekti&#8230;<\/strong><\/em><\/font><\/p>\n<p><font face=\"Times\">&nbsp;<\/font> <\/p>\n<p style=\"margin: 0cm 0cm 0pt\" class=\"MsoNormal\"><font face=\"Times\">Uluslararas\u0131 &Ccedil;al\u0131\u015fma &Ouml;rg&uuml;t&uuml; verilerine g&ouml;re her y\u0131l 2 milyondan fazla insan i\u015f kazalar\u0131nda hayat\u0131n\u0131 kaybediyor. T&uuml;rkiye&quot;de yap\u0131lan ara\u015ft\u0131rmalara g&ouml;re ise &uuml;lkemizde yeterli i\u015fg&uuml;venli\u011fi tedbirleri al\u0131nmad\u0131\u011f\u0131ndan, &ccedil;al\u0131\u015fma \u015fartlar\u0131n\u0131n zorlu\u011fu ve uzunlu\u011fundan her 6 dakikada bir i\u015f kazas\u0131 oluyor. Herg&uuml;n ortalama 4 i\u015f&ccedil;i i\u015f kazalar\u0131 sonucu &ouml;l&uuml;yor.<\/font><\/p>\n<p style=\"margin: 0cm 0cm 0pt\" class=\"MsoNormal\"><font face=\"Times\">Ara\u015ft\u0131rmalar son derece k&ouml;t&uuml; tabloyu ortaya &ccedil;\u0131kar\u0131rken &Ccedil;al\u0131\u015fma ve Sosyal G&uuml;venlik Bakan\u0131 Faruk &Ccedil;elik ise 5&rsquo;inci Uluslararas\u0131 \u0130\u015f Sa\u011fl\u0131\u011f\u0131 ve G&uuml;venli\u011fi B&ouml;lgesel Konferans\u0131&rsquo;nda ilgin&ccedil; bir a&ccedil;\u0131klamada bulundu. Bakan &Ccedil;elik, &ldquo; 8 ayda Tuzla&rsquo;daki 18 bin i\u015f&ccedil;iye i\u015f sa\u011fl\u0131\u011f\u0131 ve g&uuml;venli\u011fi e\u011fitimi verildi&rdquo; dedi. Bakan\u0131n bu<span>&nbsp; <\/span>a&ccedil;\u0131klamas\u0131 &ldquo; \u0130\u015f g&uuml;venli\u011fi tedbirleri konusunda,<span>&nbsp;&nbsp; <\/span>i\u015f g&uuml;venli\u011fi olmayan i\u015flerde<span>&nbsp; <\/span>mecburen &ccedil;al\u0131\u015fan i\u015f&ccedil;iler mi yoksa daha fazla kar amac\u0131yla i\u015f g&uuml;venli\u011fi tedbirlerini i\u015fyerlerinde &ouml;nemsemeyen<span>&nbsp; <\/span>patronlar m\u0131 e\u011fitilmeli&rdquo; sorusunu ak\u0131llara getirdi.<\/font><\/p>\n<div id=\"news_content\" class=\"news-capts12\" align=\"justify\" style=\"margin: 10px 3px 2px 10px\">\n<p style=\"margin: 0cm 0cm 0pt\" class=\"MsoNormal\">&nbsp;<\/p>\n<p><font face=\"Times\">&nbsp;<\/font> <\/p>\n<p style=\"margin: 0cm 0cm 0pt\" class=\"MsoNormal\"><font face=\"Times\">BAKAN ve YASA PROTESTO ED\u0130LD\u0130<\/font><\/p>\n<p style=\"margin: 0cm 0cm 0pt\" class=\"MsoNormal\"><font face=\"Times\">\u0130stanbulda d&uuml;zenlenen Uluslaras\u0131 \u0130\u015f Sa\u011fl\u0131\u011f\u0131 ve G&uuml;venli\u011fi B&ouml;lgesel Konferarans&quot;\u0131nda i\u015f g&uuml;venli\u011fi konusuna olan ilgisini ve bilgisini &quot;Gen&ccedil;lerin ve kad\u0131nlar\u0131n istihdam\u0131na &ouml;nem veriyoruz. D&uuml;nyadaki ekonomik krize ra\u011fmen T&uuml;rkiye&rsquo;de, son 2 ayda, 42 bin ki\u015fiye istihdam sa\u011fland\u0131.&quot; \u015feklindeki konu\u015fmas\u0131yla ortaya koyan Bakan &Ccedil;elik protesto edildi. Demokratik Kitle &Ouml;rg&uuml;tleri bakan &Ccedil;elik&quot;in yan\u0131s\u0131ra \u015fu an meclisin g&uuml;ndeminde olan &ccedil;al\u0131\u015fanlar\u0131n durumunu daha k&ouml;t&uuml; hale getirecek \u0130\u015f Sa\u011fl\u0131\u011f\u0131 ve G&uuml;venli\u011fi Yasa Tasar\u0131s\u0131n\u0131 da protesto etti. Protesto eylemine Herkese Sa\u011fl\u0131k G&uuml;venlik Gelecek Platformu bile\u015fenleriyle beraber D\u0130SK, KESK, TTB, TMMOB &uuml;yeleri, Limter-\u0130\u015f y&ouml;neticisi Levent Akhan ve tersane i\u015f&ccedil;ileri, kot ta\u015flama i\u015f&ccedil;ileri, Davutpa\u015fa katliam\u0131 ma\u011fdurlar\u0131, K\u0131z\u0131lay&quot;da i\u015ften at\u0131lan Dev Sa\u011fl\u0131k-\u0130\u015f &uuml;yeleri<span>&nbsp; <\/span>kat\u0131ld\u0131. Bir bas\u0131n a&ccedil;\u0131klamas\u0131 yapan Demokratik Kitle &Ouml;rg&uuml;tleri, patronlar i&ccedil;in de\u011fil, i\u015f&ccedil;iler i&ccedil;in d&uuml;zenlemeler yap\u0131lmas\u0131 istedi. Yap\u0131lan a&ccedil;\u0131klamada kendisini bu &uuml;lkeyi pazarlamakla y&uuml;k&uuml;mlendiren h&uuml;k&uuml;metin sata sata, i\u015f&ccedil;i sa\u011fl\u0131\u011f\u0131 ve i\u015f g&uuml;venli\u011fi alan\u0131na kadar geldi\u011fi vurguland\u0131. Genel Sa\u011fl\u0131k Sigortas\u0131&quot;yla sa\u011fl\u0131k ve emeklilik hakk\u0131n\u0131n &ccedil;al\u0131nmas\u0131n\u0131n ard\u0131ndan yine reform diye yutturulmaya &ccedil;al\u0131\u015f\u0131lan &quot;\u0130\u015f Sa\u011fl\u0131\u011f\u0131 ve G&uuml;venli\u011fi Yasa Tasar\u0131s\u0131&quot; ile i\u015f&ccedil;i sa\u011fl\u0131\u011f\u0131 ve g&uuml;venli\u011fi hizmetlerinin ta\u015ferona devredilmesinin ve i\u015fyeri hekimlerinin esnek &ccedil;al\u0131\u015ft\u0131r\u0131lmas\u0131n\u0131n &ouml;n&uuml;n&uuml;n a&ccedil;\u0131ld\u0131\u011f\u0131 belirtildi. A&ccedil;\u0131klamada ayr\u0131ca, &quot;\u0130\u015f sa\u011fl\u0131\u011f\u0131 ve g&uuml;venli\u011fi kapsam\u0131nda &ccedil;al\u0131\u015fanlar, aileleri ile birlikte ve ya\u015famlar\u0131ndaki t&uuml;m ko\u015fullar d&uuml;\u015f&uuml;n&uuml;lerek de\u011ferlendirilmelidir. Fiziksel ve ruhsal olarak asgari ko\u015fullara sahip olmayan bir insan\u0131n sa\u011fl\u0131kl\u0131 olmas\u0131ndan bahsedilemez&quot; denildi. A&ccedil;\u0131klamada bunlar\u0131n d\u0131\u015f\u0131nda, d&uuml;\u015f&uuml;k &uuml;crete, esnek &ccedil;al\u0131\u015fmaya, ta\u015feronla\u015ft\u0131rman\u0131n as\u0131l &ccedil;al\u0131\u015ft\u0131rma bi&ccedil;imi haline getirilmesine ve sendikala\u015fman\u0131n &ouml;n&uuml;ndeki engellerin kald\u0131r\u0131lmas\u0131na y&ouml;nelik d&uuml;zenlemeler de i&ccedil;ermesi gerekti\u011finin alt\u0131 &ccedil;izildi. Protesto eylemi s\u0131rsas\u0131nda ayr\u0131ca konu\u015fmalarda yap\u0131ld\u0131. &Ouml;l&uuml;mc&uuml;l silikosiz hastal\u0131\u011f\u0131na yakalanan kot kumlama i\u015f&ccedil;ileri ad\u0131na konu\u015fan Prof. Dr. Zeki K\u0131l\u0131&ccedil;aslan, Kot kumlama hastal\u0131\u011f\u0131n\u0131n ger&ccedil;ek nedeninin vah\u015fi kapitalizm oldu\u011funu s&ouml;yledi. K\u0131l\u0131&ccedil;aslan, &ldquo;T&uuml;rkiye&quot;de 3 &#8211; 5 bin kadar silikosiz hastas\u0131 oldu\u011fu tahmin ediliyor; fakat te\u015fhis konulan ki\u015fi say\u0131s\u0131 sadece 500.&rdquo; dedi K\u0131l\u0131&ccedil;aslan ayr\u0131ca &ldquo; &Ouml;l&uuml;me terk edilen i\u015f&ccedil;iler hukuksal bir m&uuml;cadeleye ba\u015flasa bile sonu&ccedil;lanmadan &ouml;l&uuml;yor.&rdquo; diye konu\u015ftu. K\u0131l\u0131&ccedil;aslan \u015funu da s&ouml;yledi: &ldquo;Bir i\u015f&ccedil;iyi SSK&quot;s\u0131 yok diye hastaneye almayan bu d&uuml;zenin y\u0131k\u0131lmas\u0131n\u0131 istiyorum&quot; Ayr\u0131ca Davutpa\u015fa patlamas\u0131n\u0131n bir tan\u0131\u011f\u0131 da konu\u015fma yapt\u0131. Tan\u0131k, i\u015f&ccedil;i katliam\u0131yla ilgili a&ccedil;\u0131lan dava hakk\u0131nda bilgi verdi. Yap\u0131lan konu\u015fmada ya\u015fanan patlamayla ilgili su&ccedil;lanan 30 ki\u015fiden 15&quot;inin &ouml;lm&uuml;\u015f oldu\u011fu belirtildi ve davan\u0131n zaman a\u015f\u0131m\u0131na s&uuml;r&uuml;klenmek istendi\u011fi s&ouml;ylendi. Devlet taraf\u0131ndan verilen s&ouml;zlerin de tutulmad\u0131\u011f\u0131n\u0131 belirten Davutpa\u015fa i\u015f&ccedil;i katliam\u0131 tan\u0131\u011f\u0131, &quot;&Ouml;leni saniyesinde g&ouml;m&uuml;yorlar. dedi. Protesto eylemi, emek &ouml;rg&uuml;tlerinin de kat\u0131l\u0131m\u0131yla yeni bir i\u015f g&uuml;venli\u011fi yasa tasar\u0131s\u0131 haz\u0131rlamak i&ccedil;in T&uuml;rkiye &ccedil;ap\u0131nda etkin bir m&uuml;cadeleye giri\u015filmesi gereklili\u011fine dikkat &ccedil;ekilerek bitirildi.<\/font><\/p>\n<\/div>\n","protected":false},"excerpt":{"rendered":"<p>&Ccedil;al\u0131\u015fma ve Sosyal G&uuml;venlik Bakan\u0131 Faruk &Ccedil;elik&rsquo;in Uluslararas\u0131 \u0130\u015f Sa\u011fl\u0131\u011f\u0131 ve G&uuml;venli\u011fi B&ouml;lgesel Konferans\u0131&rsquo;nda yapt\u0131\u011f\u0131 konu\u015fma tepki &ccedil;ekti&#8230; &nbsp; Uluslararas\u0131&#46;&#46;&#46;<\/p>\n","protected":false},"author":1,"featured_media":0,"comment_status":"closed","ping_status":"closed","sticky":false,"template":"","format":"standard","meta":{"_jetpack_memberships_contains_paid_content":false,"footnotes":""},"categories":[1],"tags":[],"class_list":["post-3467","post","type-post","status-publish","format-standard","hentry","category-ced"],"aioseo_notices":[],"jetpack_featured_media_url":"","jetpack_sharing_enabled":true,"jetpack-related-posts":[],"_links":{"self":[{"href":"http:\/\/www.ced.org.tr\/index.php?rest_route=\/wp\/v2\/posts\/3467","targetHints":{"allow":["GET"]}}],"collection":[{"href":"http:\/\/www.ced.org.tr\/index.php?rest_route=\/wp\/v2\/posts"}],"about":[{"href":"http:\/\/www.ced.org.tr\/index.php?rest_route=\/wp\/v2\/types\/post"}],"author":[{"embeddable":true,"href":"http:\/\/www.ced.org.tr\/index.php?rest_route=\/wp\/v2\/users\/1"}],"replies":[{"embeddable":true,"href":"http:\/\/www.ced.org.tr\/index.php?rest_route=%2Fwp%2Fv2%2Fcomments&post=3467"}],"version-history":[{"count":0,"href":"http:\/\/www.ced.org.tr\/index.php?rest_route=\/wp\/v2\/posts\/3467\/revisions"}],"wp:attachment":[{"href":"http:\/\/www.ced.org.tr\/index.php?rest_route=%2Fwp%2Fv2%2Fmedia&parent=3467"}],"wp:term":[{"taxonomy":"category","embeddable":true,"href":"http:\/\/www.ced.org.tr\/index.php?rest_route=%2Fwp%2Fv2%2Fcategories&post=3467"},{"taxonomy":"post_tag","embeddable":true,"href":"http:\/\/www.ced.org.tr\/index.php?rest_route=%2Fwp%2Fv2%2Ftags&post=3467"}],"curies":[{"name":"wp","href":"https:\/\/api.w.org\/{rel}","templated":true}]}}