{"id":3468,"date":"2008-11-03T12:57:07","date_gmt":"2008-11-03T10:57:07","guid":{"rendered":"http:\/\/www.ced.org.tr\/?p=3468"},"modified":"2008-11-03T12:57:07","modified_gmt":"2008-11-03T10:57:07","slug":"turkiyede-5-milyon-issiz-var","status":"publish","type":"post","link":"http:\/\/www.ced.org.tr\/?p=3468","title":{"rendered":"T\u00dcRK\u0130YE&#8217;DE 5 M\u0130LYON \u0130\u015eS\u0130Z VAR"},"content":{"rendered":"<p style=\"margin: 0cm 0cm 0pt\" class=\"MsoNormal\"><font face=\"Times\"><strong><em><img loading=\"lazy\" decoding=\"async\" src=\"images\/stories\/belgeler\/5milyonissiz.jpg\" border=\"0\" alt=\"5 milyon i\u015fsiz\" title=\"5 milyon i\u015fsiz\" hspace=\"4\" vspace=\"4\" width=\"300\" height=\"230\" align=\"left\" \/>&Ouml;nlem al\u0131nmad\u0131\u011f\u0131 takdirde i\u015fsizli\u011fin artaca\u011f\u0131n\u0131 ve hayat\u0131n daha da pahalanaca\u011f\u0131n\u0131 belirten Ar\u0131kan, acilen istihdam &uuml;zerindeki vergi ve prim y&uuml;k&uuml;n&uuml;n d&uuml;\u015f&uuml;r&uuml;lmesi gerekti\u011fini savundu&#8230;<\/em><\/strong><\/font><\/p>\n<p><font face=\"Times\">&nbsp;<\/font> <\/p>\n<p style=\"margin: 0cm 0cm 0pt\" class=\"MsoNormal\"><font face=\"Times\">\u0130stanbul Serbest Muhasebeci Mali M&uuml;\u015favirler Odas\u0131 (\u0130SMMMO) Ba\u015fkan\u0131 Yahya Ar\u0131kan, h&uuml;k&uuml;metin yar\u0131m b\u0131rakt\u0131\u011f\u0131 vergi indirimlerinin tam zaman\u0131 oldu\u011funu belirterek, sigorta prim oranlar\u0131nda yeni bir indirim planlanmas\u0131 ve &uuml;cretlilerin daha d&uuml;\u015f&uuml;k oranl\u0131 ve daha y&uuml;ksek dilimli bir tarifeye g&ouml;re vergilendirilmesinin sa\u011flanmas\u0131 gerekti\u011fini bildirdi. Ar\u0131kan, &quot;5 milyon i\u015fsiz var, h&uuml;k&uuml;metin buna odaklanmas\u0131 laz\u0131m&quot; a&ccedil;\u0131klamas\u0131nda bulundu.<\/font><\/p>\n<p style=\"margin: 0cm 0cm 0pt\" class=\"MsoNormal\"><font face=\"Times\">\u0130SMMMO&quot;dan yap\u0131lan yaz\u0131l\u0131 a&ccedil;\u0131klamada, global finansal krize y&ouml;nelik &uuml;lkelerin ald\u0131\u011f\u0131 &ouml;nlemlerde paran\u0131n finans kesimine aktar\u0131ld\u0131\u011f\u0131n\u0131, bunun halka yans\u0131mas\u0131n\u0131n ise i\u015fsizlik ve enflasyon olarak ger&ccedil;ekle\u015fti\u011fini kaydetti. Ar\u0131kan, halihaz\u0131rda i\u015fsiz say\u0131s\u0131n\u0131n 5 milyona yakla\u015ft\u0131\u011f\u0131na i\u015faret ederek, h&uuml;k&uuml;metin, i\u015fsizlik konusuna odaklanmas\u0131, bu &ccedil;er&ccedil;evede Ar-Ge te\u015fviklerine ve kay\u0131t d\u0131\u015f\u0131 ile m&uuml;cadeleye &ouml;nem vermesi gerekti\u011fini ifade etti.<\/font><\/p>\n<div id=\"news_content\" class=\"news-capts12\" align=\"justify\" style=\"margin: 10px 3px 2px 10px\">\n<p style=\"margin: 0cm 0cm 0pt\" class=\"MsoNormal\">&nbsp;<\/p>\n<p><font face=\"Times\">&nbsp;<\/font> <\/p>\n<p style=\"margin: 0cm 0cm 0pt\" class=\"MsoNormal\"><font face=\"Times\">&lsquo;&Uuml;CRETL\u0130N\u0130N VERG\u0130S\u0130 D&Uuml;\u015e&Uuml;K OLMALI&rsquo;<\/font><\/p>\n<p style=\"margin: 0cm 0cm 0pt\" class=\"MsoNormal\"><font face=\"Times\">Krizin, T&uuml;rkiye&quot;ye ger&ccedil;ek sorunlar\u0131 ve &ccedil;&ouml;z&uuml;m aray\u0131\u015flar\u0131n\u0131 unutturmamas\u0131 gerekti\u011fini kaydeden Ar\u0131kan, &ouml;nlem al\u0131nmad\u0131\u011f\u0131 takdirde i\u015fsizli\u011fin artaca\u011f\u0131n\u0131 ve hayat\u0131n pahalanaca\u011f\u0131n\u0131, buna engel olmak i&ccedil;in de hi&ccedil; gecikilmeden istihdam &uuml;zerindeki vergi ve prim y&uuml;k&uuml;n&uuml;n d&uuml;\u015f&uuml;r&uuml;lmesi gerekti\u011fini savundu. Ar\u0131kan, vergi aflar\u0131na ve vergi yasalar\u0131nda s\u0131k s\u0131k de\u011fi\u015fikli\u011fe kar\u015f\u0131 olduklar\u0131n\u0131 belirterek, \u015fu g&ouml;r&uuml;\u015fleri ortaya koydu:<\/font><\/p>\n<p style=\"margin: 0cm 0cm 0pt\" class=\"MsoNormal\"><font face=\"Times\">&quot;&quot;Ancak \u015fimdi h&uuml;k&uuml;metin yar\u0131m b\u0131rakt\u0131\u011f\u0131 vergi indirimlerinin tam zaman\u0131d\u0131r. Kurumlar vergisinde yap\u0131lan indirim gelir vergisinde bu d&ouml;nemde g&uuml;ndeme al\u0131nmal\u0131d\u0131r. Prim oranlar\u0131nda yeni bir indirim planlanmal\u0131 ama daha &ouml;nemlisi &uuml;cretlilerin daha d&uuml;\u015f&uuml;k oranl\u0131 ve daha y&uuml;ksek dilimli bir tarifeye g&ouml;re vergilendirilmesi sa\u011flanmal\u0131d\u0131r.&quot;&quot;<\/font><\/p>\n<p><font face=\"Times\">&nbsp;<\/font> <\/p>\n<p style=\"margin: 0cm 0cm 0pt\" class=\"MsoNormal\"><font face=\"Times\">&lsquo;FAZLA MESA\u0130LER KALDIRILMALI&rsquo;<\/font><\/p>\n<p style=\"margin: 0cm 0cm 0pt\" class=\"MsoNormal\"><font face=\"Times\">\u0130SMMMO Ba\u015fkan\u0131 Yahya Ar\u0131kan, T&uuml;rkiye&quot;nin istihdam\u0131 &ouml;zendiren, &ccedil;al\u0131\u015fana &ccedil;\u0131kar\u0131lacak faturay\u0131 payla\u015ft\u0131ran radikal &ouml;nlemlerle di\u011fer &uuml;lkelere de &ouml;rnek olabilece\u011fini kaydederek, \u015f&ouml;yle devam etti:<\/font><\/p>\n<p style=\"margin: 0cm 0cm 0pt\" class=\"MsoNormal\"><font face=\"Times\">&quot;&quot;Her gelirin kayna\u011f\u0131n\u0131 sorarak vergilendirmeliyiz. \u0130\u015f yerlerinde &ccedil;ok k\u0131sa vadede al\u0131nabilecek &ouml;nlemler de vard\u0131r. \u0130\u015fletmeler, i\u015ften &ccedil;\u0131karma yoluna ba\u015fvurmadan fazla mesai uygulamas\u0131n\u0131 kald\u0131rabilir.&quot;&quot;<\/font><\/p>\n<p><font face=\"Times\">&nbsp;<\/font> <\/p>\n<p style=\"margin: 0cm 0cm 0pt\" class=\"MsoNormal\"><font face=\"Times\">***<\/font><\/p>\n<p style=\"margin: 0cm 0cm 0pt\" class=\"MsoNormal\"><font face=\"Times\">Ar\u0131kan: Vergiler y&uuml;ksek ve adaletsiz<\/font><\/p>\n<p style=\"margin: 0cm 0cm 0pt\" class=\"MsoNormal\"><font face=\"Times\">T&Uuml;RK\u0130YE&rsquo;de di\u011fer &ouml;nemli bir sorunun da, t&uuml;ketim &uuml;zerinden al\u0131nan vergilerin getirdi\u011fi adaletsizlikten kaynakland\u0131\u011f\u0131na i\u015faret eden \u0130stanbul Serbest Muhasebeci Mali M&uuml;\u015favirler Odas\u0131 Ba\u015fkan\u0131 Yahya Ar\u0131kan, en zengin ve en fakir kesimlerin e\u015fit vergilendirildi\u011fi t&uuml;ketim vergilerinin pay\u0131n\u0131n y&uuml;zde 65 dolay\u0131nda oldu\u011funu belirtti. Ar\u0131kan, &quot;&quot;Vergileme alan\u0131nda T&uuml;rkiye &ccedil;ok b&uuml;y&uuml;k bir &ccedil;arp\u0131kl\u0131k ya\u015f\u0131yor. Bir taraftan al\u0131nan vergiler y&uuml;ksek ve adaletsiz, di\u011fer taraftan da toplama bakt\u0131\u011f\u0131n\u0131z zaman T&uuml;rkiye ki\u015fi ba\u015f\u0131na vergi gelirinde ortalama bin dolar civar\u0131nda ve pek &ccedil;ok &uuml;lkeye k\u0131yasla &ccedil;ok geride&quot;&quot; de\u011ferlendirmesinde bulundu.<\/font><\/p>\n<\/div>\n","protected":false},"excerpt":{"rendered":"<p>&Ouml;nlem al\u0131nmad\u0131\u011f\u0131 takdirde i\u015fsizli\u011fin artaca\u011f\u0131n\u0131 ve hayat\u0131n daha da pahalanaca\u011f\u0131n\u0131 belirten Ar\u0131kan, acilen istihdam &uuml;zerindeki vergi ve prim y&uuml;k&uuml;n&uuml;n d&uuml;\u015f&uuml;r&uuml;lmesi&#46;&#46;&#46;<\/p>\n","protected":false},"author":1,"featured_media":0,"comment_status":"closed","ping_status":"closed","sticky":false,"template":"","format":"standard","meta":{"_jetpack_memberships_contains_paid_content":false,"footnotes":""},"categories":[1],"tags":[],"class_list":["post-3468","post","type-post","status-publish","format-standard","hentry","category-ced"],"aioseo_notices":[],"jetpack_featured_media_url":"","jetpack_sharing_enabled":true,"jetpack-related-posts":[],"_links":{"self":[{"href":"http:\/\/www.ced.org.tr\/index.php?rest_route=\/wp\/v2\/posts\/3468","targetHints":{"allow":["GET"]}}],"collection":[{"href":"http:\/\/www.ced.org.tr\/index.php?rest_route=\/wp\/v2\/posts"}],"about":[{"href":"http:\/\/www.ced.org.tr\/index.php?rest_route=\/wp\/v2\/types\/post"}],"author":[{"embeddable":true,"href":"http:\/\/www.ced.org.tr\/index.php?rest_route=\/wp\/v2\/users\/1"}],"replies":[{"embeddable":true,"href":"http:\/\/www.ced.org.tr\/index.php?rest_route=%2Fwp%2Fv2%2Fcomments&post=3468"}],"version-history":[{"count":0,"href":"http:\/\/www.ced.org.tr\/index.php?rest_route=\/wp\/v2\/posts\/3468\/revisions"}],"wp:attachment":[{"href":"http:\/\/www.ced.org.tr\/index.php?rest_route=%2Fwp%2Fv2%2Fmedia&parent=3468"}],"wp:term":[{"taxonomy":"category","embeddable":true,"href":"http:\/\/www.ced.org.tr\/index.php?rest_route=%2Fwp%2Fv2%2Fcategories&post=3468"},{"taxonomy":"post_tag","embeddable":true,"href":"http:\/\/www.ced.org.tr\/index.php?rest_route=%2Fwp%2Fv2%2Ftags&post=3468"}],"curies":[{"name":"wp","href":"https:\/\/api.w.org\/{rel}","templated":true}]}}