{"id":3470,"date":"2008-11-04T11:13:13","date_gmt":"2008-11-04T09:13:13","guid":{"rendered":"http:\/\/www.ced.org.tr\/?p=3470"},"modified":"2008-11-04T11:13:13","modified_gmt":"2008-11-04T09:13:13","slug":"iste-saglikta-donusum","status":"publish","type":"post","link":"http:\/\/www.ced.org.tr\/?p=3470","title":{"rendered":"\u0130\u015fte sa\u011fl\u0131kta d\u00f6n\u00fc\u015f\u00fcm"},"content":{"rendered":"<p><font face=\"Verdana\" size=\"2\" color=\"#295d8c\">Muayene olmak isteyenler uzun kuyruklarda sinir krizi ge&ccedil;irdi. Aile hekiminden sevk almayanlar geri &ccedil;evrildi<\/font><font><br \/><\/font><\/p>\n<p><font>AKP&rsquo;nin hayata ge&ccedil;irdi\u011fi &lsquo;sa\u011fl\u0131kta d&ouml;n&uuml;\u015f&uuml;m&rsquo; politikalar\u0131 gere\u011fi devlet memurlar\u0131 d\u0131\u015f\u0131ndakiler, art\u0131k aile hekimlerinden sevk almadan hastanelere gidemeyecek. Sa\u011fl\u0131k Bakanl\u0131\u011f\u0131 taraf\u0131ndan pilot b&ouml;lge olarak se&ccedil;ilen 4 ilden biri olan Isparta&rsquo;da uygulama, hastanelerde karga\u015faya yol a&ccedil;arken, kimi hastalar sinir krizleri ge&ccedil;irdi. <\/font><\/p>\n<p><font><\/p>\n<p><strong>&lsquo;Rezillik uygulamas\u0131&rsquo;<\/strong><br \/>Isparta&rsquo;n\u0131n E\u011fridir il&ccedil;esinden Isparta&rsquo;ya acil olarak gelen Ay\u015fe K&uuml;&ccedil;&uuml;kco\u015fkun, hastaneye geldi\u011finde ikinci bir kez sevk istedi\u011fini, bunun &uuml;zerine sa\u011fl\u0131k oca\u011f\u0131na gitti\u011finde kendisine 350&rsquo;nci s\u0131ran\u0131n verildi\u011fini s&ouml;yledi. &Ouml;\u011fle paydosuna kadar s\u0131ra gelmedi\u011fini ifade eden K&uuml;&ccedil;&uuml;kco\u015fkun, bu uygulaman\u0131n ad\u0131n\u0131n &lsquo;rezillik uygulamas\u0131&rsquo;ndan ba\u015fka bir \u015fey olmad\u0131\u011f\u0131n\u0131 kaydetti. <\/p>\n<p>Bir ba\u015fka hasta Hamide Ery\u0131lmaz da kuca\u011f\u0131nda &ccedil;ocu\u011fuyla birlikte 3 saattir sevk s\u0131ras\u0131 bekledi\u011fini anlatt\u0131. Ery\u0131lmaz, &ldquo;Bu nas\u0131l bir uygulama anlayamad\u0131m. Sabah saatlerinde geldim, ancak &ouml;n&uuml;mde 400 ki\u015fi daha var. Kuca\u011f\u0131mda &ccedil;ocuk ile g&uuml;ne\u015fin alt\u0131nda bekliyoruz. Buradan sevk al\u0131p, hastaneye gidip ne zaman muayene olaca\u011f\u0131m bilmiyorum. Bu uygulamadan vazge&ccedil;ilmeli&rdquo; dedi.<br \/>Siyasilere &ouml;fke duyan Mustafa Soydin&ccedil; de, Aksu il&ccedil;esinin Y\u0131lanl\u0131 k&ouml;y&uuml;nden geldi\u011fini belirterek, bu \u015fartlar alt\u0131nda 2 g&uuml;nde ancak muayene olabilece\u011fini bildirdi. Uygulaman\u0131n zaman ve i\u015fg&uuml;c&uuml; kayb\u0131yla birlikte vatanda\u015f\u0131n psikolojisini de iyice bozdu\u011funu ifade eden Soydin&ccedil;, &ldquo;Sa\u011fl\u0131kta bu kadar yenilik yap\u0131lm\u0131\u015fken, tekrar eski sisteme geri d&ouml;n&uuml;lmesi anlams\u0131z. Vatanda\u015f\u0131 bir sevk ka\u011f\u0131d\u0131na mahkum etmek nas\u0131l bir yenilik olabilir?&rdquo; diye konu\u015ftu.<br \/><strong>&nbsp;<\/strong><\/p>\n<p><strong>Acil olmayan hastalar geri &ccedil;evrildi <\/strong><br \/>Isparta Sa\u011fl\u0131k \u0130l M&uuml;d&uuml;r&uuml; Dr. S&uuml;leyman &Ouml;nal, hasta say\u0131s\u0131n\u0131n bir anda y&uuml;zde 70 artmas\u0131ndan dolay\u0131 sa\u011fl\u0131k merkezlerinde ola\u011fan&uuml;st&uuml; bir yo\u011funluk ya\u015fand\u0131\u011f\u0131n\u0131 belirterek, &ldquo;Acil servislerimizde de s\u0131k\u0131nt\u0131 var. Acil olmayan vakalar geri g&ouml;nderildi\u011finde g&ouml;revlilerimiz vatanda\u015fla kar\u015f\u0131 kar\u015f\u0131ya kal\u0131yor. Hastan\u0131n durumu acil de\u011filse kurum bunun kar\u015f\u0131l\u0131\u011f\u0131n\u0131 &ouml;demiyor. Ancak vatanda\u015flara bunu anlatmam\u0131z m&uuml;mk&uuml;n de\u011fil. Di\u011fer bir s\u0131k\u0131nt\u0131 da ayn\u0131 g&uuml;n ikinci poliklini\u011fe gidip muayene olam\u0131yorsunuz. Herkes kendi aile hekimine giderse yo\u011funluk azal\u0131r diye d&uuml;\u015f&uuml;n&uuml;yorum&rdquo; dedi.<\/p>\n<p><\/font><\/p>\n","protected":false},"excerpt":{"rendered":"<p>Muayene olmak isteyenler uzun kuyruklarda sinir krizi ge&ccedil;irdi. Aile hekiminden sevk almayanlar geri &ccedil;evrildi AKP&rsquo;nin hayata ge&ccedil;irdi\u011fi &lsquo;sa\u011fl\u0131kta d&ouml;n&uuml;\u015f&uuml;m&rsquo; politikalar\u0131&#46;&#46;&#46;<\/p>\n","protected":false},"author":1,"featured_media":0,"comment_status":"closed","ping_status":"closed","sticky":false,"template":"","format":"standard","meta":{"_jetpack_memberships_contains_paid_content":false,"footnotes":""},"categories":[1],"tags":[],"class_list":["post-3470","post","type-post","status-publish","format-standard","hentry","category-ced"],"aioseo_notices":[],"jetpack_featured_media_url":"","jetpack_sharing_enabled":true,"jetpack-related-posts":[],"_links":{"self":[{"href":"http:\/\/www.ced.org.tr\/index.php?rest_route=\/wp\/v2\/posts\/3470","targetHints":{"allow":["GET"]}}],"collection":[{"href":"http:\/\/www.ced.org.tr\/index.php?rest_route=\/wp\/v2\/posts"}],"about":[{"href":"http:\/\/www.ced.org.tr\/index.php?rest_route=\/wp\/v2\/types\/post"}],"author":[{"embeddable":true,"href":"http:\/\/www.ced.org.tr\/index.php?rest_route=\/wp\/v2\/users\/1"}],"replies":[{"embeddable":true,"href":"http:\/\/www.ced.org.tr\/index.php?rest_route=%2Fwp%2Fv2%2Fcomments&post=3470"}],"version-history":[{"count":0,"href":"http:\/\/www.ced.org.tr\/index.php?rest_route=\/wp\/v2\/posts\/3470\/revisions"}],"wp:attachment":[{"href":"http:\/\/www.ced.org.tr\/index.php?rest_route=%2Fwp%2Fv2%2Fmedia&parent=3470"}],"wp:term":[{"taxonomy":"category","embeddable":true,"href":"http:\/\/www.ced.org.tr\/index.php?rest_route=%2Fwp%2Fv2%2Fcategories&post=3470"},{"taxonomy":"post_tag","embeddable":true,"href":"http:\/\/www.ced.org.tr\/index.php?rest_route=%2Fwp%2Fv2%2Ftags&post=3470"}],"curies":[{"name":"wp","href":"https:\/\/api.w.org\/{rel}","templated":true}]}}