{"id":3474,"date":"2008-11-07T12:35:40","date_gmt":"2008-11-07T10:35:40","guid":{"rendered":"http:\/\/www.ced.org.tr\/?p=3474"},"modified":"2008-11-07T12:35:40","modified_gmt":"2008-11-07T10:35:40","slug":"yokun-yok-ettikleri","status":"publish","type":"post","link":"http:\/\/www.ced.org.tr\/?p=3474","title":{"rendered":"Y\u00d6K&#8217;\u00fcn yok ettikleri"},"content":{"rendered":"<p><font face=\"Verdana\" size=\"2\" color=\"#295d8c\">12 Eyl&uuml;l darbesinin ucubesi olan Y&Ouml;K kuruldu\u011fu y\u0131ldan bu yana &uuml;niversitelerde bilimsel e\u011fitimi yok etti<\/font><font size=\"+0\"><br \/>Kuruldu\u011fundan beri s&uuml;rekli tart\u0131\u015fma konusu olan Y&uuml;ksek &Ouml;\u011fretim Kurulu (Y&Ouml;K), her iktidara gelenin siyasi g&ouml;r&uuml;\u015flerini a&ccedil;\u0131\u011fa &ccedil;\u0131kard\u0131\u011f\u0131 bir kurulu\u015f olarak g&uuml;ndemdeki yerini korudu.<\/font><\/p>\n<p>&Uuml;niversitelerin vazge&ccedil;ilmez &ouml;zelli\u011fi olan akademik bilimsel e\u011fitim, Y&Ouml;K ile birlikte dibe vurmu\u015f durumda. E\u011fitimin temel bile\u015fenlerinden &ouml;\u011frencilerin ve &ouml;\u011fretim &uuml;yelerinin ne inisiyatif koyabildi\u011fi ne de karar almada yetkisinin oldu\u011fu Y&Ouml;K, 1980 darbesinin ucubesi olarak varl\u0131\u011f\u0131n\u0131 devam ettiriyor. <br \/>Bug&uuml;n darbenin &uuml;r&uuml;n&uuml; olan Y&Ouml;K&rsquo;&uuml;n 27. kurulu\u015f y\u0131l d&ouml;n&uuml;m&uuml;. Yine Y&Ouml;K protestolar\u0131 ile ortak taleplerde bula\u015facak olan &ouml;\u011frenciler, e\u011fitim kurumlar\u0131 ve siyasi partiler, Y&Ouml;K&rsquo;&uuml;n tamamen kald\u0131r\u0131lmas\u0131n\u0131, &uuml;niversitelerin &uuml;zerindeki bask\u0131c\u0131 ve antidemokratik yap\u0131n\u0131n ortadan kalkmas\u0131n\u0131 isteyecek. <br \/><strong>&nbsp;<\/strong><\/p>\n<p><strong>&Ouml;\u011frenciler ve akademisyenler ma\u011fdur durumda<\/strong><br \/>Marmara &Uuml;niversitesi Uluslararas\u0131 \u0130li\u015fkiler Kul&uuml;b&uuml; Y&ouml;netim Kurulu &Uuml;yesi ve Siyaset Bilimi &uuml;&ccedil;&uuml;nc&uuml; s\u0131n\u0131f &ouml;\u011frencisi Ula\u015f Orkun, Y&Ouml;K&rsquo;&uuml;n merkezi olarak, &ouml;\u011frencilerin, &uuml;niversitelerin &ouml;zg&uuml;rle\u015fmesine kar\u015f\u0131 duran tamamen merkeziyet&ccedil;i, &ouml;\u011frencilerin &ouml;zg&uuml;rl&uuml;klerini k\u0131s\u0131tlayan ve &ouml;\u011frencileri m&uuml;\u015fteriye d&ouml;n&uuml;\u015ft&uuml;ren bir kurum oldu\u011funu ifade etti. &Uuml;niversitelerin tamamen merkezden ba\u011f\u0131ms\u0131z kurumlara d&ouml;n&uuml;\u015ft&uuml;r&uuml;lmesi gerekti\u011fine dikkat &ccedil;eken Orkun, &uuml;niversitelerde ya\u015fad\u0131klar\u0131 sorunlar\u0131 \u015f&ouml;yle anlatt\u0131: &ldquo;Bug&uuml;n &ccedil;o\u011fu &uuml;niversite i&ccedil;in ne laboratuvar ortam\u0131ndan ne de yeterli derslikten s&ouml;z edilebilir. Okudu\u011fum s\u0131n\u0131f 90 ki\u015fi ama kapasitesi 70 ki\u015fi. Rekt&ouml;rlere gitti\u011fimizde &lsquo;Bize b&ouml;yle emrediliyor. Bize b&ouml;yle maddi yard\u0131mda bulunuluyor&rsquo; a&ccedil;\u0131klamalar\u0131 ile kar\u015f\u0131la\u015f\u0131yoruz. Y&Ouml;K&rsquo;&uuml;n bu objektif d\u0131\u015f\u0131 uygulamalar\u0131, biz &ouml;\u011frencileri ma\u011fdur etti\u011fi kadar akademisyenleri de ma\u011fdur ediyor.&rdquo; Y&Ouml;K&rsquo;&uuml;n tasfiyesini isteyen Orun, &uuml;niversitelerin tek ba\u015f\u0131na bir kurum olarak &ouml;zg&uuml;r bir yap\u0131 olu\u015fturmas\u0131 gerekti\u011fini ifade etti.<br \/><strong>&nbsp;<\/strong><\/p>\n<p><strong>Y&Ouml;K, tektiple\u015ftirmenin &uuml;niversite aya\u011f\u0131 <\/strong><br \/>Marmara &Uuml;niversitesi Hukuk Fak&uuml;ltesi &uuml;&ccedil;&uuml;nc&uuml; s\u0131n\u0131f &ouml;\u011frencisi Erkan &Ccedil;etin, &uuml;niversitelerdeki bilimsel &ouml;zg&uuml;rl&uuml;\u011f&uuml; yok etmek i&ccedil;in kurulmu\u015f olan Y&Ouml;K&rsquo;&uuml;n eskiden Kemalist, askeri ve b&uuml;rokratik elitler taraf\u0131ndan idare edildi\u011fini belirterek, g&uuml;n&uuml;m&uuml;zde ise T&uuml;rk-\u0130slam sentezini temsil eden, liberalleri kullanarak, &ouml;zg&uuml;rl&uuml;k taraftar\u0131ym\u0131\u015f gibi g&ouml;r&uuml;nen bir zihniyet taraf\u0131ndan y&ouml;netildi\u011fini vurgulad\u0131. &Ccedil;etin, h&uuml;k&uuml;metin &uuml;niversiteleri kendi zihniyetine &ccedil;evirme &ccedil;abas\u0131nda oldu\u011funu s&ouml;yleyerek, &ldquo;Y&Ouml;K&rsquo;e ba\u011fl\u0131 bir kurumun &ouml;zerkli\u011fi tart\u0131\u015f\u0131l\u0131r. Tektiple\u015ftirmenin &uuml;niversite aya\u011f\u0131 olan Y&Ouml;K&rsquo;&uuml;n tamam\u0131yla kalkmas\u0131 laz\u0131m&rdquo; dedi.<br \/><strong>&nbsp;<\/strong><\/p>\n<p><strong>Y&Ouml;K amac\u0131na ula\u015fm\u0131\u015ft\u0131r<\/strong><br \/>Marmara &Uuml;niversitesi Psikolojik Dan\u0131\u015fmanl\u0131k ve Rehberlik Kul&uuml;b&uuml; Y&ouml;netim Kurulu &Uuml;yesi Do\u011fukan \u015eayan ise Y&Ouml;K ile &uuml;niversitedeki &ouml;\u011frencilerin toplumsal muhalefete kat\u0131lmalar\u0131n\u0131n &ouml;n&uuml;n&uuml;n kesildi\u011fini vurgulayarak, bug&uuml;n hocalar\u0131n bile Y&Ouml;K&rsquo;&uuml;n dayatmalar\u0131ndan rahats\u0131z oldu\u011funu ve bir&ccedil;ok &uuml;niversite &ouml;\u011frencisinin Y&Ouml;K diye bir kurumdan haberdar olmad\u0131\u011f\u0131n\u0131 belirtti. Bu durumun Y&Ouml;K&rsquo;&uuml;n sorgulamayan, ara\u015ft\u0131rmayan bir toplum yaratmaktaki ba\u015far\u0131s\u0131n\u0131 g&ouml;sterdi\u011fini bildiren \u015eayan, &ldquo;&lsquo;Nas\u0131l bir &uuml;lkede ya\u015fayabiliriz, sorunlar ne ve nas\u0131l &ccedil;&ouml;z&uuml;m getiririz&rsquo; noktas\u0131nda hi&ccedil;bir d&uuml;\u015f&uuml;nceleri yok. &Ouml;ncelikle, &uuml;lkede ya\u015fanan kampla\u015fmalara kar\u015f\u0131 &uuml;niversitedeki &ouml;\u011frencilerin bir araya gelebilece\u011fi en geni\u015f &ccedil;er&ccedil;evede bir platform olu\u015fturulmal\u0131&rdquo; diye g&ouml;r&uuml;\u015f belirtti.<br \/><strong>&nbsp;<\/strong><\/p>\n<p><strong>Y&Ouml;K \u015fimdi de AKP&rsquo;nin ma\u015fas\u0131<\/strong><br \/>\u0130stanbul &Uuml;niversitesi Yabanc\u0131 Diller B&ouml;l&uuml;m&uuml; S\u0131n\u0131f Temsilcisi Serdar Do\u011fan, 1980 darbesinden sonra gen&ccedil;lik hareketlerini &ouml;nlemek amac\u0131yla kurulan Y&Ouml;K&rsquo;&uuml;n, &ouml;\u011frenciler &uuml;zerinde bir denetleme mekanizmas\u0131 ile hareket etti\u011fini ifade ederek, Y&Ouml;K&rsquo;&uuml;n; dolay\u0131s\u0131yla &uuml;niversiteler &uuml;zerindeki bask\u0131n\u0131n kalkmas\u0131n\u0131 talep etti. \u0130stanbul &Uuml;niversitesi Bilgi ve Belge Y&ouml;netimi birinci s\u0131n\u0131f &ouml;\u011frencisi Melisa Sivri, &ldquo;\u0130ktidar, kendi ideolojisini; kendi gerici ve fa\u015fist ideolojisini &uuml;niversitelerde yaymak amac\u0131yla Y&Ouml;K&rsquo;&uuml; &ccedil;ok iyi kullan\u0131yor&rdquo; dedi. Y&Ouml;K Ba\u015fkan\u0131 &Ouml;zcan&rsquo;a ili\u015fkin Sivri, &ldquo;Yakas\u0131nda bir AKP kart\u0131 eksiktir&rdquo; diyerek, &uuml;niversitelerini AKP&rsquo;ye b\u0131rakmak istemediklerini ifade etti. Felsefe B&ouml;l&uuml;m&uuml; &ouml;\u011frencisi Zafer G&uuml;nd&uuml;z, &uuml;niversitelerdeki bask\u0131 ve &ouml;\u011frencilere a&ccedil;\u0131lan soru\u015fturmalarla, y&ouml;netim-polis i\u015f birli\u011finin h&acirc;l&acirc; devam etti\u011fini s&ouml;yleyerek, \u015fimdiki iktidar\u0131n icraatlar\u0131n\u0131n, Y&Ouml;K ile birlikte &uuml;niversitelerin temel mant\u0131\u011f\u0131 olan &uuml;niversitelerin ticarile\u015ftirilmesi politikas\u0131n\u0131n devam\u0131n\u0131 sa\u011flamaktan &ouml;teye gitmedi\u011fini dile getirdi. G&uuml;nd&uuml;z, t&uuml;m bu sorunlar\u0131n; ba\u015fta Y&Ouml;K kald\u0131r\u0131lmas\u0131; halk i&ccedil;in bilim, halk i&ccedil;in e\u011fitim ve halk i&ccedil;in &uuml;niversitenin hedeflenmesi, e\u011fitimin &ccedil;ok yoksul kesimlere kadar ve bilimselli\u011fi art\u0131r\u0131larak g&ouml;t&uuml;r&uuml;lmesiyle de\u011fi\u015febilece\u011fini s&ouml;yledi. (\u0130stanbul\/EVRENSEL)<\/p>\n<hr \/>\n<p><font size=\"+0\"><strong>Y&Ouml;K ile &uuml;niversiteler y\u0131k\u0131nt\u0131da <\/strong><br \/>&Ouml;\u011fretim &Uuml;yeleri Derne\u011fi Ba\u015fkan\u0131 Tahsin Ye\u015fildere, Y&Ouml;K&rsquo;&uuml;n yap\u0131s\u0131n\u0131n de\u011fi\u015fmesiyle &ouml;z&uuml;n&uuml;n de\u011fi\u015fmedi\u011fini s&ouml;yledi. Bu defa da kendi &ccedil;\u0131karlar\u0131 do\u011frultusunda yap\u0131y\u0131 kullanmaya ba\u015flad\u0131klar\u0131na dikkat &ccedil;eken Ye\u015fildere, &ldquo;Bundan &ouml;ncekiler nas\u0131l kendi siyasi g&ouml;r&uuml;\u015fleri do\u011frultusunda Y&Ouml;K&rsquo;&uuml; nas\u0131l kullan\u0131yorlarsa, bu anlamda da AKP&rsquo;nin g&uuml;d&uuml;m&uuml;nde Y&Ouml;K Ba\u015fkan\u0131, h&uuml;k&uuml;met ve Cumhurba\u015fkan\u0131 &uuml;&ccedil;geni i&ccedil;erisinde, &uuml;niversitelere s\u0131k\u0131\u015fm\u0131\u015f durumda&rdquo; dedi. Askeri darbenin &uuml;r&uuml;n&uuml; olan Y&Ouml;K ile &uuml;niversitelerin tamiri m&uuml;mk&uuml;n olmayan y\u0131k\u0131nt\u0131lar i&ccedil;erisinde oldu\u011funa dikkat &ccedil;eken Ye\u015fildere, &ldquo;Y&Ouml;K&rsquo;te ac\u0131mas\u0131z darbe izlerini s&uuml;rd&uuml;ren ben merkezci, teokratik d&uuml;zen devam ediyor. T&uuml;rkiye&rsquo;de &ouml;nemli bir siyasi &ccedil;\u0131kmaz var. \u0130nsan haklar\u0131 konusunda ad\u0131mlar at\u0131lmam\u0131\u015f. \u0130\u015fkenceler, ekonomik krizler, yoksulluk diz boyu; bunlar 1980 &uuml;r&uuml;n&uuml;&rdquo; dedi. Ye\u015fildere, &uuml;niversitelerde hem &ouml;\u011frenci hem de &ouml;\u011fretim &uuml;yesi ve &ccedil;al\u0131\u015fan\u0131n\u0131 kapsayan t&uuml;m bile\u015fenlerle, d&uuml;\u015f&uuml;ncelerin &ouml;zg&uuml;rce ifade edilebilece\u011fi ortamlar\u0131n yarat\u0131lmas\u0131 gerekti\u011fini belirterek, Y&Ouml;K &uuml;r&uuml;n&uuml; zihniyetin ortadan kald\u0131r\u0131lmas\u0131 gerekti\u011finin de alt\u0131n\u0131 &ccedil;izdi. Ye\u015fildere &ldquo;&Uuml;niversite &ouml;\u011fretim &uuml;yelerinin art\u0131k yurti&ccedil;i ve yurtd\u0131\u015f\u0131nda &ouml;zg&uuml;rce dola\u015fmas\u0131 sa\u011flanmal\u0131. Disiplini &ouml;ng&ouml;ren cezalar\u0131n kald\u0131r\u0131lmas\u0131, &ouml;\u011frenciler &uuml;zerindeki bask\u0131lar\u0131n kald\u0131r\u0131lmas\u0131 gerekir. Vak\u0131f &uuml;niversiteleri de s\u0131k\u0131 denetim alt\u0131na al\u0131nmal\u0131. T&uuml;rkiye&rsquo;de yeni &uuml;niversitelerin a&ccedil;\u0131lmas\u0131n\u0131n &ouml;n&uuml;ne ge&ccedil;ilmeli. Verimsiz hale gelmi\u015f olan fak&uuml;ltelerin de birle\u015ftirilmesi gerekiyor&rdquo; diyerek, &uuml;niversitelerin &ouml;zerk, demokratik bir yap\u0131ya kavu\u015fmas\u0131 i&ccedil;in gerekli ko\u015fullar\u0131 s\u0131ralad\u0131. <\/font><\/p>\n","protected":false},"excerpt":{"rendered":"<p>12 Eyl&uuml;l darbesinin ucubesi olan Y&Ouml;K kuruldu\u011fu y\u0131ldan bu yana &uuml;niversitelerde bilimsel e\u011fitimi yok ettiKuruldu\u011fundan beri s&uuml;rekli tart\u0131\u015fma konusu olan&#46;&#46;&#46;<\/p>\n","protected":false},"author":1,"featured_media":0,"comment_status":"closed","ping_status":"closed","sticky":false,"template":"","format":"standard","meta":{"_jetpack_memberships_contains_paid_content":false,"footnotes":""},"categories":[1],"tags":[],"class_list":["post-3474","post","type-post","status-publish","format-standard","hentry","category-ced"],"aioseo_notices":[],"jetpack_featured_media_url":"","jetpack_sharing_enabled":true,"jetpack-related-posts":[],"_links":{"self":[{"href":"http:\/\/www.ced.org.tr\/index.php?rest_route=\/wp\/v2\/posts\/3474","targetHints":{"allow":["GET"]}}],"collection":[{"href":"http:\/\/www.ced.org.tr\/index.php?rest_route=\/wp\/v2\/posts"}],"about":[{"href":"http:\/\/www.ced.org.tr\/index.php?rest_route=\/wp\/v2\/types\/post"}],"author":[{"embeddable":true,"href":"http:\/\/www.ced.org.tr\/index.php?rest_route=\/wp\/v2\/users\/1"}],"replies":[{"embeddable":true,"href":"http:\/\/www.ced.org.tr\/index.php?rest_route=%2Fwp%2Fv2%2Fcomments&post=3474"}],"version-history":[{"count":0,"href":"http:\/\/www.ced.org.tr\/index.php?rest_route=\/wp\/v2\/posts\/3474\/revisions"}],"wp:attachment":[{"href":"http:\/\/www.ced.org.tr\/index.php?rest_route=%2Fwp%2Fv2%2Fmedia&parent=3474"}],"wp:term":[{"taxonomy":"category","embeddable":true,"href":"http:\/\/www.ced.org.tr\/index.php?rest_route=%2Fwp%2Fv2%2Fcategories&post=3474"},{"taxonomy":"post_tag","embeddable":true,"href":"http:\/\/www.ced.org.tr\/index.php?rest_route=%2Fwp%2Fv2%2Ftags&post=3474"}],"curies":[{"name":"wp","href":"https:\/\/api.w.org\/{rel}","templated":true}]}}