{"id":3476,"date":"2008-11-11T12:42:54","date_gmt":"2008-11-11T10:42:54","guid":{"rendered":"http:\/\/www.ced.org.tr\/?p=3476"},"modified":"2008-11-11T12:42:54","modified_gmt":"2008-11-11T10:42:54","slug":"kriz-teget-degil-ortamizdan-geciyor","status":"publish","type":"post","link":"http:\/\/www.ced.org.tr\/?p=3476","title":{"rendered":"Kriz te\u011fet de\u011fil ortam\u0131zdan ge\u00e7iyor"},"content":{"rendered":"<p><font face=\"Verdana\" size=\"2\" color=\"#295d8c\">Te\u011fet ge&ccedil;ece\u011fi s&ouml;ylenen kriz etkisini art\u0131r\u0131yor. B&uuml;y&uuml;menin &ouml;nc&uuml; g&ouml;stergesi sanayi &uuml;retimi eyl&uuml;l ay\u0131nda y&uuml;zde 5.5 geriledi <\/font><font><br \/><\/font><\/p>\n<p>&nbsp;<\/p>\n<p><font>Ekonomik b&uuml;y&uuml;menin &ouml;nc&uuml; g&ouml;stergesi niteli\u011findeki sanayi &uuml;retimi eyl&uuml;l ay\u0131nda beklentilerin &ccedil;ok alt\u0131nda ger&ccedil;ekle\u015fti ve &uuml;&ccedil;&uuml;nc&uuml; &ccedil;eyrek i&ccedil;in eksi b&uuml;y&uuml;me sinyali geldi. T&uuml;rkiye \u0130statistik Kurumu (T&Uuml;\u0130K) verilerine g&ouml;re, eyl&uuml;l ay\u0131nda sanayi &uuml;retimi y&uuml;zde 5.5 geriledi. <br \/><\/font><\/p>\n<p><font>Bunun ayl\u0131k bazda 2001 y\u0131l\u0131ndan bu yana kaydedilen en y&uuml;ksek oranl\u0131 &uuml;retim d&uuml;\u015f&uuml;\u015f&uuml; oldu\u011fu belirlendi. <br \/>Kriz y\u0131l\u0131 olan 2001&rsquo;de aylar itibariyle &ccedil;ift haneli oranlarda d&uuml;\u015f&uuml;\u015fler g&ouml;steren sanayi &uuml;retimi, izleyen d&ouml;nemde \u015eubat 2002&rsquo;deki y&uuml;zde 5.5&rsquo;lik d&uuml;\u015f&uuml;\u015ften sonra, y&uuml;ksek oranl\u0131 art\u0131\u015flar g&ouml;stermi\u015f, Ocak 2006&rsquo;da ise y&uuml;zde 5.2 ile bundan &ouml;nceki en y&uuml;ksek d&uuml;\u015f&uuml;\u015f&uuml; kaydetmi\u015fti. eyl&uuml;l ay\u0131nda, sanayinin alt sekt&ouml;rleri d&uuml;zeyinde madencilik sekt&ouml;r&uuml; endeksi y&uuml;zde 4.3 azal\u0131rken, imalat sanayii sekt&ouml;r&uuml;n&uuml;n &uuml;retim endeksindeki d&uuml;\u015f&uuml;\u015f ise y&uuml;zde 6.4&rsquo;le olduk&ccedil;a y&uuml;ksek d&uuml;zeye ula\u015ft\u0131. Elektrik, gaz ve su sekt&ouml;r&uuml; endeksi ise y&uuml;zde 1.6 art\u0131\u015f g&ouml;sterdi. <br \/><strong>&nbsp;<\/strong><\/font><\/p>\n<p><font><strong>\u0130malat krizde<\/strong><br \/>\u0130malat sanayiinde eyl&uuml;l ay\u0131nda ya\u015fanan d&uuml;\u015f&uuml;\u015f&uuml;n, Ocak 2006&rsquo;daki y&uuml;zde 7&rsquo;den sonraki en y&uuml;ksek oran oldu\u011fu belirlendi. Buna g&ouml;re imalat sanayiinin &uuml;retimi eyl&uuml;lde son 32 ay\u0131n en h\u0131zl\u0131 d&uuml;\u015f&uuml;\u015f&uuml;n&uuml; kaydetti. Y\u0131l\u0131n ilk dokuz ayl\u0131k ortalamas\u0131 ge&ccedil;en y\u0131l\u0131n dokuz ayl\u0131k ortalamas\u0131 ile kar\u015f\u0131la\u015ft\u0131r\u0131ld\u0131\u011f\u0131nda, toplam sanayi sekt&ouml;r&uuml; endeksi y&uuml;zde 2.5 art\u0131\u015f g&ouml;sterdi. <br \/>Dokuz ayl\u0131k ortalamalara g&ouml;re madencilik sekt&ouml;r&uuml; endeksi y&uuml;zde 7.1 artarken, imalat sanayi sekt&ouml;r&uuml; endeksindeki art\u0131\u015f y&uuml;zde 1.9&rsquo;da kald\u0131. Elektrik, gaz ve su sekt&ouml;r&uuml; endeksindeki art\u0131\u015f da y&uuml;zde 6.2 oldu.<br \/><strong>&nbsp;<\/strong><\/font><\/p>\n<p><font><strong>Y&uuml;zde 30&rsquo;a varan d&uuml;\u015f&uuml;\u015fler <\/strong><br \/>\u0130malat sanayiinin alt sekt&ouml;rlerine bak\u0131ld\u0131\u011f\u0131nda eyl&uuml;l ay\u0131nda ge&ccedil;en y\u0131l\u0131n ayn\u0131 ay\u0131na g&ouml;re en h\u0131zl\u0131 &uuml;retim d&uuml;\u015f&uuml;\u015f&uuml;n&uuml;n y&uuml;zde 29.2 ile T&uuml;t&uuml;n &Uuml;r&uuml;nleri \u0130malat\u0131nda oldu\u011fu g&ouml;r&uuml;ld&uuml;. Bu sekt&ouml;r&uuml; y&uuml;zde 23.8 &uuml;retim d&uuml;\u015f&uuml;\u015f&uuml; ile Derinin \u0130\u015flenmesi, Bavul, &Ccedil;anta vb. \u0130malat\u0131 ve y&uuml;zde 19.4&rsquo;l&uuml;k d&uuml;\u015f&uuml;\u015fle Radyo Tv Haberle\u015fme Cihazlar\u0131 \u0130malat\u0131 izledi.<\/font><\/p>\n","protected":false},"excerpt":{"rendered":"<p>Te\u011fet ge&ccedil;ece\u011fi s&ouml;ylenen kriz etkisini art\u0131r\u0131yor. B&uuml;y&uuml;menin &ouml;nc&uuml; g&ouml;stergesi sanayi &uuml;retimi eyl&uuml;l ay\u0131nda y&uuml;zde 5.5 geriledi &nbsp; Ekonomik b&uuml;y&uuml;menin &ouml;nc&uuml;&#46;&#46;&#46;<\/p>\n","protected":false},"author":1,"featured_media":0,"comment_status":"closed","ping_status":"closed","sticky":false,"template":"","format":"standard","meta":{"_jetpack_memberships_contains_paid_content":false,"footnotes":""},"categories":[1],"tags":[],"class_list":["post-3476","post","type-post","status-publish","format-standard","hentry","category-ced"],"aioseo_notices":[],"jetpack_featured_media_url":"","jetpack_sharing_enabled":true,"jetpack-related-posts":[],"_links":{"self":[{"href":"http:\/\/www.ced.org.tr\/index.php?rest_route=\/wp\/v2\/posts\/3476","targetHints":{"allow":["GET"]}}],"collection":[{"href":"http:\/\/www.ced.org.tr\/index.php?rest_route=\/wp\/v2\/posts"}],"about":[{"href":"http:\/\/www.ced.org.tr\/index.php?rest_route=\/wp\/v2\/types\/post"}],"author":[{"embeddable":true,"href":"http:\/\/www.ced.org.tr\/index.php?rest_route=\/wp\/v2\/users\/1"}],"replies":[{"embeddable":true,"href":"http:\/\/www.ced.org.tr\/index.php?rest_route=%2Fwp%2Fv2%2Fcomments&post=3476"}],"version-history":[{"count":0,"href":"http:\/\/www.ced.org.tr\/index.php?rest_route=\/wp\/v2\/posts\/3476\/revisions"}],"wp:attachment":[{"href":"http:\/\/www.ced.org.tr\/index.php?rest_route=%2Fwp%2Fv2%2Fmedia&parent=3476"}],"wp:term":[{"taxonomy":"category","embeddable":true,"href":"http:\/\/www.ced.org.tr\/index.php?rest_route=%2Fwp%2Fv2%2Fcategories&post=3476"},{"taxonomy":"post_tag","embeddable":true,"href":"http:\/\/www.ced.org.tr\/index.php?rest_route=%2Fwp%2Fv2%2Ftags&post=3476"}],"curies":[{"name":"wp","href":"https:\/\/api.w.org\/{rel}","templated":true}]}}