{"id":3477,"date":"2008-11-12T11:02:12","date_gmt":"2008-11-12T09:02:12","guid":{"rendered":"http:\/\/www.ced.org.tr\/?p=3477"},"modified":"2008-11-12T11:02:12","modified_gmt":"2008-11-12T09:02:12","slug":"kriz-etkisini-artiriyor-emekcinin-ofkesi-buyuyor","status":"publish","type":"post","link":"http:\/\/www.ced.org.tr\/?p=3477","title":{"rendered":"Kriz etkisini art\u0131r\u0131yor Emek\u00e7inin \u00f6fkesi b\u00fcy\u00fcyor"},"content":{"rendered":"<p><font face=\"Verdana\" size=\"2\" color=\"#295d8c\">Sanayide kapasite kulan\u0131m oran\u0131 d&uuml;\u015ft&uuml;. Metal i\u015f&ccedil;ileri, patron sendikas\u0131n\u0131n &ouml;n&uuml;nde protesto eylemi ger&ccedil;ekle\u015ftirdi. E\u011fitimciler zamlara tepki g&ouml;sterdi<\/font><\/p>\n<p><font size=\"+0\"><br \/>Sanayi &uuml;retiminde eyl&uuml;l ay\u0131nda ya\u015fanan rekor d&uuml;\u015f&uuml;\u015f&uuml;n ard\u0131ndan bir k&ouml;t&uuml; haber daha geldi. A&ccedil;\u0131klanan ekim ay\u0131 imalat sanayii kapasite kullan\u0131m oran\u0131 da k&uuml;resel krize ba\u011fl\u0131 daralman\u0131n sanayi sekt&ouml;r&uuml; &uuml;zerindeki tahribat\u0131n\u0131n boyutunu g&ouml;zler &ouml;n&uuml;ne serdi. \u0130malat sanayiinde kapasite kullan\u0131m oran\u0131, ekim ay\u0131nda ge&ccedil;en y\u0131l\u0131n ayn\u0131 ay\u0131na g&ouml;re 6.4 puan azalarak y&uuml;zde 76.7 d&uuml;zeyine indi.<br \/><\/font><\/p>\n<p>&nbsp;<\/p>\n<p><font size=\"+0\"><strong>Metal i\u015f&ccedil;ilerinden MESS &ccedil;\u0131kartmas\u0131 <\/strong><br \/>Toplus&ouml;zle\u015fme g&ouml;r&uuml;\u015fmelerinde uyu\u015fmazl\u0131k zapt\u0131 tutulan metal sekt&ouml;r&uuml;nde i\u015f&ccedil;iler eylemlerini &ccedil;e\u015fitlendiriyor. G&ouml;r&uuml;\u015fmelerin t\u0131kand\u0131\u011f\u0131 g&uuml;nden itibaren her cuma sabah\u0131 eylem yapan metal i\u015f&ccedil;ileri, d&uuml;n de MESS &ouml;n&uuml;nde bir araya geldiler. <br \/><\/font><\/p>\n<p><font size=\"+0\">&ldquo;MESS MESS \u015fa\u015f\u0131rma sabr\u0131m\u0131z\u0131 ta\u015f\u0131rma&rdquo;, &ldquo;Krizin faturas\u0131 patronlara&rdquo;, &ldquo;Sadaka de\u011fil toplus&ouml;zle\u015fme&rdquo;, &ldquo;\u0130\u015f ekmek yoksa bar\u0131\u015f da yok&rdquo; sloganlar\u0131yla yolu trafi\u011fe kapatan metal i\u015f&ccedil;ileri, &Ccedil;a\u011flayan&rsquo;dan MESS&rsquo;in binas\u0131na y&uuml;r&uuml;d&uuml;ler. <br \/>Metal sekt&ouml;r&uuml;n&uuml; &uuml;lkenin devi haline getiren i\u015f&ccedil;ilerin patronlar taraf\u0131ndan k&ouml;le gibi g&ouml;r&uuml;ld&uuml;\u011f&uuml;n&uuml; belirten Birle\u015fik Metal-\u0130\u015f Genel Sekreteri Sel&ccedil;uk G&ouml;kta\u015f&rsquo;\u0131n, &ldquo;Y&uuml;zde 4.15 zam vermek istiyorlar, ikramiyelerimizi d&uuml;\u015f&uuml;rmek istiyorlar, fazla mesai &uuml;cretlerimizi d&uuml;\u015f&uuml;rmek istiyorlar, esnek &ccedil;al\u0131\u015fmay\u0131 uygulamak istiyorlar. Bunlar\u0131 kabul edecek misiniz&rdquo; sorusuna eyleme kat\u0131lan i\u015f&ccedil;ilerin tamam\u0131 hep bir a\u011f\u0131zdan &ldquo;Hay\u0131r&rdquo; diye yan\u0131t verdiler. <br \/><strong>&nbsp;<\/strong><\/font><\/p>\n<p><font size=\"+0\"><strong>Patronlar\u0131n 5 y\u0131ll\u0131k zulalar\u0131 var <\/strong><br \/>Krizin faturas\u0131n\u0131n i\u015f&ccedil;ilere &ouml;detilmek istendi\u011fini belirten G&ouml;kta\u015f, patronlar\u0131n &ldquo;Metal i\u015f&ccedil;isi &uuml;zerine d&uuml;\u015feni yapt\u0131&rdquo; s&ouml;zlerini hat\u0131rlat\u0131p bu ger&ccedil;e\u011fi kabul ettiklerini ifade ederek, &ldquo;O zaman \u015fimdi siz &uuml;zerinize d&uuml;\u015feni yap\u0131n. Bir ald\u0131k 5 kazand\u0131rd\u0131k&rdquo; dedi. <br \/><\/font><\/p>\n<p><font size=\"+0\">&ldquo;Ba\u015fbakan 40 y\u0131lda bir de olsa do\u011fru s&ouml;yledi. Patronlar\u0131n 2 y\u0131ll\u0131k zulalar\u0131 oldu\u011funu ifade etti. Bizim hesaplamalar\u0131m\u0131za g&ouml;re 5 y\u0131ll\u0131k zulalar\u0131 var. O zaman kriz diye kar\u015f\u0131m\u0131za &ccedil;\u0131kmas\u0131nlar. 2001 krizinde b&uuml;t&uuml;n faturay\u0131 biz &ouml;derken onlar k&acirc;rlar\u0131n\u0131 devam ettiriyorlard\u0131r, ibreler hep yukar\u0131y\u0131 g&ouml;steriyordu&rdquo; diyen G&ouml;kta\u015f, Ba\u015fbakan&rsquo;a seslenerek, krizin oldu\u011funu kabul ediyorsa i\u015ften atmalar\u0131 yasaklamas\u0131n\u0131, &ouml;nlemler almas\u0131n\u0131 istedi. Bu &uuml;lkede sadece patronlar\u0131n de\u011fil i\u015f&ccedil;ilerin de ya\u015fad\u0131\u011f\u0131n\u0131 s&ouml;yleyen G&ouml;kta\u015f, patronlara kaynak aktaran h&uuml;k&uuml;metin en az\u0131ndan i\u015f&ccedil;ilerin birikimi olan \u0130\u015fsizlik Fonu&rsquo;ndaki paralar\u0131 da i\u015f&ccedil;ilere vermesini istedi. G&ouml;kta\u015f, &ldquo;MESS ya bu teklifini de\u011fi\u015ftirsin ya da i\u015fte hodri meydan, grevde g&ouml;r&uuml;\u015f&uuml;r&uuml;z. Biz patronlarla ayn\u0131 gemide de\u011filiz. Ayn\u0131 gemide olsak birlikte batard\u0131k ama hep biz bat\u0131yoruz. O zaman bizim &ouml;n&uuml;m&uuml;zde bir se&ccedil;enek var, o da m&uuml;cadele. Bizim yan\u0131m\u0131zda olanlarla birlikte m&uuml;cadele edece\u011fiz&rdquo; diye konu\u015ftu. G&ouml;kta\u015f&rsquo;\u0131n konu\u015fmas\u0131n\u0131n ard\u0131ndan i\u015f&ccedil;iler, &ldquo;Bu kavgaya girdik geri d&ouml;n&uuml;\u015f yok&rdquo; slogan\u0131 att\u0131. \u0130\u015f&ccedil;iler, a&ccedil;\u0131klaman\u0131n ard\u0131ndan MESS&rsquo;in &ouml;n&uuml;nde 5 dakika oturma eylemi yapt\u0131ktan sonra da\u011f\u0131ld\u0131lar.<br \/><\/font><\/p>\n<hr \/>\n<p><font size=\"+0\"><strong>E\u011fitimciler zamlar\u0131 protesto etti<\/strong><br \/>AKP H&uuml;k&uuml;meti&rsquo;nin ba\u015fta do\u011fal gaza yapt\u0131\u011f\u0131 zamlara kar\u015f\u0131 emek&ccedil;ilerin tepkisi devam ediyor. E\u011fitim Sen \u0130stanbul 3 No&rsquo;lu \u015eube &uuml;yesi e\u011fitim emek&ccedil;ileri, &ouml;nceki g&uuml;n ak\u015fam saatlerinde \u015ei\u015fli&rsquo;de bulunan \u0130GDA\u015e binas\u0131na y&uuml;r&uuml;yerek zamlar\u0131 protesto ettiler. Cevahir Otel&rsquo;te toplanan e\u011fitimciler, buradan &ldquo;So\u011fukta &ouml;lmek istemiyoruz&rdquo;, &ldquo;Do\u011fal gaz zamlar\u0131 geri al\u0131ns\u0131n&rdquo; sloganlar\u0131 ile \u0130GDA\u015e&rsquo;a y&uuml;r&uuml;d&uuml;ler. Burada a&ccedil;\u0131klama yapan E\u011fitim Sen 3 No&rsquo;lu \u015eube Ba\u015fkan\u0131 Nebat Bukrek, &ldquo;kriz bizi etkilemez&rdquo; diyen Ba\u015fbakan&rsquo;\u0131n ilk faturay\u0131 emek&ccedil;i halka y\u0131kt\u0131\u011f\u0131n\u0131 ifade etti. Ba\u015fbakan&rsquo;\u0131n, &lsquo;IMF&rsquo;nin &uuml;m&uuml;\u011f&uuml;m&uuml;z&uuml; s\u0131kmas\u0131na izin vermeyece\u011fiz&rsquo; s&ouml;z&uuml;n&uuml; hat\u0131rlatan Bukrek, do\u011fal gaza yap\u0131lan zamma onay veren Ba\u015fbakan&rsquo;\u0131n halk\u0131n &uuml;m&uuml;\u011f&uuml;n&uuml; s\u0131kt\u0131\u011f\u0131n\u0131 dile getirdi. Okullarda ise do\u011fal gaz zamlar\u0131n\u0131n velilerden tahsil edilmek istendi\u011fini s&ouml;yleyen Bukrek, e\u011fitimcilerin velilerden para toplamayaca\u011f\u0131n\u0131 da ifade etti. Bukrek, zamlar geri al\u0131nana kadar sokaklara &ccedil;\u0131kmaya devam edeceklerini belirtti. Eylem, at\u0131lan sloganlarla sona erdi. (\u0130stanbul\/EVRENSEL)<br \/><\/font><\/p>\n<hr \/>\n<p><font size=\"+0\"><strong>Kapasite kullan\u0131m\u0131nda rekor d&uuml;\u015f&uuml;\u015f<\/strong><br \/>T&uuml;rkiye \u0130statistik Kurumu (T&Uuml;\u0130K), imalat sanayiinde ger&ccedil;ekle\u015ftirdi\u011fi Ayl\u0131k \u0130malat Sanayi E\u011filim Anketi&rsquo;nin ekim ay\u0131 sonu&ccedil;lar\u0131n\u0131 a&ccedil;\u0131klad\u0131.<br \/>Ankete yan\u0131t veren 4 bin 855 i\u015fyerinden derlenen verilerin ge&ccedil;ici analiz sonu&ccedil;lar\u0131na g&ouml;re ge&ccedil;en y\u0131l ekim ay\u0131nda y&uuml;zde 83.1 olan &uuml;retim de\u011feri a\u011f\u0131rl\u0131kl\u0131 kapasite kullan\u0131m oran\u0131, bu y\u0131l\u0131n ekim ay\u0131nda y&uuml;zde 76.7 d&uuml;zeyinde kald\u0131.<br \/>\u0130malat sanayiinin ba\u015fl\u0131ca alt sekt&ouml;rlerinin neredeyse tamam\u0131nda kapasite kullan\u0131m\u0131nda d&uuml;\u015f&uuml;\u015f ya\u015fand\u0131. En b&uuml;y&uuml;k gerileme 18.7 puanla b&uuml;ro, muhasebe ve bilgi i\u015flem makinelerinde g&ouml;r&uuml;ld&uuml;. Sekt&ouml;r&uuml;n kapasite kullan\u0131m\u0131 y&uuml;zde 72.6&rsquo;dan y&uuml;zde 53.9&rsquo;a geriledi. Ba\u015fl\u0131ca alt sekt&ouml;rler i&ccedil;inde ekimde en d&uuml;\u015f&uuml;k kapasiteyle &ccedil;al\u0131\u015fan sekt&ouml;r b&uuml;ro, muhasebe ve bilgi i\u015flem oldu. Kapasite kullan\u0131m oran\u0131 ta\u015f\u0131t ara&ccedil;lar\u0131nda 14.9 puan d&uuml;\u015ferek y&uuml;zde 75.3&rsquo;e, ana metal sanayiinde 11.3 puan d&uuml;\u015ferek y&uuml;zde 74&rsquo;e geriledi. <br \/>\u0130&ccedil; pazarda talep yetersizli\u011fi, i\u015fyerlerinin tam kapasite ile &ccedil;al\u0131\u015fmamas\u0131n\u0131n en &ouml;nemli nedenini olu\u015fturdu.<\/font><\/p>\n","protected":false},"excerpt":{"rendered":"<p>Sanayide kapasite kulan\u0131m oran\u0131 d&uuml;\u015ft&uuml;. Metal i\u015f&ccedil;ileri, patron sendikas\u0131n\u0131n &ouml;n&uuml;nde protesto eylemi ger&ccedil;ekle\u015ftirdi. E\u011fitimciler zamlara tepki g&ouml;sterdi Sanayi &uuml;retiminde eyl&uuml;l&#46;&#46;&#46;<\/p>\n","protected":false},"author":1,"featured_media":0,"comment_status":"closed","ping_status":"closed","sticky":false,"template":"","format":"standard","meta":{"_jetpack_memberships_contains_paid_content":false,"footnotes":""},"categories":[1],"tags":[],"class_list":["post-3477","post","type-post","status-publish","format-standard","hentry","category-ced"],"aioseo_notices":[],"jetpack_featured_media_url":"","jetpack_sharing_enabled":true,"jetpack-related-posts":[],"_links":{"self":[{"href":"http:\/\/www.ced.org.tr\/index.php?rest_route=\/wp\/v2\/posts\/3477","targetHints":{"allow":["GET"]}}],"collection":[{"href":"http:\/\/www.ced.org.tr\/index.php?rest_route=\/wp\/v2\/posts"}],"about":[{"href":"http:\/\/www.ced.org.tr\/index.php?rest_route=\/wp\/v2\/types\/post"}],"author":[{"embeddable":true,"href":"http:\/\/www.ced.org.tr\/index.php?rest_route=\/wp\/v2\/users\/1"}],"replies":[{"embeddable":true,"href":"http:\/\/www.ced.org.tr\/index.php?rest_route=%2Fwp%2Fv2%2Fcomments&post=3477"}],"version-history":[{"count":0,"href":"http:\/\/www.ced.org.tr\/index.php?rest_route=\/wp\/v2\/posts\/3477\/revisions"}],"wp:attachment":[{"href":"http:\/\/www.ced.org.tr\/index.php?rest_route=%2Fwp%2Fv2%2Fmedia&parent=3477"}],"wp:term":[{"taxonomy":"category","embeddable":true,"href":"http:\/\/www.ced.org.tr\/index.php?rest_route=%2Fwp%2Fv2%2Fcategories&post=3477"},{"taxonomy":"post_tag","embeddable":true,"href":"http:\/\/www.ced.org.tr\/index.php?rest_route=%2Fwp%2Fv2%2Ftags&post=3477"}],"curies":[{"name":"wp","href":"https:\/\/api.w.org\/{rel}","templated":true}]}}