{"id":3480,"date":"2008-11-13T12:16:18","date_gmt":"2008-11-13T10:16:18","guid":{"rendered":"http:\/\/www.ced.org.tr\/?p=3480"},"modified":"2008-11-13T12:16:18","modified_gmt":"2008-11-13T10:16:18","slug":"9-turkiye-eczacilik-kongresi-2","status":"publish","type":"post","link":"http:\/\/www.ced.org.tr\/?p=3480","title":{"rendered":"9. T\u00dcRK\u0130YE ECZACILIK KONGRES\u0130"},"content":{"rendered":"<p>TEB, \u0130EO ve \u0130stanbul Ecza Koop&#39;un birlikte d&uuml;zenledi\u011fi 9. T&uuml;rkiye Eczac\u0131l\u0131k Kongresi 13 Kas\u0131m 2008 (bug&uuml;n) tarihinde toplan\u0131yor.<\/p>\n<p>&nbsp;<\/p>\n<p>\u0130la&ccedil;, sa\u011fl\u0131k ve eczac\u0131l\u0131k alan\u0131 ile ilgili bilimsel ve sosyal i&ccedil;erikli bildiri ve panellerin yer ald\u0131\u011f\u0131 kongreye yabanc\u0131 ve yerli konuklara meslekta\u015flar\u0131m\u0131z\u0131n yo\u011fun ilgi g&ouml;sterece\u011fi bekleniyor.<\/p>\n<p>&nbsp;<\/p>\n<p>Kongre detaylar\u0131 i&ccedil;in <a href=\"http:\/\/www.turkiyeeczakongre2008.org.tr\/\" target=\"_blank\" title=\"9. t&uuml;rkiye eczac\u0131l\u0131k kongresi\">t\u0131klay\u0131n\u0131z<\/a>.&nbsp;<\/p>\n","protected":false},"excerpt":{"rendered":"<p>TEB, \u0130EO ve \u0130stanbul Ecza Koop&#39;un birlikte d&uuml;zenledi\u011fi 9. T&uuml;rkiye Eczac\u0131l\u0131k Kongresi 13 Kas\u0131m 2008 (bug&uuml;n) tarihinde toplan\u0131yor. &nbsp; \u0130la&ccedil;,&#46;&#46;&#46;<\/p>\n","protected":false},"author":1,"featured_media":0,"comment_status":"closed","ping_status":"closed","sticky":false,"template":"","format":"standard","meta":{"_jetpack_memberships_contains_paid_content":false,"footnotes":""},"categories":[1],"tags":[],"class_list":["post-3480","post","type-post","status-publish","format-standard","hentry","category-ced"],"aioseo_notices":[],"jetpack_featured_media_url":"","jetpack_sharing_enabled":true,"jetpack-related-posts":[],"_links":{"self":[{"href":"http:\/\/www.ced.org.tr\/index.php?rest_route=\/wp\/v2\/posts\/3480","targetHints":{"allow":["GET"]}}],"collection":[{"href":"http:\/\/www.ced.org.tr\/index.php?rest_route=\/wp\/v2\/posts"}],"about":[{"href":"http:\/\/www.ced.org.tr\/index.php?rest_route=\/wp\/v2\/types\/post"}],"author":[{"embeddable":true,"href":"http:\/\/www.ced.org.tr\/index.php?rest_route=\/wp\/v2\/users\/1"}],"replies":[{"embeddable":true,"href":"http:\/\/www.ced.org.tr\/index.php?rest_route=%2Fwp%2Fv2%2Fcomments&post=3480"}],"version-history":[{"count":0,"href":"http:\/\/www.ced.org.tr\/index.php?rest_route=\/wp\/v2\/posts\/3480\/revisions"}],"wp:attachment":[{"href":"http:\/\/www.ced.org.tr\/index.php?rest_route=%2Fwp%2Fv2%2Fmedia&parent=3480"}],"wp:term":[{"taxonomy":"category","embeddable":true,"href":"http:\/\/www.ced.org.tr\/index.php?rest_route=%2Fwp%2Fv2%2Fcategories&post=3480"},{"taxonomy":"post_tag","embeddable":true,"href":"http:\/\/www.ced.org.tr\/index.php?rest_route=%2Fwp%2Fv2%2Ftags&post=3480"}],"curies":[{"name":"wp","href":"https:\/\/api.w.org\/{rel}","templated":true}]}}