{"id":3481,"date":"2008-11-14T12:06:27","date_gmt":"2008-11-14T10:06:27","guid":{"rendered":"http:\/\/www.ced.org.tr\/?p=3481"},"modified":"2008-11-14T12:06:27","modified_gmt":"2008-11-14T10:06:27","slug":"muayene-ucretleri-ile-ilgili-aciklama","status":"publish","type":"post","link":"http:\/\/www.ced.org.tr\/?p=3481","title":{"rendered":"MUAYENE \u00dcCRETLER\u0130 \u0130LE \u0130LG\u0130L\u0130 A\u00c7IKLAMA"},"content":{"rendered":"<h5 align=\"center\">MUAYENE &Uuml;CRETLER\u0130 \u0130LE \u0130LG\u0130L\u0130 SGK BA\u015eKANLI\u011eI TARAFINDAN YAPILAN A&Ccedil;IKLAMA<\/h5>\n<p>&nbsp;<\/p>\n<p>Muayene &uuml;cretlerinin bir k\u0131sm\u0131n\u0131n re&ccedil;ete provizyon sisteminde g&ouml;r&uuml;nmemesi ile ilgili olarak SGK ba\u015fkanl\u0131\u011f\u0131 taraf\u0131ndan yap\u0131lan yaz\u0131l\u0131 a&ccedil;\u0131klama a\u015fa\u011f\u0131dad\u0131r.<\/p>\n<p>&nbsp;<\/p>\n<p><strong><\/strong><\/p>\n<p><strong><\/strong><\/p>\n<p><strong><em>&ldquo;Muayene Kat\u0131l\u0131m &uuml;creti re&ccedil;etedeki ila&ccedil;lar\u0131n verilmesi an\u0131nda, sa\u011fl\u0131k kurulu\u015funun provizyon esnas\u0131nda ald\u0131\u011f\u0131 Takip Numaras\u0131 kullan\u0131lmak suretiyle, sigortal\u0131lar i&ccedil;in eczane taraf\u0131ndan, Kurumumuzdan gelir ve ayl\u0131k alanlar\u0131n da ayl\u0131klar\u0131ndan kesilmek suretiyle tahsil edilmektedir.<\/em><\/strong><\/p>\n<p>&nbsp;<\/p>\n<p class=\"MsoNormal\" align=\"justify\">&nbsp;<\/p>\n<p class=\"MsoNormal\" align=\"justify\"><em><strong>Gelir ve ayl\u0131k alanlarla ilgili yanl\u0131\u015f anlamalar\u0131n &ouml;nlenmesi ve Kurumumuza yap\u0131lan &ccedil;e\u015fitli geri bildirimlerin de\u011ferlendirilmesi neticesinde, uygulamada a\u015fa\u011f\u0131da belirtilen de\u011fi\u015fiklikler yap\u0131lm\u0131\u015ft\u0131r.<\/strong><\/em><\/p>\n<p align=\"justify\">&nbsp;<\/p>\n<p align=\"justify\"><em><\/em><\/p>\n<p align=\"justify\"><em><\/em><\/p>\n<p align=\"justify\"><em><strong>Kurumumuzdan gelir ve ayl\u0131k alanlar i&ccedil;in, MEDULA ile &ccedil;al\u0131\u015fan sa\u011fl\u0131k kurulu\u015flar\u0131n\u0131n provizyon s\u0131ras\u0131nda ald\u0131klar\u0131 Takip Numaras\u0131 yerine, Kurumumuza fatura ettikleri muayenelere ili\u015fkin Takip Numaralar\u0131 esas al\u0131nacakt\u0131r. Sigortal\u0131 &ccedil;al\u0131\u015fanlar a&ccedil;\u0131s\u0131ndan ise uygulamada de\u011fi\u015fiklik yap\u0131lmam\u0131\u015f olup, yine provizyon esnas\u0131nda al\u0131nan Takip Numaras\u0131 kullan\u0131lmaktad\u0131r. Bu grupta yer alan ki\u015filer ad\u0131na m&uuml;kerrer Takip Numaras\u0131 al\u0131nmamas\u0131 amac\u0131yla da, 15 dakikadan &ouml;nce ikinci bir Takip Numaras\u0131 al\u0131nmas\u0131 sistem taraf\u0131ndan engellenmektedir.<\/strong><\/em><\/p>\n<p align=\"justify\">&nbsp;<\/p>\n<p align=\"justify\"><em><\/em><\/p>\n<p align=\"justify\"><em><\/em><\/p>\n<p align=\"justify\"><em><strong>Ayr\u0131ca 30 Ekim 2008 tarihinde yay\u0131mlanan duyurumuzda belirtildi\u011fi &uuml;zere, MEDULA Takip Numaras\u0131n\u0131n kullan\u0131lmas\u0131ndaki &ouml;nem nedeniyle, i\u015flem yap\u0131lmayan Takip Numaralar\u0131n\u0131n silinmesi gerekmektedir.<\/strong><\/em><\/p>\n<p align=\"justify\">&nbsp;<\/p>\n<p align=\"justify\"><em><\/em><\/p>\n<p align=\"justify\"><em><\/em><\/p>\n<p align=\"justify\"><em><strong>Yukar\u0131da a&ccedil;\u0131klanan nedenle MEDULA &uuml;zerinden elektronik olarak bilgi g&ouml;nderen sa\u011fl\u0131k kurulu\u015flar\u0131na ait re&ccedil;etelerden Kurumumuzdan gelir ve ayl\u0131k alanlara ili\u015fkin bir k\u0131sm\u0131nda, ila&ccedil;lar\u0131n verilmesi s\u0131ras\u0131nda muayene kat\u0131l\u0131m &uuml;creti g&ouml;r&uuml;lmeyecektir. Ancak bu durumdaki ki\u015filere ait kat\u0131l\u0131m &uuml;creti i\u015flemlerin Kurumumuza fatura edildi\u011fi tarihten sonraki re&ccedil;etelerin verilmesi s\u0131ras\u0131nda tahsil edilecektir.&rdquo;<\/strong><\/em><\/p>\n","protected":false},"excerpt":{"rendered":"<p>MUAYENE &Uuml;CRETLER\u0130 \u0130LE \u0130LG\u0130L\u0130 SGK BA\u015eKANLI\u011eI TARAFINDAN YAPILAN A&Ccedil;IKLAMA &nbsp; Muayene &uuml;cretlerinin bir k\u0131sm\u0131n\u0131n re&ccedil;ete provizyon sisteminde g&ouml;r&uuml;nmemesi ile ilgili&#46;&#46;&#46;<\/p>\n","protected":false},"author":1,"featured_media":0,"comment_status":"closed","ping_status":"closed","sticky":false,"template":"","format":"standard","meta":{"_jetpack_memberships_contains_paid_content":false,"footnotes":""},"categories":[1],"tags":[],"class_list":["post-3481","post","type-post","status-publish","format-standard","hentry","category-ced"],"aioseo_notices":[],"jetpack_featured_media_url":"","jetpack_sharing_enabled":true,"jetpack-related-posts":[],"_links":{"self":[{"href":"http:\/\/www.ced.org.tr\/index.php?rest_route=\/wp\/v2\/posts\/3481","targetHints":{"allow":["GET"]}}],"collection":[{"href":"http:\/\/www.ced.org.tr\/index.php?rest_route=\/wp\/v2\/posts"}],"about":[{"href":"http:\/\/www.ced.org.tr\/index.php?rest_route=\/wp\/v2\/types\/post"}],"author":[{"embeddable":true,"href":"http:\/\/www.ced.org.tr\/index.php?rest_route=\/wp\/v2\/users\/1"}],"replies":[{"embeddable":true,"href":"http:\/\/www.ced.org.tr\/index.php?rest_route=%2Fwp%2Fv2%2Fcomments&post=3481"}],"version-history":[{"count":0,"href":"http:\/\/www.ced.org.tr\/index.php?rest_route=\/wp\/v2\/posts\/3481\/revisions"}],"wp:attachment":[{"href":"http:\/\/www.ced.org.tr\/index.php?rest_route=%2Fwp%2Fv2%2Fmedia&parent=3481"}],"wp:term":[{"taxonomy":"category","embeddable":true,"href":"http:\/\/www.ced.org.tr\/index.php?rest_route=%2Fwp%2Fv2%2Fcategories&post=3481"},{"taxonomy":"post_tag","embeddable":true,"href":"http:\/\/www.ced.org.tr\/index.php?rest_route=%2Fwp%2Fv2%2Ftags&post=3481"}],"curies":[{"name":"wp","href":"https:\/\/api.w.org\/{rel}","templated":true}]}}