{"id":3482,"date":"2008-11-17T13:19:15","date_gmt":"2008-11-17T11:19:15","guid":{"rendered":"http:\/\/www.ced.org.tr\/?p=3482"},"modified":"2008-11-17T13:19:15","modified_gmt":"2008-11-17T11:19:15","slug":"kamu-emekcileri-mitinge-hazirlaniyor","status":"publish","type":"post","link":"http:\/\/www.ced.org.tr\/?p=3482","title":{"rendered":"Kamu emek\u00e7ileri mitinge haz\u0131rlan\u0131yor"},"content":{"rendered":"<p><font face=\"Verdana\" size=\"2\" color=\"#295d8c\">KESK &uuml;yesi kamu emek&ccedil;ileri, yurt genelinde yapt\u0131klar\u0131 eylemlerle zamlara kar\u015f\u0131 29 Kas\u0131m&rsquo;da Ankara&rsquo;da yap\u0131lacak mitinge &ccedil;a\u011fr\u0131 yapt\u0131lar. <\/font><font><br \/><\/font><\/p>\n<p><font>KESK &uuml;yesi kamu emek&ccedil;ileri, yurt genelinde yapt\u0131klar\u0131 eylemlerle zamlara kar\u015f\u0131 29 Kas\u0131m&rsquo;da Ankara&rsquo;da yap\u0131lacak mitinge &ccedil;a\u011fr\u0131 yapt\u0131lar. <br \/><\/font><\/p>\n<p><font>KESK Denizli \u015eubeler Platformu &uuml;yelerinin Denizli Belediysi &ouml;n&uuml;nde yapt\u0131\u011f\u0131 eyleme kitle &ouml;rg&uuml;tleri de destek verdi. Burada a&ccedil;\u0131klama yapan E\u011fitim Sen Genel Merkez Y&ouml;neticisi Serpil A&ccedil;\u0131l &Ouml;zer, AKP H&uuml;k&uuml;meti&rsquo;nin iktidara geldi\u011fi g&uuml;nden bu yana emek&ccedil;ilere s\u0131rt\u0131n\u0131 d&ouml;nd&uuml;\u011f&uuml;n&uuml;, t&uuml;m tercihlerini sermayeden yana kulland\u0131\u011f\u0131n\u0131 belirtti. &ldquo;Halk\u0131n b&uuml;y&uuml;k bir &ccedil;o\u011funlu\u011funun itiraz\u0131na ra\u011fmen hayata ge&ccedil;irilen SSGSS Yasas\u0131&rsquo;n\u0131n olumsuzluklar\u0131 g&uuml;ndelik ya\u015famda kendini g&ouml;stermeye ba\u015flam\u0131\u015ft\u0131r. Sa\u011fl\u0131k alan\u0131n\u0131 tamamen piyasala\u015ft\u0131racak bu ad\u0131m derhal geri &ccedil;ekilmelidir. Son bir y\u0131l i&ccedil;inde yap\u0131lan fahi\u015f zamlar geri al\u0131nmal\u0131d\u0131r. \u0130\u015ften &ccedil;\u0131kartmalar yasaklanmal\u0131 ve \u0130\u015fsizlik Fonu&rsquo;nun amac\u0131 d\u0131\u015f\u0131nda kullan\u0131lmas\u0131na izin verilmemelidir. H&uuml;k&uuml;met toplus&ouml;zle\u015fme hakk\u0131m\u0131z\u0131n gere\u011fini yerine getirerek derhal kamu emek&ccedil;ileriyle toplus&ouml;zle\u015fme masas\u0131na oturmal\u0131 ve 2009 y\u0131l\u0131 zamlar\u0131m\u0131z yeniden belirlenmelidir&rdquo; diyen &Ouml;zer, \u015fu &ccedil;a\u011fr\u0131da bulundu: &ldquo;Krizi bizler yaratmad\u0131k ve bedelini &ouml;demeyi kabullenmeyece\u011fiz. \u0130\u015fsizli\u011fe, yoksullu\u011fa ve zamlara kar\u015f\u0131 emek, bar\u0131\u015f ve demokrasiden yana t&uuml;m kesimleri 29 Kas\u0131m&rsquo;da Ankara&rsquo;ya bekliyoruz.&rdquo;<br \/>KESK &uuml;yeleri Samsun, Edirne ve K\u0131r\u015fehir&rsquo;de yapt\u0131klar\u0131 eylemlerle de mitinge &ccedil;a\u011fr\u0131 yapt\u0131lar.<\/font><\/p>\n","protected":false},"excerpt":{"rendered":"<p>KESK &uuml;yesi kamu emek&ccedil;ileri, yurt genelinde yapt\u0131klar\u0131 eylemlerle zamlara kar\u015f\u0131 29 Kas\u0131m&rsquo;da Ankara&rsquo;da yap\u0131lacak mitinge &ccedil;a\u011fr\u0131 yapt\u0131lar. KESK &uuml;yesi kamu&#46;&#46;&#46;<\/p>\n","protected":false},"author":1,"featured_media":0,"comment_status":"closed","ping_status":"closed","sticky":false,"template":"","format":"standard","meta":{"_jetpack_memberships_contains_paid_content":false,"footnotes":""},"categories":[1],"tags":[],"class_list":["post-3482","post","type-post","status-publish","format-standard","hentry","category-ced"],"aioseo_notices":[],"jetpack_featured_media_url":"","jetpack_sharing_enabled":true,"jetpack-related-posts":[],"_links":{"self":[{"href":"http:\/\/www.ced.org.tr\/index.php?rest_route=\/wp\/v2\/posts\/3482","targetHints":{"allow":["GET"]}}],"collection":[{"href":"http:\/\/www.ced.org.tr\/index.php?rest_route=\/wp\/v2\/posts"}],"about":[{"href":"http:\/\/www.ced.org.tr\/index.php?rest_route=\/wp\/v2\/types\/post"}],"author":[{"embeddable":true,"href":"http:\/\/www.ced.org.tr\/index.php?rest_route=\/wp\/v2\/users\/1"}],"replies":[{"embeddable":true,"href":"http:\/\/www.ced.org.tr\/index.php?rest_route=%2Fwp%2Fv2%2Fcomments&post=3482"}],"version-history":[{"count":0,"href":"http:\/\/www.ced.org.tr\/index.php?rest_route=\/wp\/v2\/posts\/3482\/revisions"}],"wp:attachment":[{"href":"http:\/\/www.ced.org.tr\/index.php?rest_route=%2Fwp%2Fv2%2Fmedia&parent=3482"}],"wp:term":[{"taxonomy":"category","embeddable":true,"href":"http:\/\/www.ced.org.tr\/index.php?rest_route=%2Fwp%2Fv2%2Fcategories&post=3482"},{"taxonomy":"post_tag","embeddable":true,"href":"http:\/\/www.ced.org.tr\/index.php?rest_route=%2Fwp%2Fv2%2Ftags&post=3482"}],"curies":[{"name":"wp","href":"https:\/\/api.w.org\/{rel}","templated":true}]}}