{"id":3484,"date":"2008-11-18T16:10:25","date_gmt":"2008-11-18T14:10:25","guid":{"rendered":"http:\/\/www.ced.org.tr\/?p=3484"},"modified":"2008-11-18T16:10:25","modified_gmt":"2008-11-18T14:10:25","slug":"istanbul-ecza-koop-19-yasinda","status":"publish","type":"post","link":"http:\/\/www.ced.org.tr\/?p=3484","title":{"rendered":"\u0130STANBUL ECZA KOOP 19 YA\u015eINDA"},"content":{"rendered":"<p>Eczac\u0131 dayan\u0131\u015fmas\u0131n\u0131n bir &uuml;r&uuml;n&uuml; olarak 18 Kas\u0131m 1989&#39;da kurulan \u0130stanbul Ecza Koop 19. ya\u015f\u0131n\u0131 geride b\u0131rakt\u0131.<\/p>\n<p>&nbsp;<\/p>\n<p>19. kurulu\u015f y\u0131ld&ouml;n&uuml;m&uuml; nedeniyle \u0130stanbul Ecza&nbsp;Koop&#39;a &uuml;ye t&uuml;m eczac\u0131lar\u0131m\u0131z\u0131, kooperatif&nbsp;&nbsp;&ccedil;al\u0131\u015fanlar\u0131n\u0131 ve y&ouml;neticilerini kutluyor, ba\u015far\u0131lar\u0131n devam\u0131n\u0131 diliyoruz.<\/p>\n<p>&nbsp;<\/p>\n<p><strong>&Ccedil;a\u011fda\u015f Eczac\u0131lar Derne\u011fi Genel Merkezi<\/strong><\/p>\n<p>&nbsp;<\/p>\n<p>\u0130stanbul Ecza Koop Y&ouml;netim Kurulu&#39;nun 19. y\u0131l mesaj\u0131:<\/p>\n<p>&nbsp;<\/p>\n<p>&nbsp;<\/p>\n<h5>B\u0130L\u0130N&Ccedil;L\u0130 B\u0130RL\u0130KTEL\u0130\u011e\u0130M\u0130Z 19.YILINDA<\/h5>\n<p>&nbsp;<\/p>\n<p>&nbsp;<\/p>\n<p>Dayan\u0131\u015fman\u0131n ve payla\u015fman\u0131n &uuml;r&uuml;n&uuml; olarak 18 Kas\u0131m 1989&rsquo;da&nbsp; kurulan \u0130stanbul Ecza Koop, 19 y\u0131ll\u0131k birikimini gelece\u011fe ta\u015f\u0131man\u0131n gururunu ya\u015f\u0131yor.<\/p>\n<p>&nbsp;<\/p>\n<p>Kurulu\u015fundan itibaren,&nbsp; meslekta\u015flar\u0131m\u0131z\u0131n ilgi ve kat\u0131l\u0131m\u0131yla, ortak say\u0131s\u0131 her ge&ccedil;en g&uuml;n artarak, hizmet alan\u0131 geni\u015fleyen \u0130stanbul Ecza Koop bug&uuml;n;&nbsp; 3 binin &uuml;zerinde orta\u011f\u0131 500&rsquo;den fazla &ccedil;al\u0131\u015fan\u0131 ve 10 ayr\u0131 hizmet noktas\u0131ndan, T&uuml;rkiye genelinde 42 b&ouml;lgeye hizmet vermektedir. <\/p>\n<p>&nbsp;<\/p>\n<p>&Ouml;ncelikle, &ccedil;al\u0131\u015fanlar\u0131n\u0131n geli\u015fimine ve &ccedil;a\u011fda\u015f teknolojileri kullanmaya &ouml;zen g&ouml;steren kooperatifimiz, son y\u0131llarda ileriye d&ouml;n&uuml;k &ouml;nemli yat\u0131r\u0131mlar\u0131n kararlar\u0131n\u0131 alarak, \u0130stanbul Ecza Koop&rsquo;u orta\u011f\u0131 ve &ccedil;al\u0131\u015fan\u0131 ile birlikte gelece\u011fe g&uuml;venle ile ta\u015f\u0131man\u0131n alt yap\u0131s\u0131n\u0131 olu\u015fturma gayreti i&ccedil;erisinde olmu\u015ftur.<\/p>\n<p>&nbsp;<\/p>\n<p>\u0130stanbul Ecza Koop olarak, eczanelerin gelecekte daha sa\u011fl\u0131kl\u0131 yap\u0131lanmalar\u0131 ve ekonomik olarak g&uuml;&ccedil;lenmeleri y&ouml;n&uuml;nde; art\u0131 de\u011fer yaratacak hizmetleri ve &ccedil;al\u0131\u015fmalar\u0131 g&uuml;ndemimizin &ouml;n s\u0131ralar\u0131nda tutuyoruz.<\/p>\n<p>&nbsp;<\/p>\n<p>Bu d&uuml;\u015f&uuml;nceden hareketle kooperatifimiz; yakla\u015f\u0131k 8000 m2&rsquo;lik bir hizmet binas\u0131 sat\u0131n alarak, bu binada ila&ccedil; haz\u0131rlama ve sevk\u0131yat i&ccedil;in &ccedil;ok yak\u0131n bir zaman dilimi i&ccedil;erisinde kullan\u0131ma haz\u0131r hale gelecek olan bir otomasyon projesi ba\u015flatm\u0131\u015ft\u0131r. Ayr\u0131ca, eczaneye kazand\u0131r\u0131lacak yeni &uuml;r&uuml;nler ve \u0131triyat b&ouml;l&uuml;m&uuml;ne yeni binam\u0131zda &ouml;zel bir kat ayr\u0131l\u0131p, bu alanda eczanelerin \u0131triyat pazar\u0131nda rekabet edebilece\u011fi bir fiyatland\u0131rma politikas\u0131 izlenerek, eczanelere kaynak yarat\u0131lma &ccedil;al\u0131\u015fmalar\u0131 da h\u0131zland\u0131r\u0131lacakt\u0131r. <\/p>\n<p>&nbsp;<\/p>\n<p>18 Kas\u0131m 1989&rsquo;dan itibaren bulundu\u011fu ila&ccedil; sekt&ouml;r&uuml;nde; &uuml;yelerinin mesleki ve ekonomik kazan\u0131mlar\u0131 lehinde s&ouml;z sahibi ve belirleyici olmay\u0131, edindi\u011fi birikim ve deneyimi ba\u015fta kendi sekt&ouml;r&uuml; olmak &uuml;zere, toplumun t&uuml;m kesimleri ile payla\u015fmay\u0131 ilke edinen \u0130stanbul Ecza Koop, bu anlay\u0131\u015f\u0131 gelecekte de s&uuml;rd&uuml;recektir.<\/p>\n<p>&nbsp;<\/p>\n<p>\u0130stanbul Ecza Koop y&ouml;netimi olarak, kooperatifimizin gelecekte &ccedil;ok daha h\u0131zl\u0131 ve kaliteli hizmet verece\u011fine olan inanc\u0131m\u0131zla; 19 y\u0131ld\u0131r s&uuml;ren birlik ve beraberli\u011fimizin &ouml;n&uuml;m&uuml;zdeki s&uuml;re&ccedil;te de s&uuml;rmesini, dayan\u0131\u015fmam\u0131z\u0131n giderek artmas\u0131n\u0131 diliyor ;&nbsp; kooperatifimize bug&uuml;ne kadar verdi\u011finiz katk\u0131lar i&ccedil;in, siz de\u011ferli ortaklar\u0131m\u0131za ve &ccedil;al\u0131\u015fanlar\u0131m\u0131za te\u015fekk&uuml;r ediyor; 19 y\u0131ll\u0131k birlikteli\u011fimizin i&ccedil;ten co\u015fkusunu sizlerle payla\u015f\u0131yoruz.<\/p>\n<p>&nbsp;<\/p>\n<p>Sayg\u0131lar\u0131m\u0131zla<\/p>\n<p>&nbsp;<\/p>\n<p>\u0130stanbul Ecza Koop<br \/>Y&ouml;netim Kurulu<\/p>\n","protected":false},"excerpt":{"rendered":"<p>Eczac\u0131 dayan\u0131\u015fmas\u0131n\u0131n bir &uuml;r&uuml;n&uuml; olarak 18 Kas\u0131m 1989&#39;da kurulan \u0130stanbul Ecza Koop 19. ya\u015f\u0131n\u0131 geride b\u0131rakt\u0131. &nbsp; 19. kurulu\u015f y\u0131ld&ouml;n&uuml;m&uuml;&#46;&#46;&#46;<\/p>\n","protected":false},"author":1,"featured_media":0,"comment_status":"closed","ping_status":"closed","sticky":false,"template":"","format":"standard","meta":{"_jetpack_memberships_contains_paid_content":false,"footnotes":""},"categories":[1],"tags":[],"class_list":["post-3484","post","type-post","status-publish","format-standard","hentry","category-ced"],"aioseo_notices":[],"jetpack_featured_media_url":"","jetpack_sharing_enabled":true,"jetpack-related-posts":[],"_links":{"self":[{"href":"http:\/\/www.ced.org.tr\/index.php?rest_route=\/wp\/v2\/posts\/3484","targetHints":{"allow":["GET"]}}],"collection":[{"href":"http:\/\/www.ced.org.tr\/index.php?rest_route=\/wp\/v2\/posts"}],"about":[{"href":"http:\/\/www.ced.org.tr\/index.php?rest_route=\/wp\/v2\/types\/post"}],"author":[{"embeddable":true,"href":"http:\/\/www.ced.org.tr\/index.php?rest_route=\/wp\/v2\/users\/1"}],"replies":[{"embeddable":true,"href":"http:\/\/www.ced.org.tr\/index.php?rest_route=%2Fwp%2Fv2%2Fcomments&post=3484"}],"version-history":[{"count":0,"href":"http:\/\/www.ced.org.tr\/index.php?rest_route=\/wp\/v2\/posts\/3484\/revisions"}],"wp:attachment":[{"href":"http:\/\/www.ced.org.tr\/index.php?rest_route=%2Fwp%2Fv2%2Fmedia&parent=3484"}],"wp:term":[{"taxonomy":"category","embeddable":true,"href":"http:\/\/www.ced.org.tr\/index.php?rest_route=%2Fwp%2Fv2%2Fcategories&post=3484"},{"taxonomy":"post_tag","embeddable":true,"href":"http:\/\/www.ced.org.tr\/index.php?rest_route=%2Fwp%2Fv2%2Ftags&post=3484"}],"curies":[{"name":"wp","href":"https:\/\/api.w.org\/{rel}","templated":true}]}}