{"id":3485,"date":"2008-11-19T11:22:05","date_gmt":"2008-11-19T09:22:05","guid":{"rendered":"http:\/\/www.ced.org.tr\/?p=3485"},"modified":"2008-11-19T11:22:05","modified_gmt":"2008-11-19T09:22:05","slug":"9-turkiye-eczacilik-kongresi-genclik-forumu","status":"publish","type":"post","link":"http:\/\/www.ced.org.tr\/?p=3485","title":{"rendered":"9. T\u00dcRK\u0130YE ECZACILIK KONGRES\u0130 GEN\u00c7L\u0130K FORUMU"},"content":{"rendered":"<p align=\"center\"><strong>9. T&Uuml;RK\u0130YE ECZACILIK KONGRES\u0130<br \/>&ldquo;E\u011e\u0130T\u0130M S\u0130(S)TEM\u0130M\u0130Z: BE\u015e OLSUN BO\u015e OLMASIN&rdquo;<br \/>GEN&Ccedil;L\u0130K FORUMU SONU&Ccedil; B\u0130LD\u0130RGES\u0130<\/strong><\/p>\n<p align=\"justify\">13-16 Kas\u0131m 2008 tarihleri aras\u0131nda T&uuml;rk Eczac\u0131lar\u0131 Birli\u011fi, \u0130stanbul Eczac\u0131 Odas\u0131 ve \u0130stanbul Ecza Koop&rsquo;un i\u015fbirli\u011fi ile ger&ccedil;ekle\u015ftirilmi\u015f olan 9. T&uuml;rkiye Eczac\u0131l\u0131k Kongresi kapsam\u0131nda, 15 Kas\u0131m 2008 Cumartesi g&uuml;n&uuml; T&uuml;rkiye&rsquo;nin 10 farkl\u0131 eczac\u0131l\u0131k fak&uuml;ltesinden 950 &ouml;\u011frencinin kat\u0131l\u0131m\u0131 ile bir gen&ccedil;lik forumu ger&ccedil;ekle\u015ftirilmi\u015ftir. Forumun ana tart\u0131\u015fma alan\u0131 be\u015f y\u0131ll\u0131k e\u011fitim ve bunun eczac\u0131l\u0131k fak&uuml;ltesi &ouml;\u011frencilerine ve eczac\u0131l\u0131k mesle\u011fine olas\u0131 etkileri olmu\u015ftur. Forum s&uuml;resince &ouml;n plana &ccedil;\u0131kan tart\u0131\u015fmalar &ccedil;er&ccedil;evesinde olu\u015fturdu\u011fumuz sonu&ccedil; bildirgemizi sizlerle payla\u015fmak istiyoruz.<\/p>\n<p align=\"left\">1.&nbsp;Be\u015f y\u0131ll\u0131k e\u011fitim alacak olan bizlerin, d&ouml;rd&uuml;nc&uuml; senemize gelmi\u015f olmam\u0131za ra\u011fmen, be\u015finci y\u0131l\u0131m\u0131zda alaca\u011f\u0131m\u0131z e\u011fitim program\u0131m\u0131z\u0131n netle\u015fmemi\u015f olmas\u0131 bizleri endi\u015felendirmektedir. Konunun do\u011frudan muhatab\u0131 olan bizler, &uuml;niversite y&ouml;netimleri taraf\u0131ndan, art\u0131k bilgilendirilmek istiyoruz.<\/p>\n<p align=\"left\">2.&nbsp;\u0130la&ccedil; merkezli eczac\u0131l\u0131k e\u011fitimi yerine hasta merkezli eczac\u0131l\u0131k e\u011fitimi almak istiyoruz. Bizlerin bu konuda gerekli e\u011fitimi alabilmesi i&ccedil;in yeni bir m&uuml;fredat d&uuml;zenlenmesini ve bunun klinik stajlarla, vakalarla desteklenmesini istiyoruz. Bu &ccedil;al\u0131\u015fman\u0131n yap\u0131labilmesi i&ccedil;in t\u0131p fak&uuml;lteleri ile i\u015fbirli\u011fine gidilmesi gerekti\u011fini d&uuml;\u015f&uuml;n&uuml;yoruz. Klinik eczac\u0131l\u0131k alan\u0131nda kendimizi g&uuml;&ccedil;lendirdi\u011fimiz takdirde, mesle\u011fimizin &ouml;nem ve fark\u0131ndal\u0131\u011f\u0131n\u0131n &ouml;n plana &ccedil;\u0131kaca\u011f\u0131n\u0131 ve mesleki sayg\u0131nl\u0131\u011f\u0131m\u0131z\u0131n artaca\u011f\u0131n\u0131 d&uuml;\u015f&uuml;n&uuml;yoruz.<\/p>\n<p align=\"left\">3.&nbsp;Eczac\u0131l\u0131k e\u011fitiminde &ouml;zellikle zorunlu stajlarla eczane eczac\u0131l\u0131\u011f\u0131na y&ouml;nlendirildi\u011fimizi d&uuml;\u015f&uuml;n&uuml;yoruz. Bizlerin di\u011fer eczac\u0131l\u0131k bran\u015flar\u0131yla ilgili daha fazla bilgilendirilmesi gerekti\u011fini ve herkesin &ouml;zellikle istedikleri bran\u015fa uygun e\u011fitim ve staj programlar\u0131n\u0131n olmas\u0131n\u0131 istiyoruz. Di\u011fer yandan, e\u011fitimin be\u015f y\u0131la &ccedil;\u0131kar\u0131lmas\u0131 ile beraber be\u015finci senemize alt\u0131 ayl\u0131k staj program\u0131 eklenmesine ra\u011fmen ilk d&ouml;rt e\u011fitim y\u0131l\u0131ndaki yaz stajlar\u0131nda bir azalma olmad\u0131. Bu konuda okul y&ouml;netimlerinin m&uuml;fredat\u0131n de\u011fi\u015fmesi i&ccedil;in gerekli &ccedil;abay\u0131 g&ouml;stermelerini bekliyoruz.<\/p>\n<p align=\"left\">4.&nbsp;Derslerimizde ald\u0131\u011f\u0131m\u0131z teorik bilgileri hasta kar\u015f\u0131s\u0131nda nas\u0131l kullanaca\u011f\u0131m\u0131z konusunda eksikliklerimiz oldu\u011funu d&uuml;\u015f&uuml;n&uuml;yoruz. Derslerin mesleki prati\u011fimize hizmet edecek ve hasta ile ili\u015fkilerimizde g&uuml;&ccedil;l&uuml; bir ba\u011f kurmam\u0131z\u0131 sa\u011flayacak bi&ccedil;imde yeniden d&uuml;zenlenmesini istiyoruz.<\/p>\n<p align=\"left\">5.&nbsp;Be\u015f senelik e\u011fitime ge&ccedil;erken bizlere vaat edilen eczac\u0131l\u0131k e\u011fitimi; ders programlar\u0131n\u0131n hafifleyece\u011fi y&ouml;n&uuml;ndeydi ancak bu konuda de\u011fi\u015fen hi&ccedil; bir \u015fey olmad\u0131. B&ouml;ylece bizim arzu etti\u011fimiz daha sosyal ve aktif bir eczac\u0131l\u0131k &ouml;\u011frenim hayat\u0131 hayal oldu.&nbsp;<\/p>\n<p align=\"left\">6.&nbsp;Farkl\u0131 anabilim dallar\u0131 taraf\u0131ndan verilen ayn\u0131 konular\u0131n, ayn\u0131 zamanda ve paralel bi&ccedil;imde i\u015flenmesi suretiyle, biz &ouml;\u011frencilerin ilgili konuya yo\u011funla\u015fmas\u0131na olanak sa\u011flanmas\u0131n\u0131 istiyoruz. Ve bunun eczac\u0131l\u0131k e\u011fitiminde verimi artt\u0131racak bir uygulama olaca\u011f\u0131na inan\u0131yoruz.<\/p>\n<p align=\"left\">7.&nbsp;Ara\u015ft\u0131rmalar\u0131m\u0131z\u0131n kalitesinin artmas\u0131 i&ccedil;in, mesleki \u0130ngilizce dersi verilmeyen fak&uuml;ltelerde bu dersin m&uuml;fredata eklenmesini istiyoruz. <\/p>\n<p align=\"left\">8.&nbsp;T&uuml;rkiye&rsquo;deki t&uuml;m eczac\u0131l\u0131k fak&uuml;ltelerinde birbirleriyle uyumlu, kredileri ayn\u0131 ve ayn\u0131 standartlarda e\u011fitim verilmesini istiyoruz. B&ouml;ylece, yaz okulu ve yatay ge&ccedil;i\u015f gibi konularda denklik problemleri ya\u015famayaca\u011f\u0131m\u0131z\u0131 d&uuml;\u015f&uuml;n&uuml;yoruz.<\/p>\n<p align=\"left\">9.&nbsp;Zaten a\u011f\u0131r olan m&uuml;fredat i&ccedil;erisinde bizlerin beklentisi, t&uuml;m e\u011fitim ya\u015fant\u0131m\u0131zda daha fazla ara\u015ft\u0131rmaya ve derse katk\u0131da bulunmaya te\u015fvik edecek kanallar\u0131n &ccedil;o\u011falt\u0131lmas\u0131d\u0131r. Bu nedenle &ouml;\u011fretim g&ouml;revlilerinin derslerini daha interaktif bir tarzda ger&ccedil;ekle\u015ftirmesini istiyoruz. <\/p>\n<p align=\"justify\">&nbsp;<\/p>\n<p align=\"justify\"><strong>BURADAN ECZACILIK E\u011e\u0130T\u0130M\u0130NDE S&Ouml;Z SAH\u0130B\u0130 OLAN HERKESE SESLEN\u0130YORUZ<\/strong>: <\/p>\n<p align=\"justify\">&nbsp;<\/p>\n<p align=\"justify\">Bizler art\u0131k problemlerimize &ccedil;&ouml;z&uuml;m bulunmas\u0131n\u0131, hak etti\u011fimiz kaliteli e\u011fitimin bizlere sunulmas\u0131n\u0131 istiyoruz. Bizler gelece\u011fin eczac\u0131lar\u0131 olarak daha vas\u0131fl\u0131, vizyon sahibi ve sosyal y&ouml;nden g&uuml;&ccedil;lenmi\u015f olarak mesle\u011fimizi icra etmek istiyoruz. Mesle\u011fimizin toplumsal sayg\u0131nl\u0131\u011f\u0131n\u0131 artt\u0131rman\u0131n, modern eczac\u0131l\u0131k uygulamalar\u0131n\u0131 takip eden ve hayata ge&ccedil;iren birer sa\u011fl\u0131k &ccedil;al\u0131\u015fan\u0131 olmakla m&uuml;mk&uuml;n olaca\u011f\u0131n\u0131n fark\u0131nday\u0131z. Bu ama&ccedil;la bizler &uuml;zerimize d&uuml;\u015fen sorumlulu\u011fu yerine getirmeye haz\u0131r\u0131z. Bu &ccedil;er&ccedil;evede sorunlar\u0131m\u0131z\u0131 birlikte tan\u0131mlamaya ve &ccedil;&ouml;z&uuml;m yollar\u0131n\u0131 tart\u0131\u015fmaya devam edece\u011fiz.&nbsp; Mesle\u011fimizin akademi, meslek &ouml;rg&uuml;tleri ve di\u011fer t&uuml;m ilgili bile\u015fenlerinin bu yolda taleplerimizi &ldquo;ger&ccedil;ekten&rdquo; dinlemeye ve ad\u0131m atmaya davet ediyoruz. <\/p>\n<p align=\"justify\">&nbsp;<\/p>\n<p align=\"justify\"><strong>Kat\u0131l\u0131mc\u0131lar<br \/><\/strong>1.&nbsp;Ankara &Uuml;niversitesi Eczac\u0131l\u0131k Fak&uuml;ltesi &Ouml;\u011frencileri<br \/>2.&nbsp;Atat&uuml;rk &Uuml;niversitesi Eczac\u0131l\u0131k Fak&uuml;ltesi &Ouml;\u011frencileri<br \/>3.&nbsp;Ege &Uuml;niversitesi Eczac\u0131l\u0131k Fak&uuml;ltesi &Ouml;\u011frencileri<br \/>4.&nbsp;Erciyes &Uuml;niversitesi Eczac\u0131l\u0131k Fak&uuml;ltesi &Ouml;\u011frencileri<br \/>5.&nbsp;Gazi &Uuml;niversitesi Eczac\u0131l\u0131k Fak&uuml;ltesi &Ouml;\u011frencileri<br \/>6.&nbsp;Hacettepe &Uuml;niversitesi Eczac\u0131l\u0131k Fak&uuml;ltesi &Ouml;\u011frencileri<br \/>7.&nbsp;\u0130stanbul &Uuml;niversitesi Eczac\u0131l\u0131k Fak&uuml;ltesi &Ouml;\u011frencileri<br \/>8.&nbsp;Marmara &Uuml;niversitesi Eczac\u0131l\u0131k Fak&uuml;ltesi &Ouml;\u011frencileri <br \/>9.&nbsp;Mersin &Uuml;niversitesi Eczac\u0131l\u0131k Fak&uuml;ltesi &Ouml;\u011frencileri<br \/>10.&nbsp;Yeditepe &Uuml;niversitesi Eczac\u0131l\u0131k Fak&uuml;ltesi &Ouml;\u011frencileri<\/p>\n","protected":false},"excerpt":{"rendered":"<p>9. T&Uuml;RK\u0130YE ECZACILIK KONGRES\u0130&ldquo;E\u011e\u0130T\u0130M S\u0130(S)TEM\u0130M\u0130Z: BE\u015e OLSUN BO\u015e OLMASIN&rdquo;GEN&Ccedil;L\u0130K FORUMU SONU&Ccedil; B\u0130LD\u0130RGES\u0130 13-16 Kas\u0131m 2008 tarihleri aras\u0131nda T&uuml;rk Eczac\u0131lar\u0131 Birli\u011fi,&#46;&#46;&#46;<\/p>\n","protected":false},"author":1,"featured_media":0,"comment_status":"closed","ping_status":"closed","sticky":false,"template":"","format":"standard","meta":{"_jetpack_memberships_contains_paid_content":false,"footnotes":""},"categories":[1],"tags":[],"class_list":["post-3485","post","type-post","status-publish","format-standard","hentry","category-ced"],"aioseo_notices":[],"jetpack_featured_media_url":"","jetpack_sharing_enabled":true,"jetpack-related-posts":[],"_links":{"self":[{"href":"http:\/\/www.ced.org.tr\/index.php?rest_route=\/wp\/v2\/posts\/3485","targetHints":{"allow":["GET"]}}],"collection":[{"href":"http:\/\/www.ced.org.tr\/index.php?rest_route=\/wp\/v2\/posts"}],"about":[{"href":"http:\/\/www.ced.org.tr\/index.php?rest_route=\/wp\/v2\/types\/post"}],"author":[{"embeddable":true,"href":"http:\/\/www.ced.org.tr\/index.php?rest_route=\/wp\/v2\/users\/1"}],"replies":[{"embeddable":true,"href":"http:\/\/www.ced.org.tr\/index.php?rest_route=%2Fwp%2Fv2%2Fcomments&post=3485"}],"version-history":[{"count":0,"href":"http:\/\/www.ced.org.tr\/index.php?rest_route=\/wp\/v2\/posts\/3485\/revisions"}],"wp:attachment":[{"href":"http:\/\/www.ced.org.tr\/index.php?rest_route=%2Fwp%2Fv2%2Fmedia&parent=3485"}],"wp:term":[{"taxonomy":"category","embeddable":true,"href":"http:\/\/www.ced.org.tr\/index.php?rest_route=%2Fwp%2Fv2%2Fcategories&post=3485"},{"taxonomy":"post_tag","embeddable":true,"href":"http:\/\/www.ced.org.tr\/index.php?rest_route=%2Fwp%2Fv2%2Ftags&post=3485"}],"curies":[{"name":"wp","href":"https:\/\/api.w.org\/{rel}","templated":true}]}}