{"id":3486,"date":"2008-11-24T12:55:21","date_gmt":"2008-11-24T10:55:21","guid":{"rendered":"http:\/\/www.ced.org.tr\/?p=3486"},"modified":"2008-11-24T12:55:21","modified_gmt":"2008-11-24T10:55:21","slug":"yuzunu-imfye-degil-halka-don","status":"publish","type":"post","link":"http:\/\/www.ced.org.tr\/?p=3486","title":{"rendered":"&#8220;Y\u00dcZ\u00dcN\u00dc IMF&#8217;YE DE\u011e\u0130L, HALKA D\u00d6N&#8221;"},"content":{"rendered":"<div style=\"text-align: center\"><img loading=\"lazy\" decoding=\"async\" src=\"images\/stories\/belgeler\/y%DCz%DCn%DC_imfye_de%D0%DDl_halka_d%D6n.jpg\" border=\"0\" alt=\"imf hay\u0131r\" title=\"imf hay\u0131r\" vspace=\"4\" width=\"360\" height=\"238\" \/><\/div>\n<p>Ankara&rsquo;daki eylem, TMMOB Genel Merkezi&rsquo;nin &ouml;n&uuml;nde ba\u015flad\u0131. Burada bir araya gelen m&uuml;hendis ve mimarlar, &ldquo;G&uuml;n gelecek devran d&ouml;necek, AKP halka hesap verecek&rdquo;, &ldquo;Zam zul&uuml;m i\u015fkence, i\u015fte AKP&rdquo;, &ldquo;AKP&rsquo;yi istemiyoruz&rdquo;, &ldquo;Bu &uuml;lke bu halk sat\u0131l\u0131k de\u011fil&rdquo;, &ldquo;Kahrolsun IMF ba\u011f\u0131ms\u0131z demokratik T&uuml;rkiye&rdquo;, &ldquo;Ya\u015fas\u0131n halklar\u0131n karde\u015fli\u011fi&rdquo;, sloganlar\u0131 atarak Sakarya Caddesi&rsquo;ne y&uuml;r&uuml;d&uuml;.<\/p>\n<div id=\"news_content\" class=\"news-capts12\" align=\"justify\" style=\"margin: 10px 3px 2px 10px\">\n<p>TMMOB Y&ouml;netim Kurulu Ba\u015fkan\u0131 Mehmet So\u011fanc\u0131, burada yapt\u0131\u011f\u0131 konu\u015fmada, &ldquo;AKP H&uuml;k&uuml;meti&quot;ni uyar\u0131yoruz. Y&uuml;z&uuml;n&uuml;z&uuml; IMF&rsquo;ye ve D&uuml;nya Bankas\u0131&rsquo;na de\u011fil, halk\u0131m\u0131za &ccedil;evirin. Her t&uuml;rl&uuml; emperyalist ba\u011f\u0131ml\u0131l\u0131k ili\u015fkilerini terk edin. \u0130\u015ften &ccedil;\u0131karmalar\u0131 yasaklay\u0131n. Halk\u0131n temel ihtiya&ccedil;lar\u0131na yapt\u0131\u011f\u0131n\u0131z zamlar\u0131 geri al\u0131n. &Ouml;zelle\u015ftirmeleri durdurun. Kapitalist k&uuml;reselle\u015fme krizinin faturas\u0131n\u0131 yoksul halka &ouml;detmeyin&rdquo; dedi.<br \/>Her t&uuml;rl&uuml; gericili\u011fe ve karanl\u0131\u011fa kar\u015f\u0131 demokratik, &ouml;zg&uuml;r ve ayd\u0131nl\u0131k bir T&uuml;rkiye istediklerini belirten So\u011fanc\u0131, &ldquo;AKP iktidar\u0131n\u0131n &uuml;lkeyi sermayeye pazarlayan, yoksullar\u0131 daha da yoksulla\u015ft\u0131ran politikalar\u0131, \u0130slami gericile\u015fme dalgas\u0131 ile paralel y&uuml;r&uuml;yor. <\/p>\n<p>&lsquo;B\u0130AT K&Uuml;LT&Uuml;R&Uuml;NE KAR\u015eIYIZ&rsquo;<br \/>Gericilik bir ya\u015fam bi&ccedil;imi haline getiriliyor. Biz, sosyal devletin tahrip edilip yerine cemaat a\u011falar\u0131n\u0131n, sadaka derneklerinin konulmas\u0131na itiraz ediyoruz. Biz, yurtta\u015f olman\u0131n gere\u011fi olan sosyal haklar\u0131n elde edilmesinin yerine biat k&uuml;lt&uuml;r&uuml;n&uuml;n, el pen&ccedil;e divan durman\u0131n almas\u0131na kar\u015f\u0131 &ccedil;\u0131k\u0131yoruz. Herkes bilsin. Gericili\u011fe kar\u015f\u0131 elimizden gelen t&uuml;m kar\u015f\u0131 duru\u015fu inatla ve \u0131srarla s&uuml;rd&uuml;rece\u011fiz&rdquo; diye konu\u015ftu.<\/p>\n<p>&quot;SAVA\u015e &Ccedil;I\u011eLIKLARI B\u0130TS\u0130N&quot;<br \/>Konu\u015fmas\u0131nda K&uuml;rt sorununa da de\u011finen So\u011fanc\u0131, \u015fu de\u011ferlendirmeyi yapt\u0131:<br \/>&ldquo;Bu &uuml;lkede s\u0131k\u0131lan her kur\u015fun, at\u0131lan her bomba, patlayan her may\u0131n, yap\u0131lan her t&uuml;rl&uuml; sald\u0131r\u0131, ger&ccedil;ekle\u015fen her t&uuml;rl&uuml; silahl\u0131 &ccedil;at\u0131\u015fma &uuml;lkemizde bar\u0131\u015f i&ccedil;inde bir arada ya\u015fama umuduna vurulan bir darbe oluyor. Y\u0131llard\u0131r devam eden silahl\u0131 &ccedil;at\u0131\u015fmalar\u0131n kimseye fayda getirmedi\u011fi ortada. Silahlar\u0131n konu\u015ftu\u011fu yerde bar\u0131\u015f\u0131n sesi duyulam\u0131yor. Art\u0131k sava\u015f &ccedil;\u0131\u011fl\u0131klar\u0131n\u0131n bitmesini, demokrasi ve hukuk devletinin egemen olmas\u0131n\u0131 istiyoruz. Biz bar\u0131\u015f i&ccedil;inde bir arada karde\u015f&ccedil;e ya\u015fama umudumuzu hi&ccedil; yitirmeyece\u011fimizi he zaman s&ouml;yledik. Burada da \u0131srarla s&ouml;yl&uuml;yoruz. Biz \u0131rk&ccedil;\u0131 ve milliyet&ccedil;i anlay\u0131\u015f\u0131n besledi\u011fi lin&ccedil; k&uuml;lt&uuml;r&uuml;ne kar\u015f\u0131 bir arada karde\u015f&ccedil;e ve bar\u0131\u015f i&ccedil;inde ya\u015famay\u0131 her zaman savunduk. Bundan sonra da savunmaya devam edece\u011fiz.&rdquo;<\/p>\n<p>&quot;KENTLER YA\u011eMALANIYOR&quot;<br \/>E\u011fitim ve sa\u011fl\u0131k ba\u015fta olmak &uuml;zere kamu hizmetlerinin paral\u0131 hale getirildi\u011fini ifade eden So\u011fanc\u0131, s&ouml;zlerini \u015f&ouml;yle s&uuml;rd&uuml;rd&uuml;: &ldquo;Enerji ve ileti\u015fim gibi stratejik temel altyap\u0131 hizmetleri ile birlikte t&uuml;m kamusal de\u011ferler &ouml;zelle\u015ftirme ad\u0131 alt\u0131nda tasfiye edildi. &Uuml;lkemizin do\u011fas\u0131n\u0131 koruyarak sanayile\u015fme ve &uuml;retim yerine, ranta dayal\u0131 bir ekonomi bu &uuml;lkenin ger&ccedil;e\u011fi oldu. K\u0131y\u0131lar\u0131m\u0131z, ormanlar\u0131m\u0131z, madenlerimiz siyasal iktidar\u0131n biatc\u0131lar\u0131 taraf\u0131ndan ya\u011fmalan\u0131yor. Kentsel d&ouml;n&uuml;\u015f&uuml;m diye yutturmaya kalk\u0131\u015ft\u0131klar\u0131 asl\u0131nda kentleri ya\u011fmalama projeleri.&rdquo;<br \/>Eyleme TMMOB&rsquo;a ba\u011fl\u0131 oda temsilcilerinin yan\u0131 s\u0131ra KESK, D\u0130SK, &Ouml;DP, EMEP, TKP, Halkevleri, Devrimci 78&rsquo;liler Federasyonu&rsquo;nun da aralar\u0131nda oldu\u011fu &ccedil;ok say\u0131da emek ve demokrasi g&uuml;&ccedil;leri de destek verdi.<br \/>ZEHRA \u015eAH\u0130NDOKUYUCU&nbsp; &#8211; UFUK KO\u015eAR<\/p>\n<p>***<br \/>Hangi kentlerde eylem yap\u0131ld\u0131?<br \/>D&uuml;n, Ankara d\u0131\u015f\u0131nda, Adana, Ad\u0131yaman, Antalya, Bal\u0131kesir, Batman, Bodrum, Bursa, &Ccedil;anakkale, &Ccedil;orlu, Denizli, Diyarbak\u0131r, Edirne, Eski\u015fehir, Gaziantep, Hatay, \u0130stanbul, \u0130zmir, Kahramanmara\u015f, K\u0131rklareli, Kocaeli, Malatya, Mardin, Mersin, Milas, Samsun, \u015eanl\u0131urfa, Tunceli, Van ve Zonguldak&rsquo;ta da eylemler yap\u0131ld\u0131.<\/p>\n<p>\u0130STANBUL&quot;DAN TEPK\u0130<br \/>TMMOB \u0130stanbul \u0130l Koordinasyon Kurulu da, d&uuml;nyada ve T&uuml;rkiye&quot;de ya\u015fanan krize kar\u015f\u0131 Taksim Gezi Park&quot;\u0131ndan ses verdi. TMMOB \u0130stanbul \u0130l Koordinasyon Kurulu ve &ccedil;ok say\u0131da kat\u0131l\u0131mc\u0131n\u0131n yapt\u0131\u011f\u0131 a&ccedil;\u0131klamada ya\u015fanan ekonomik sorunlara ili\u015fkin m&uuml;cadele etme zaman\u0131 oldu\u011funu ifade edildi. Koordinasyon Kurulu ad\u0131na a&ccedil;\u0131klama yapan Tores Din&ccedil;&ouml;z, &quot;Bu &uuml;lkenin, bu halk\u0131n sahipsiz olmad\u0131\u011f\u0131n\u0131 birlikte g&ouml;sterme zaman\u0131d\u0131r.<br \/>&nbsp;K&uuml;resel krizin faturas\u0131n\u0131n halka kesilece\u011fi b&ouml;ylesi bir d&ouml;nemde, insanlar da kapitalist k&uuml;rselle\u015fmenin yaratt\u0131\u011f\u0131 yoksulluk, yoksunluk, i\u015fsizlik ve e\u011fitimsizlik nedeniyle \u0131rk&ccedil;\u0131, fa\u015fist, dinci, gerici tepkilere sar\u0131lacaklar, ya da &ouml;rg&uuml;tl&uuml; yap\u0131larla bir direni\u015f sergileyecekler. \u015eimdi tam da, e\u015fit, &ouml;zg&uuml;r, demokratik bir T&uuml;rkiye talebinii y&uuml;kseltme ve bunun i&ccedil;in m&uuml;cadele etme zaman\u0131d\u0131r. \u015eimdi geri ad\u0131m atmadan temek hak &ouml;zg&uuml;rl&uuml;klere sahip &ccedil;\u0131kma zaman\u0131d\u0131r&quot; dedi.<\/p>\n<p>***<br \/>E\u011fitim emek&ccedil;ileri de yollarda<br \/>\u0130stanbul \u0130stiklal Caddesi&quot;nde bir araya gelen e\u011fitim emek&ccedil;ileri, &ouml;\u011fretmenler g&uuml;n&uuml;nden &ouml;nce sosyal ve ekonomik sorunlar\u0131n\u0131 dile getirdiler. KESK Genel Ba\u015fkan\u0131 Sami Evren, E\u011fitim-Sen Genel Ba\u015fkan\u0131 Z&uuml;beyde K\u0131l\u0131&ccedil; ve &ccedil;ok say\u0131da sivil toplum &ouml;rg&uuml;t&uuml;, siyasi parti temsilcisinin kat\u0131ld\u0131\u011f\u0131 y&uuml;r&uuml;y&uuml;\u015f T&uuml;nel&quot;den ba\u015flayarak Taksim Meydan&quot;da son buldu. Y&uuml;r&uuml;y&uuml;\u015fte s\u0131k s\u0131k polis engellemesi ile kar\u015f\u0131la\u015f\u0131ld\u0131.<br \/>E\u011fitimciler, her y\u0131l oldu\u011fu gibi bu y\u0131l da &ouml;\u011fretmenler g&uuml;n&uuml;nde sahte &ouml;vg&uuml;lerin ve bo\u015f vaatlerin s&ouml;ylende\u011fini ifade ettiler. E\u011fitimcilerin sosyal ve ekonomik sorunlar\u0131n\u0131 &ccedil;&ouml;zme y&ouml;n&uuml;nde hi&ccedil; bir ad\u0131m\u0131n at\u0131lmad\u0131\u011f\u0131n\u0131 s&ouml;yleyen e\u011fitim emek&ccedil;ileri, &ouml;\u011fretmenler g&uuml;n&uuml;n&uuml;n 12 Eyl&uuml;l d&ouml;neminin bir &uuml;r&uuml;n&uuml; oldu\u011funu an\u0131msatt\u0131lar.<br \/>Ya\u015fad\u0131klar\u0131 zorluklara ra\u011fmen &ouml;\u011fretmenlerin fedakarca &ccedil;al\u0131\u015ft\u0131\u011f\u0131n\u0131, asgari ya\u015fam standartlar\u0131n\u0131 olu\u015fturman\u0131n m&uuml;cadelesini verdiklerini s&ouml;yleyen Z&uuml;beyde K\u0131l\u0131&ccedil;, &quot;Bug&uuml;n a&ccedil;\u0131k olarak g&ouml;r&uuml;l&uuml;yor ki, t&uuml;m e\u011fitim ve bilim emek&ccedil;ilerinin haklar\u0131n\u0131n savunmak, ayn\u0131 zamanda nitelikli, kamusal e\u011fitim hakk\u0131n\u0131 savunmak anlam\u0131na geliyor. E\u011fitim ve bilim emek&ccedil;ileri, taleplerini daha g&uuml;r hayk\u0131rmak ve ya\u015fad\u0131\u011f\u0131 sorunlara boyun e\u011fmeyece\u011fini g&ouml;stermek i&ccedil;in buraday\u0131z &rdquo;dedi.<\/p>\n<\/div>\n","protected":false},"excerpt":{"rendered":"<p>Ankara&rsquo;daki eylem, TMMOB Genel Merkezi&rsquo;nin &ouml;n&uuml;nde ba\u015flad\u0131. Burada bir araya gelen m&uuml;hendis ve mimarlar, &ldquo;G&uuml;n gelecek devran d&ouml;necek, AKP halka&#46;&#46;&#46;<\/p>\n","protected":false},"author":1,"featured_media":0,"comment_status":"closed","ping_status":"closed","sticky":false,"template":"","format":"standard","meta":{"_jetpack_memberships_contains_paid_content":false,"footnotes":""},"categories":[1],"tags":[],"class_list":["post-3486","post","type-post","status-publish","format-standard","hentry","category-ced"],"aioseo_notices":[],"jetpack_featured_media_url":"","jetpack_sharing_enabled":true,"jetpack-related-posts":[],"_links":{"self":[{"href":"http:\/\/www.ced.org.tr\/index.php?rest_route=\/wp\/v2\/posts\/3486","targetHints":{"allow":["GET"]}}],"collection":[{"href":"http:\/\/www.ced.org.tr\/index.php?rest_route=\/wp\/v2\/posts"}],"about":[{"href":"http:\/\/www.ced.org.tr\/index.php?rest_route=\/wp\/v2\/types\/post"}],"author":[{"embeddable":true,"href":"http:\/\/www.ced.org.tr\/index.php?rest_route=\/wp\/v2\/users\/1"}],"replies":[{"embeddable":true,"href":"http:\/\/www.ced.org.tr\/index.php?rest_route=%2Fwp%2Fv2%2Fcomments&post=3486"}],"version-history":[{"count":0,"href":"http:\/\/www.ced.org.tr\/index.php?rest_route=\/wp\/v2\/posts\/3486\/revisions"}],"wp:attachment":[{"href":"http:\/\/www.ced.org.tr\/index.php?rest_route=%2Fwp%2Fv2%2Fmedia&parent=3486"}],"wp:term":[{"taxonomy":"category","embeddable":true,"href":"http:\/\/www.ced.org.tr\/index.php?rest_route=%2Fwp%2Fv2%2Fcategories&post=3486"},{"taxonomy":"post_tag","embeddable":true,"href":"http:\/\/www.ced.org.tr\/index.php?rest_route=%2Fwp%2Fv2%2Ftags&post=3486"}],"curies":[{"name":"wp","href":"https:\/\/api.w.org\/{rel}","templated":true}]}}