{"id":3487,"date":"2008-11-24T15:04:46","date_gmt":"2008-11-24T13:04:46","guid":{"rendered":"http:\/\/www.ced.org.tr\/?p=3487"},"modified":"2008-11-24T15:04:46","modified_gmt":"2008-11-24T13:04:46","slug":"9-turkiye-eczacilik-kongresi-sonuc-bildirgesi","status":"publish","type":"post","link":"http:\/\/www.ced.org.tr\/?p=3487","title":{"rendered":"9. T\u00fcrkiye Eczac\u0131l\u0131k Kongresi Sonu\u00e7 Bildirgesi"},"content":{"rendered":"<p><span style=\"font-size: 11pt\"><span style=\"font-family: Times New Roman\">9. T&uuml;rkiye Eczac\u0131l\u0131k Kongresi 13-16 Kas\u0131m 2008 tarihleri aras\u0131nda T&uuml;rk Eczac\u0131lar Birli\u011fi, \u0130stanbul Eczac\u0131 Odas\u0131 ve \u0130stanbul Ecza Koop. i\u015fbirli\u011fi ile \u0130stanbul&rsquo;da ger&ccedil;ekle\u015ftirildi. Yakla\u015f\u0131k 2000 ki\u015finin izledi\u011fi kongrede, 151 ki\u015fi, 74 farkl\u0131 ba\u015fl\u0131k alt\u0131nda yap\u0131lan toplant\u0131ya konu\u015fmac\u0131 ya da oturum y&ouml;neticisi olarak kat\u0131ld\u0131lar.<\/span><\/span><\/p>\n<p style=\"margin: 2.5pt 0cm 0pt; text-indent: 14.2pt; text-align: justify\" class=\"MsoNormal\"><span style=\"font-size: 11pt\"><\/span><\/p>\n<p style=\"margin: 2.5pt 0cm 0pt; text-indent: 14.2pt; text-align: justify\" class=\"MsoNormal\"><span style=\"font-size: 11pt\"><span style=\"font-family: Times New Roman\">Kongrede bilimsel, sosyal, ekonomik ve toplumsal sorunlar de\u011fi\u015fik alt ba\u015fl\u0131klarla ele al\u0131nd\u0131. Program\u0131, i&ccedil;eri\u011fi ve kat\u0131l\u0131mc\u0131lar\u0131 ile dolu dolu bir kongre ya\u015fand\u0131. Kongre bilimsel program\u0131nda, farmas&ouml;tik bak\u0131m, kozmetikler, parafarmas&ouml;tikler, farmakovijilans, farmakoekonomi, fitoterapi gibi pek &ccedil;ok alanda sunulan bildirilerin yan\u0131 s\u0131ra, kamu eczac\u0131l\u0131\u011f\u0131, askeri eczac\u0131l\u0131k, hastane eczac\u0131l\u0131\u011f\u0131 gibi eczac\u0131l\u0131\u011f\u0131n &ccedil;e\u015fitli sekt&ouml;rleri hakk\u0131nda da oturumlar yap\u0131ld\u0131. Kongre sosyal program\u0131 &ccedil;er&ccedil;evesinde ise, sanat d&uuml;nyam\u0131z\u0131n k&ouml;\u015feta\u015flar\u0131 ile yap\u0131lan sohbetlerin d\u0131\u015f\u0131nda, k\u0131sa film, foto\u011fraf, karikat&uuml;r yar\u0131\u015fmalar\u0131 ve bas\u0131n alan\u0131nda sa\u011fl\u0131k &ouml;d&uuml;lleri de sahiplerini buldu. <\/span><\/span><\/p>\n<p style=\"margin: 0cm 0cm 0pt; text-indent: 35.4pt; text-align: justify\" class=\"MsoNormal\"><span style=\"font-size: 11pt\"><span style=\"font-family: Times New Roman\">Kongrenin, ila&ccedil;-eczac\u0131l\u0131k ve sa\u011fl\u0131k alan\u0131nda, eczac\u0131lar\u0131n ve toplumun iradesine ra\u011fmen ciddi bir transformasyonun ya\u015fand\u0131\u011f\u0131 bir s&uuml;re&ccedil;te toplanmas\u0131 &ccedil;ok &ouml;nemliydi. Ayr\u0131ca, 9. T&uuml;rkiye Eczac\u0131l\u0131k Kongresi, son y\u0131llarda ayr\u0131 ayr\u0131 yap\u0131lan kongreleri birle\u015ftirmesi, tekle\u015ftirmesi a&ccedil;\u0131s\u0131ndan da &ouml;nemliydi. Eczac\u0131lar\u0131n ve meslek &ouml;rg&uuml;t&uuml;n&uuml;n g&uuml;c&uuml;n&uuml; tek bir noktada birle\u015ftirmesi, g&uuml;c&uuml;m&uuml;z&uuml;, dolay\u0131s\u0131yla Kongremizin verimini art\u0131rd\u0131.<\/span><\/span><\/p>\n<p style=\"margin: 2.5pt 0cm 0pt; text-indent: 14.2pt; text-align: justify\" class=\"MsoNormal\"><span style=\"font-size: 11pt\"><span style=\"font-family: Times New Roman\">&ldquo;<strong><em>Sa\u011fl\u0131kta D&ouml;n&uuml;\u015f&uuml;m Devrim mi, Y\u0131k\u0131m m\u0131?<\/em><\/strong>&rdquo; ba\u015fl\u0131\u011f\u0131yla tart\u0131\u015f\u0131lan sa\u011fl\u0131k sorunu kongrenin en canl\u0131 ve kat\u0131l\u0131ml\u0131 toplant\u0131lar\u0131ndan biri oldu. \u0130ktidar partisi temsilcisi sa\u011fl\u0131k alan\u0131ndaki d&ouml;n&uuml;\u015f&uuml;m&uuml; iyimser bir bak\u0131\u015f a&ccedil;\u0131s\u0131 ile de\u011ferlendirdi. Buna kar\u015f\u0131n, di\u011fer kat\u0131l\u0131mc\u0131lar taraf\u0131ndan &ldquo;<em>Sa\u011fl\u0131kta D&ouml;n&uuml;\u015f&uuml;m<\/em>&rdquo;&uuml;n esasen bir &ouml;zelle\u015ftirme program\u0131 oldu\u011fu, D&uuml;nya Bankas\u0131&rsquo;n\u0131n finans&ouml;rl&uuml;\u011f&uuml;n&uuml; yapt\u0131\u011f\u0131 bu program\u0131n sa\u011fl\u0131k hizmetlerini t&uuml;m&uuml;yle paral\u0131 hale d&ouml;n&uuml;\u015ft&uuml;rece\u011fi, t&uuml;m &ccedil;al\u0131\u015fanlar\u0131 sosyal g&uuml;venceden yoksun bir s&uuml;recin bekledi\u011fi ifade edilerek, e\u015fit, paras\u0131z ve ula\u015f\u0131labilir bir sa\u011fl\u0131k hizmetine vurgu yap\u0131ld\u0131 <\/span><\/span><\/p>\n<p style=\"margin: 2.5pt 0cm 0pt; text-indent: 14.2pt; text-align: justify\" class=\"MsoNormal\"><span style=\"font-size: 11pt\"><span style=\"font-family: Times New Roman\"><span>&nbsp;<\/span>&ldquo;<strong><em>Aile Hekimli\u011fi ve Eczac\u0131l\u0131k Mesle\u011fine Etkileri<\/em><\/strong>&rdquo; paneli &ldquo;<em>Sa\u011fl\u0131kta D&ouml;n&uuml;\u015f&uuml;m<\/em>&rdquo; panelini tamamlayan bir toplant\u0131 oldu. Panelde, Aile hekimli\u011finin sa\u011fl\u0131\u011f\u0131n &ouml;zelle\u015ftirilmesi s&uuml;recinin temel dayanaklar\u0131ndan biri oldu\u011fu, pilot uygulamalar\u0131n ba\u015flamas\u0131yla birlikte hizmetin sunumunda ciddi bir deformasyonun ya\u015fand\u0131\u011f\u0131 ve etik d\u0131\u015f\u0131 ili\u015fkilerin yayg\u0131nla\u015ft\u0131\u011f\u0131 dile getirildi.<\/span><\/span><\/p>\n<p style=\"margin: 2.5pt 0cm 0pt; text-indent: 14.2pt; text-align: justify\" class=\"MsoNormal\"><span style=\"font-size: 11pt\"><span style=\"font-family: Times New Roman\">&ldquo;<strong><em>Kamusal Sa\u011fl\u0131k, \u0130la&ccedil; T&uuml;ketimi ve SUT Uygulamalar\u0131<\/em><\/strong>&rdquo; ba\u015fl\u0131\u011f\u0131 ile yap\u0131lan oturum kongrenin bir di\u011fer canl\u0131 ve tart\u0131\u015fmal\u0131 toplant\u0131s\u0131 oldu. Eczac\u0131lar\u0131n SGK ile g&uuml;nl&uuml;k uygulamalarda ya\u015fad\u0131\u011f\u0131 pek &ccedil;ok sorun, eczac\u0131 meslek &ouml;rg&uuml;t&uuml; temsilcileri taraf\u0131ndan dile getirildi. Avrupa &uuml;lkelerinin pek &ccedil;o\u011funda uygulanan &ldquo;<em>meslek hakk\u0131<\/em>&rdquo;n\u0131n &uuml;lkemizde de ger&ccedil;ekle\u015fmesinin mesle\u011fin gelece\u011fi a&ccedil;\u0131s\u0131ndan &ouml;neminin alt\u0131 &ccedil;izildi. <\/span><\/span><\/p>\n<p style=\"margin: 2.5pt 0cm 0pt; text-indent: 14.2pt; text-align: justify\" class=\"MsoNormal\"><span style=\"font-size: 11pt\"><span style=\"font-family: Times New Roman\">Panelde ayr\u0131ca, kamu kurum \u0131skontosu y&uuml;k&uuml;n&uuml;n eczanelerin &uuml;zerinden al\u0131narak sorunun taraflar\u0131 olan kamu-sanayii aras\u0131nda bir &ccedil;&ouml;z&uuml;me kavu\u015fturulmas\u0131, &ldquo;<em>muayene &uuml;cretleri<\/em>&rdquo;ne bir an &ouml;nce eczane d\u0131\u015f\u0131nda bir &ccedil;&ouml;z&uuml;m &uuml;retilmesi, SGK&rsquo;n\u0131n sistemin t&uuml;m sorunlar\u0131n\u0131 eczaneler &uuml;zerinden &ccedil;&ouml;zme anlay\u0131\u015f\u0131ndan vazge&ccedil;mesi talepleri a\u011f\u0131rl\u0131kla dile getirildi.<\/span><\/span><\/p>\n<p style=\"margin: 2.5pt 0cm 0pt; text-indent: 14.2pt; text-align: justify\" class=\"MsoNormal\"><span style=\"font-size: 11pt\"><span style=\"font-family: Times New Roman\">&ldquo;<strong><em>Avrupa&rsquo;da Serbest Eczanelerin D&ouml;n&uuml;\u015f&uuml;m&uuml;<\/em><\/strong>&rdquo; panelinde, Norve&ccedil;, Fransa, Almanya, \u0130rlanda ve Macaristan&rsquo;dan gelen meslekta\u015flar\u0131m\u0131z kendi &uuml;lkelerinde ya\u015fad\u0131klar\u0131 deneyleri, eczane alan\u0131n\u0131n nas\u0131l liberalle\u015fti\u011fini kat\u0131l\u0131mc\u0131larla payla\u015ft\u0131. Panelde, de\u011fi\u015ftirilen eczac\u0131l\u0131k yasalar\u0131 ile serbest eczane m&uuml;lkiyetinin de el de\u011fi\u015ftirerek eczanelerin perakendeci ve toptanc\u0131 sermaye gruplar\u0131n\u0131n eline ge&ccedil;ti\u011fi ve s&uuml;re&ccedil;te bu geli\u015fimin zincir eczanelere d&ouml;n&uuml;\u015ferek serbest eczane pazar\u0131na hakim oldu\u011fu ger&ccedil;e\u011fi dile getirildi. <\/span><\/span><\/p>\n<p style=\"margin: 2.5pt 0cm 0pt; text-indent: 14.2pt; text-align: justify\" class=\"MsoNormal\"><span style=\"font-size: 11pt\"><span style=\"font-family: Times New Roman\">Kongrenin de\u011fi\u015fik oturumlar\u0131nda da Macaristan s&uuml;reci ile T&uuml;rkiye&rsquo;deki geli\u015fmelerin paralelli\u011fine dikkat &ccedil;ekildi. &Ouml;zellikle, Sa\u011fl\u0131k Bakanl\u0131\u011f\u0131 ve \u0130la&ccedil; Eczac\u0131l\u0131k Genel M&uuml;d&uuml;rl&uuml;\u011f&uuml; taraf\u0131ndan TEB&rsquo;in ve 51 Eczac\u0131 Odas\u0131&rsquo;n\u0131n t&uuml;m itirazlar\u0131na ra\u011fmen, 6197 say\u0131l\u0131 &ldquo;<em>Eczac\u0131lar ve Eczaneler Hakk\u0131nda Yasa Tasar\u0131s\u0131<\/em>&rdquo;n\u0131n ve buna ba\u011fl\u0131 olarak eczac\u0131 ortakl\u0131\u011f\u0131n\u0131n g&uuml;ndeme getirilmesi, serbest eczanelerin liberalle\u015fmesine y&ouml;nelik &ccedil;abalar olarak yorumland\u0131. Kongreye kat\u0131lan eczac\u0131 &ouml;rg&uuml;tleri ve eczac\u0131lar bu &ccedil;abalara izin vermeyeceklerini bir kez daha kararl\u0131l\u0131kla dile getirdiler.<\/span><\/span><\/p>\n<p style=\"margin: 2.5pt 0cm 0pt; text-indent: 14.2pt; text-align: justify\" class=\"MsoNormal\"><span style=\"font-size: 11pt\"><span style=\"font-family: Times New Roman\">Kongrede g&uuml;ndeme getirilen bir di\u011fer d&uuml;zenlemede &ldquo;<em>\u0130la&ccedil; ve T\u0131bbi Cihaz Kurumu<\/em>&rdquo; yasa tasar\u0131s\u0131 idi. Bu tasar\u0131 ile Sa\u011fl\u0131k Bakanl\u0131\u011f\u0131&rsquo;n\u0131n ilaca dair t&uuml;m yetkilerinin toplumsal sorumlulu\u011fu olmayan s&ouml;zde &ouml;zerk bir kuruma devredilece\u011fi, eczac\u0131l\u0131k ve sa\u011fl\u0131k ile ilgili temel yasalar\u0131n de\u011fi\u015ftirilerek &ldquo;<em>OTC<\/em>&rdquo; ve &ldquo;<em>\u0130la&ccedil;ta Reklam<\/em>&rdquo;\u0131n yasal hale gelece\u011fi, ila&ccedil; \u015firketlerine geni\u015f bir etkinlik alan\u0131 sa\u011flanaca\u011f\u0131 ve T&uuml;rkiye&rsquo;nin klinik ara\u015ft\u0131rmalar\u0131n merkezi haline gelece\u011fi kayg\u0131lar\u0131, kongre kat\u0131l\u0131mc\u0131lar\u0131 ile payla\u015f\u0131ld\u0131.<\/span><\/span><\/p>\n<p style=\"margin: 2.5pt 0cm 0pt; text-indent: 14.2pt; text-align: justify\" class=\"MsoNormal\"><span style=\"font-size: 11pt\"><span style=\"font-family: Times New Roman\">Kongrede ayr\u0131ca, &ldquo;<strong><em>Farmas&ouml;tik Bak\u0131m<\/em><\/strong>&rdquo;, &ldquo;<strong><em>Dermokozmetiklerin Eczanelerdeki &Ouml;nemi<\/em><\/strong>&rdquo;, &ldquo;<strong><em>\u0130la&ccedil; M&uuml;hendisli\u011fi<\/em><\/strong>&rdquo;, &ldquo;<strong><em>\u0130la&ccedil; G&uuml;venli\u011finde Eczac\u0131n\u0131n Rol&uuml;<\/em><\/strong>&rdquo;, &ldquo;<strong><em>Farmakovijilans Sistemi \u0130&ccedil;inde \u0130la&ccedil; Sekt&ouml;r&uuml;<\/em><\/strong>&rdquo;, &ldquo;<strong><em>Eczac\u0131l\u0131kta G&uuml;ncel Uygulamalar<\/em><\/strong>&rdquo; ve &ldquo;<strong><em>Patent ve Veri Koruma<\/em><\/strong>&rdquo; ba\u015fl\u0131klar\u0131 alt\u0131nda yap\u0131lan bilimsel oturumlarda, ilac\u0131n ve eczac\u0131n\u0131n gelece\u011fi mercek alt\u0131na al\u0131nd\u0131.<\/span><\/span><\/p>\n<p style=\"margin: 2.5pt 0cm 0pt; text-indent: 14.2pt; text-align: justify\" class=\"MsoNormal\"><span style=\"font-size: 11pt\"><span style=\"font-family: Times New Roman\">9. T&uuml;rkiye Eczac\u0131l\u0131k Kongresi&rsquo;nin bir di\u011fer zenginli\u011fi, T&uuml;rkiye&rsquo;de ilk kez ger&ccedil;ekle\u015ftirilen ve on bir ayr\u0131 eczac\u0131l\u0131k fak&uuml;ltesi &ouml;\u011frencilerinin kat\u0131ld\u0131\u011f\u0131 &ldquo;<strong><em>E\u011fitim Si(S)temimiz Be\u015f Olsun Bo\u015f Olmas\u0131n<\/em><\/strong>&rdquo; adl\u0131 Gen&ccedil;lik Forumu idi. Forumda, say\u0131lar\u0131 bine yak\u0131n eczac\u0131 adaylar\u0131 5 y\u0131la &ccedil;\u0131kar\u0131lan e\u011fitim s&uuml;reci ile ilgili taleplerini dile getirdi. Bunlar aras\u0131nda, ila&ccedil; merkezli de\u011fil hasta merkezli e\u011fitim, bran\u015fa uygun e\u011fitim ve staj programlar\u0131, ders programlar\u0131n\u0131n 5 senelik e\u011fitime ge&ccedil;erken vaat edildi\u011fi gibi hafifletilerek daha sosyal ve aktif bir &ouml;\u011frenim hayat\u0131, t\u0131p fak&uuml;lteleri ile i\u015fbirli\u011fine gidilerek klinik eczac\u0131l\u0131k uygulamalar\u0131n\u0131n geli\u015ftirilmesi, derslerin mesleki prati\u011fe hizmet edecek \u015fekilde yeniden d&uuml;zenlenmesi ve derslerin daha interaktif bir tarzda &ouml;\u011frenci odakl\u0131 olarak ger&ccedil;ekle\u015ftirilmesi talepleri dikkat &ccedil;ekiciydi.<\/span><\/span><\/p>\n<p style=\"margin: 2.5pt 0cm 0pt; text-indent: 14.2pt; text-align: justify\" class=\"MsoNormal\"><span style=\"font-size: 11pt\"><span style=\"font-family: Times New Roman\">Kongrenin en son oturumunda &ldquo;<strong><em>D&uuml;nya Krizinin Ger&ccedil;ek Niteli\u011fi ve T&uuml;rkiye&rsquo;ye Olas\u0131 Etkileri<\/em><\/strong>&rdquo; tart\u0131\u015f\u0131ld\u0131. Ya\u015fad\u0131\u011f\u0131m\u0131z krizin &ouml;z&uuml;nde kapitalizmin bir &uuml;retim fazlas\u0131 krizi oldu\u011fu, bunu a\u015fmak i&ccedil;in &uuml;retilen parasal-k&uuml;resel politikalar\u0131n da iflas etti\u011fi ve ekonomisi zaten kendi i&ccedil;inde bir krizi ya\u015fayan T&uuml;rkiye&rsquo;nin de bu d&uuml;nya krizinden iddia edilenin tersine &ccedil;ok ciddi \u015fekilde etkilenece\u011fi ve ekonomik durgunluk, yayg\u0131n i\u015fsizlik, &uuml;retimde ve b&uuml;y&uuml;mede ciddi d&uuml;\u015f&uuml;\u015fler ile krizin ger&ccedil;ek y&uuml;z&uuml;n&uuml; 2009 y\u0131l\u0131nda g&ouml;sterece\u011fi ger&ccedil;e\u011fi kat\u0131l\u0131mc\u0131lar taraf\u0131ndan dile getirildi.<\/span><\/span><\/p>\n<p style=\"margin: 2.5pt 0cm 0pt; text-indent: 14.2pt; text-align: justify\" class=\"MsoNormal\"><span style=\"font-size: 11pt\"><span style=\"font-family: Times New Roman\">Panelde, krizin faturas\u0131n\u0131n her zamanki gibi eme\u011fi ile ge&ccedil;inen t&uuml;m toplum kesimlerinin &uuml;st&uuml;ne y\u0131k\u0131lmamas\u0131 i&ccedil;in &ouml;rg&uuml;tl&uuml; m&uuml;cadelenin &ouml;nemi ve alternatif bir sosyal program\u0131n gereklili\u011finin de alt\u0131 &ccedil;izildi. <\/span><\/span><\/p>\n<p style=\"margin: 0cm 0cm 0pt; text-indent: 35.4pt; text-align: justify\" class=\"MsoNormal\"><span style=\"font-size: 11pt\"><span style=\"font-family: Times New Roman\">9. T&uuml;rkiye Eczac\u0131l\u0131k Kongresi, eczac\u0131lar\u0131n bilimsel bilgiye olan inanc\u0131 ile birlik ve dayan\u0131\u015fma prati\u011fini g&ouml;sterdi\u011fi bir zemin olarak, sa\u011fl\u0131k alan\u0131nda h\u0131zla de\u011fi\u015fen bilimsel g&uuml;ndemi takip edebilme, yenilikler konusunda bilgilenme ve sa\u011fl\u0131k &ccedil;al\u0131\u015fanlar\u0131n\u0131n, eczac\u0131lar\u0131n hemen t&uuml;m sekt&ouml;rlerdeki ya\u015fad\u0131\u011f\u0131 sorun ve zorluklar\u0131 birlikte tart\u0131\u015fma olana\u011f\u0131 sa\u011flad\u0131. Sa\u011fl\u0131kta d&ouml;n&uuml;\u015f&uuml;m program\u0131n\u0131n sa\u011fl\u0131k &ccedil;al\u0131\u015fanlar\u0131na, eczac\u0131lara ve topluma getirdi\u011fi y&uuml;k&uuml;n a\u011f\u0131rl\u0131kl\u0131 olarak ele al\u0131nd\u0131\u011f\u0131 Kongremizde, hasta sa\u011fl\u0131\u011f\u0131n\u0131 merkeze alan, &ldquo;e\u015fit, paras\u0131z ve ula\u015f\u0131labilir bir sa\u011fl\u0131k hizmeti&rdquo; talebimiz, beraber ve g&uuml;&ccedil;l&uuml; bir \u015fekilde dile getirildi. <\/span><\/span><\/p>\n<p style=\"margin: 2.5pt 0cm 0pt; text-indent: 35.4pt; text-align: justify\" class=\"MsoNormal\"><span style=\"font-size: 11pt\"><span style=\"font-family: Times New Roman\">9. T&uuml;rkiye Eczac\u0131l\u0131k Kongresi&rsquo;ne kat\u0131lan, destek veren ki\u015fi ve kurulu\u015flara, bas\u0131n\u0131n de\u011ferli temsilcilerine, g&uuml;&ccedil; ve deste\u011fini her zaman yan\u0131m\u0131zda hissetti\u011fimiz t&uuml;m meslekta\u015flar\u0131m\u0131za te\u015fekk&uuml;r ederiz.<\/span><\/span><\/p>\n<p style=\"margin: 0cm 0cm 0pt; text-indent: 35.4pt; text-align: justify\" class=\"MsoNormal\"><span style=\"font-size: 11pt\"><span style=\"font-family: Times New Roman\">10. T&uuml;rkiye Eczac\u0131l\u0131k Kongresi, bu kongrenin deneyimi ile daha da zenginle\u015fmi\u015f olarak, yine t&uuml;m meslekta\u015flar\u0131m\u0131z\u0131n kat\u0131l\u0131m\u0131na a&ccedil;\u0131k bir bi&ccedil;imde, eczac\u0131 dayan\u0131\u015fmas\u0131 ve g&uuml;c&uuml; ile yap\u0131lacak. <\/span><\/span><\/p>\n<p style=\"margin: 2.5pt 0cm 0pt; text-indent: 14.2pt; text-align: justify\" class=\"MsoNormal\"><span style=\"font-size: 11pt\"><span style=\"font-family: Times New Roman\"><span>&nbsp;&nbsp;&nbsp;&nbsp;&nbsp;&nbsp; <\/span>10. T&uuml;rkiye Eczac\u0131l\u0131k Kongresi&rsquo;nde bulu\u015fmak dile\u011fi ile..<\/span><\/span><\/p>\n<p style=\"margin: 2.5pt 0cm 0pt; text-indent: 14.2pt; text-align: justify\" class=\"MsoNormal\"><span style=\"font-size: 11pt\"><\/span><\/p>\n<p style=\"margin: 2.5pt 0cm 0pt; text-indent: 14.2pt; text-align: right\" class=\"MsoNormal\" align=\"right\"><span style=\"font-size: 11pt\"><span style=\"font-family: Times New Roman\">T&uuml;rk Eczac\u0131lar\u0131 Birli\u011fi<\/span><\/span><\/p>\n<p style=\"margin: 2.5pt 0cm 0pt; text-indent: 14.2pt; text-align: right\" class=\"MsoNormal\" align=\"right\"><span style=\"font-size: 11pt\"><span style=\"font-family: Times New Roman\">\u0130stanbul Eczac\u0131 Odas\u0131<\/span><\/span><\/p>\n<p style=\"margin: 2.5pt 0cm 0pt; text-indent: 14.2pt; text-align: right\" class=\"MsoNormal\" align=\"right\"><span style=\"font-size: 11pt\"><span style=\"font-family: Times New Roman\">\u0130stanbul Ecza Koop<\/span><\/span><\/p>\n","protected":false},"excerpt":{"rendered":"<p>9. T&uuml;rkiye Eczac\u0131l\u0131k Kongresi 13-16 Kas\u0131m 2008 tarihleri aras\u0131nda T&uuml;rk Eczac\u0131lar Birli\u011fi, \u0130stanbul Eczac\u0131 Odas\u0131 ve \u0130stanbul Ecza Koop. i\u015fbirli\u011fi&#46;&#46;&#46;<\/p>\n","protected":false},"author":1,"featured_media":0,"comment_status":"closed","ping_status":"closed","sticky":false,"template":"","format":"standard","meta":{"_jetpack_memberships_contains_paid_content":false,"footnotes":""},"categories":[1],"tags":[],"class_list":["post-3487","post","type-post","status-publish","format-standard","hentry","category-ced"],"aioseo_notices":[],"jetpack_featured_media_url":"","jetpack_sharing_enabled":true,"jetpack-related-posts":[],"_links":{"self":[{"href":"http:\/\/www.ced.org.tr\/index.php?rest_route=\/wp\/v2\/posts\/3487","targetHints":{"allow":["GET"]}}],"collection":[{"href":"http:\/\/www.ced.org.tr\/index.php?rest_route=\/wp\/v2\/posts"}],"about":[{"href":"http:\/\/www.ced.org.tr\/index.php?rest_route=\/wp\/v2\/types\/post"}],"author":[{"embeddable":true,"href":"http:\/\/www.ced.org.tr\/index.php?rest_route=\/wp\/v2\/users\/1"}],"replies":[{"embeddable":true,"href":"http:\/\/www.ced.org.tr\/index.php?rest_route=%2Fwp%2Fv2%2Fcomments&post=3487"}],"version-history":[{"count":0,"href":"http:\/\/www.ced.org.tr\/index.php?rest_route=\/wp\/v2\/posts\/3487\/revisions"}],"wp:attachment":[{"href":"http:\/\/www.ced.org.tr\/index.php?rest_route=%2Fwp%2Fv2%2Fmedia&parent=3487"}],"wp:term":[{"taxonomy":"category","embeddable":true,"href":"http:\/\/www.ced.org.tr\/index.php?rest_route=%2Fwp%2Fv2%2Fcategories&post=3487"},{"taxonomy":"post_tag","embeddable":true,"href":"http:\/\/www.ced.org.tr\/index.php?rest_route=%2Fwp%2Fv2%2Ftags&post=3487"}],"curies":[{"name":"wp","href":"https:\/\/api.w.org\/{rel}","templated":true}]}}