{"id":3488,"date":"2008-11-27T17:20:39","date_gmt":"2008-11-27T15:20:39","guid":{"rendered":"http:\/\/www.ced.org.tr\/?p=3488"},"modified":"2008-11-27T17:20:39","modified_gmt":"2008-11-27T15:20:39","slug":"aclik-siniri-738-yoksulluk-siniri-2-404-ytl","status":"publish","type":"post","link":"http:\/\/www.ced.org.tr\/?p=3488","title":{"rendered":"A\u00e7l\u0131k s\u0131n\u0131r\u0131 738, yoksulluk s\u0131n\u0131r\u0131 2.404 YTL"},"content":{"rendered":"<blockquote style=\"clear: left; padding: 0px\">\n<div><span style=\"font-size: 10pt\">T&uuml;rk-\u0130\u015f, kas\u0131m ay\u0131 itibariyle a&ccedil;l\u0131k s\u0131n\u0131r\u0131n\u0131n 738, yoksulluk s\u0131n\u0131r\u0131n\u0131n ise 2 bin 404 YTL oldu\u011funu a&ccedil;\u0131klad\u0131. T&uuml;rk-\u0130\u015f&#39;ten d&uuml;n yap\u0131lan a&ccedil;\u0131klamada, mutfak enflasyonu bu ay y&uuml;zde 0,5 gerilerken, y\u0131ll\u0131k bazda y&uuml;zde 12,6 art\u0131\u015f oldu\u011fu belirtilerek, &quot;G\u0131da fiyatlar\u0131nda durgunluk var ama halk\u0131n al\u0131m g&uuml;c&uuml; yok. Ge&ccedil;im darl\u0131\u011f\u0131ndan halk karn\u0131n\u0131 doyuram\u0131yor. Esnaf durgunluktan \u015fikayet&ccedil;i&quot; denildi.<\/span><\/div>\n<div><strong><font size=\"6\"><font size=\"2\">Asgari &uuml;cret 6 g&uuml;n yetiyor<\/font><\/font><\/strong><\/div>\n<div><span style=\"font-size: 10pt\">T&uuml;rk-\u0130\u015f Ara\u015ft\u0131rma Merkezi&#39;nin 21 y\u0131ldan bu yana her ay yapt\u0131\u011f\u0131 a&ccedil;l\u0131k-yoksulluk ara\u015ft\u0131rmas\u0131n\u0131n kas\u0131m ay\u0131 sonu&ccedil;lar\u0131 a&ccedil;\u0131kland\u0131. Buna g&ouml;re, d&ouml;rt ki\u015filik bir ailenin yeterli beslenebilmesi i&ccedil;in gerekli ayl\u0131k asgari harcama tutar\u0131 olan a&ccedil;l\u0131k s\u0131n\u0131r\u0131 kas\u0131m ay\u0131 itibariyle 738,07 YTL, di\u011fer gereksinimlerle birlikte bir ayl\u0131k ge&ccedil;im i&ccedil;in gerekli asgari harcama tutar\u0131 olan yoksulluk s\u0131n\u0131r\u0131 ise 2 bin 404,14 YTL olarak belirlendi. S&ouml;z konusu tutarlar y\u0131l\u0131n ilk on bir ay\u0131nda y&uuml;zde 7,27, y\u0131ll\u0131k ortalama bazda ise y&uuml;zde 12,63 art\u0131\u015f g&ouml;sterdi. <\/span><\/div>\n<div><span style=\"font-size: 10pt\">Ailenin y\u0131lba\u015f\u0131na g&ouml;re, yapmas\u0131 gereken ek harcama tutar\u0131 sadece g\u0131dada 50 YTL oldu. Di\u011fer zorunlu gereksinimler de dikkate al\u0131nd\u0131\u011f\u0131nda toplam ek harcama tutar\u0131 ise 163 YTL olarak ger&ccedil;ekle\u015fti.&nbsp;&nbsp;&nbsp;&nbsp;&nbsp;&nbsp; <\/span><\/div>\n<p><span style=\"font-size: 10pt\">A&ccedil;\u0131klamada, halen ge&ccedil;erli asgari &uuml;cretin ailenin ge&ccedil;imine sadece 6 g&uuml;n yetti\u011fine i\u015faret edildi. Asgari &uuml;cretin sadece mutfak harcamas\u0131n\u0131 ise 20 g&uuml;n kar\u015f\u0131layabildi\u011fi belirtildi.<\/span><\/p>\n<\/blockquote>\n","protected":false},"excerpt":{"rendered":"<p>T&uuml;rk-\u0130\u015f, kas\u0131m ay\u0131 itibariyle a&ccedil;l\u0131k s\u0131n\u0131r\u0131n\u0131n 738, yoksulluk s\u0131n\u0131r\u0131n\u0131n ise 2 bin 404 YTL oldu\u011funu a&ccedil;\u0131klad\u0131. T&uuml;rk-\u0130\u015f&#39;ten d&uuml;n yap\u0131lan a&ccedil;\u0131klamada,&#46;&#46;&#46;<\/p>\n","protected":false},"author":1,"featured_media":0,"comment_status":"closed","ping_status":"closed","sticky":false,"template":"","format":"standard","meta":{"_jetpack_memberships_contains_paid_content":false,"footnotes":""},"categories":[1],"tags":[],"class_list":["post-3488","post","type-post","status-publish","format-standard","hentry","category-ced"],"aioseo_notices":[],"jetpack_featured_media_url":"","jetpack_sharing_enabled":true,"jetpack-related-posts":[],"_links":{"self":[{"href":"http:\/\/www.ced.org.tr\/index.php?rest_route=\/wp\/v2\/posts\/3488","targetHints":{"allow":["GET"]}}],"collection":[{"href":"http:\/\/www.ced.org.tr\/index.php?rest_route=\/wp\/v2\/posts"}],"about":[{"href":"http:\/\/www.ced.org.tr\/index.php?rest_route=\/wp\/v2\/types\/post"}],"author":[{"embeddable":true,"href":"http:\/\/www.ced.org.tr\/index.php?rest_route=\/wp\/v2\/users\/1"}],"replies":[{"embeddable":true,"href":"http:\/\/www.ced.org.tr\/index.php?rest_route=%2Fwp%2Fv2%2Fcomments&post=3488"}],"version-history":[{"count":0,"href":"http:\/\/www.ced.org.tr\/index.php?rest_route=\/wp\/v2\/posts\/3488\/revisions"}],"wp:attachment":[{"href":"http:\/\/www.ced.org.tr\/index.php?rest_route=%2Fwp%2Fv2%2Fmedia&parent=3488"}],"wp:term":[{"taxonomy":"category","embeddable":true,"href":"http:\/\/www.ced.org.tr\/index.php?rest_route=%2Fwp%2Fv2%2Fcategories&post=3488"},{"taxonomy":"post_tag","embeddable":true,"href":"http:\/\/www.ced.org.tr\/index.php?rest_route=%2Fwp%2Fv2%2Ftags&post=3488"}],"curies":[{"name":"wp","href":"https:\/\/api.w.org\/{rel}","templated":true}]}}