{"id":3489,"date":"2008-11-27T17:23:51","date_gmt":"2008-11-27T15:23:51","guid":{"rendered":"http:\/\/www.ced.org.tr\/?p=3489"},"modified":"2008-11-27T17:23:51","modified_gmt":"2008-11-27T15:23:51","slug":"saglik-emekcileri-ankaraya-kuresel-krize-karsi-yuruyor","status":"publish","type":"post","link":"http:\/\/www.ced.org.tr\/?p=3489","title":{"rendered":"SA\u011eLIK EMEK\u00c7\u0130LER\u0130 ANKARA&#8217;YA K\u00dcRESEL KR\u0130ZE KAR\u015eI Y\u00dcR\u00dcYOR"},"content":{"rendered":"<h5>T&uuml;rk Tabipleri Birli\u011fi (TTB), Devrimci Sa\u011fl\u0131k \u0130\u015f&ccedil;ileri Sendikas\u0131 (Dev Sa\u011fl\u0131k-\u0130\u015f) ve Sa\u011fl\u0131k Emek&ccedil;ileri Sendikas\u0131 (SES) 29 Kas\u0131m&quot;da Ankara&quot;da son bulacak y&uuml;r&uuml;y&uuml;\u015flerine d&uuml;n \u0130stanbul&quot;da yapt\u0131klar\u0131 eylemle ba\u015flad\u0131.<span>&nbsp; <\/span>Emek&ccedil;ilerin y&uuml;r&uuml;y&uuml;\u015f&uuml; i\u015ften &ccedil;\u0131karmalara, sa\u011fl\u0131kta y\u0131k\u0131m yasalar\u0131na ve &ouml;rg&uuml;tlenme hakk\u0131n\u0131n engellenmesine kar\u015f\u0131 ger&ccedil;ekle\u015ftirdikleri bildirildi.<\/h5>\n<h5 style=\"margin: 0cm 0cm 0pt\" class=\"MsoNormal\">&Ccedil;apa K\u0131z\u0131lay T\u0131p Merkezi &ouml;n&uuml;nde bas\u0131n a&ccedil;\u0131klamas\u0131 yaparak Aksaray Metro&quot;ya kadar y&uuml;r&uuml;yen emek&ccedil;ilere siyasi partiler ve &ccedil;e\u015fitli sendikalar destek verdi.<span>&nbsp; <\/span>Y&uuml;r&uuml;y&uuml;\u015f&uuml; d&uuml;zenleyen &ouml;rg&uuml;tler ad\u0131na bas\u0131n a&ccedil;\u0131klamas\u0131n\u0131 okuyan SES Genel Ba\u015fkan\u0131 Bedriye Yorgun, kapitalizmin krizine kar\u015f\u0131 eme\u011fin haklar\u0131n\u0131 savunmak i&ccedil;in y&uuml;r&uuml;d&uuml;klerini s&ouml;yledi. Sa\u011fl\u0131k ocaklar\u0131n\u0131n sat\u0131\u015fa &ccedil;\u0131kar\u0131lmas\u0131ndan vazge&ccedil;ilmesini, i\u015ften &ccedil;\u0131karmalar\u0131n yasaklanmas\u0131n\u0131, t&uuml;m &ccedil;al\u0131\u015fanlara g&uuml;venceli &ccedil;al\u0131\u015fma, sendikala\u015fma-&ouml;rg&uuml;tlenme &ouml;zg&uuml;rl&uuml;\u011f&uuml; tan\u0131mmas\u0131n\u0131 gibi taleplerde bulunan Yorgun, &quot;&Uuml;cretlerimizden ve i\u015f g&uuml;vencemizden vazge&ccedil;meyece\u011fimizi s&ouml;ylemek, &ccedil;al\u0131\u015fma ko\u015fullar\u0131m\u0131z\u0131n iyile\u015ftirilmesi, sa\u011fl\u0131\u011f\u0131m\u0131z\u0131n korunmas\u0131, sa\u011fl\u0131k ortam\u0131nda \u015fiddetin son bulmas\u0131 i&ccedil;in y&uuml;r&uuml;yoruz&quot; dedi. Y&uuml;r&uuml;y&uuml;\u015f&uuml;n temel talepleriniden biri de &ldquo;\u0130\u015ften at\u0131lan i\u015f&ccedil;ilerin geri al\u0131nmas\u0131yd\u0131&rdquo; Dev Sa\u011fl\u0131k-\u0130\u015f Sendikas\u0131&quot;nda &ouml;rg&uuml;tlendikleri i&ccedil;in i\u015ften at\u0131lan K\u0131z\u0131lay &ccedil;al\u0131\u015fanlar\u0131 da eylemde yer al\u0131rken, Belediye-\u0130\u015f Sendikas\u0131 &uuml;yesi &Ccedil;apa Temizlik i\u015f&ccedil;ileri de y&uuml;r&uuml;y&uuml;\u015fte bulunacak.<\/h5>\n<h5 style=\"margin: 0cm 0cm 0pt\" class=\"MsoNormal\">Y&uuml;r&uuml;y&uuml;\u015f &ouml;ncesinde D\u0130SK, KESK ve TTB Genel Ba\u015fkanlar\u0131 birer konu\u015fma ger&ccedil;ekle\u015ftirdiler. Sa\u011fl\u0131k emek&ccedil;ileri taleplerinin yer ald\u0131\u011f\u0131 bildirileri yol boyunca da\u011f\u0131tarak &ldquo;29 Kas\u0131m&quot;da Ankara&quot;da bulu\u015fma&rdquo; &ccedil;a\u011fr\u0131s\u0131 yapt\u0131. Sa\u011fl\u0131k emek&ccedil;ilerinin Kocaeli, Bursa, Eski\u015fehir&quot;de ger&ccedil;ekle\u015ftirecekleri y&uuml;r&uuml;y&uuml;\u015flerin ard\u0131ndan 29 Kas\u0131m&quot;da Ankara&quot;da olacak.<\/h5>\n","protected":false},"excerpt":{"rendered":"<p>T&uuml;rk Tabipleri Birli\u011fi (TTB), Devrimci Sa\u011fl\u0131k \u0130\u015f&ccedil;ileri Sendikas\u0131 (Dev Sa\u011fl\u0131k-\u0130\u015f) ve Sa\u011fl\u0131k Emek&ccedil;ileri Sendikas\u0131 (SES) 29 Kas\u0131m&quot;da Ankara&quot;da son bulacak&#46;&#46;&#46;<\/p>\n","protected":false},"author":1,"featured_media":0,"comment_status":"closed","ping_status":"closed","sticky":false,"template":"","format":"standard","meta":{"_jetpack_memberships_contains_paid_content":false,"footnotes":""},"categories":[1],"tags":[],"class_list":["post-3489","post","type-post","status-publish","format-standard","hentry","category-ced"],"aioseo_notices":[],"jetpack_featured_media_url":"","jetpack_sharing_enabled":true,"jetpack-related-posts":[],"_links":{"self":[{"href":"http:\/\/www.ced.org.tr\/index.php?rest_route=\/wp\/v2\/posts\/3489","targetHints":{"allow":["GET"]}}],"collection":[{"href":"http:\/\/www.ced.org.tr\/index.php?rest_route=\/wp\/v2\/posts"}],"about":[{"href":"http:\/\/www.ced.org.tr\/index.php?rest_route=\/wp\/v2\/types\/post"}],"author":[{"embeddable":true,"href":"http:\/\/www.ced.org.tr\/index.php?rest_route=\/wp\/v2\/users\/1"}],"replies":[{"embeddable":true,"href":"http:\/\/www.ced.org.tr\/index.php?rest_route=%2Fwp%2Fv2%2Fcomments&post=3489"}],"version-history":[{"count":0,"href":"http:\/\/www.ced.org.tr\/index.php?rest_route=\/wp\/v2\/posts\/3489\/revisions"}],"wp:attachment":[{"href":"http:\/\/www.ced.org.tr\/index.php?rest_route=%2Fwp%2Fv2%2Fmedia&parent=3489"}],"wp:term":[{"taxonomy":"category","embeddable":true,"href":"http:\/\/www.ced.org.tr\/index.php?rest_route=%2Fwp%2Fv2%2Fcategories&post=3489"},{"taxonomy":"post_tag","embeddable":true,"href":"http:\/\/www.ced.org.tr\/index.php?rest_route=%2Fwp%2Fv2%2Ftags&post=3489"}],"curies":[{"name":"wp","href":"https:\/\/api.w.org\/{rel}","templated":true}]}}