{"id":3490,"date":"2008-11-28T12:43:08","date_gmt":"2008-11-28T10:43:08","guid":{"rendered":"http:\/\/www.ced.org.tr\/?p=3490"},"modified":"2008-11-28T12:43:08","modified_gmt":"2008-11-28T10:43:08","slug":"aralik-ayi-koli-teslimat-programi","status":"publish","type":"post","link":"http:\/\/www.ced.org.tr\/?p=3490","title":{"rendered":"Aral\u0131k Ay\u0131 Koli Teslimat Program\u0131"},"content":{"rendered":"<p>http:\/\/istanbul.sgk.gov.tr internet sitemizde;&ldquo;01.11.2008 Tarihi \u0130tibariyle Evrak Teslimat\u0131 &ldquo; ba\u015fl\u0131kl\u0131 yaz\u0131da belirtilen s&ouml;zle\u015fmeli eczaneler ile Trakya ili s&ouml;zle\u015fmeli eczaneleri Bayrampa\u015fa depomuzda,<\/p>\n<p>&middot;&nbsp;&nbsp; &nbsp;Di\u011fer \u0130stanbul \u0130li s&ouml;zle\u015fmeli eczanelerimiz ise G&ouml;ztepe depomuzda,<\/p>\n<p>A\u015fa\u011f\u0131daki programa g&ouml;re, t&uuml;m kurumlar i&ccedil;in birle\u015ftirilmi\u015f \u015fekilde yap\u0131lacakt\u0131r. Gereksiz y\u0131\u011f\u0131lman\u0131n olu\u015fmamas\u0131 i&ccedil;in eczac\u0131lar\u0131m\u0131z\u0131n programa uymalar\u0131n\u0131 rica ederiz. Koliler S&ouml;zle\u015fmeli Eczac\u0131 haricindeki ki\u015filerce de teslim edilebilir.<\/p>\n<div align=\"left\">Kargo ile teslimat yapacak eczac\u0131lar\u0131m\u0131z i&ccedil;in g&uuml;n s\u0131n\u0131rlamas\u0131 yap\u0131lmayacakt\u0131r.<br \/>Koli teslimat\u0131ndan &ouml;nce yap\u0131lmas\u0131 gereken i\u015flemler hakk\u0131nda ve koli teslimat\u0131nda dikkat edilecek hususlarla ilgili ilanlar\u0131m\u0131z dikkatlice okunmal\u0131 ve gerekleri yerine getirilmelidir.<\/p>\n<p>Serbest g&uuml;nlerde koli al\u0131m\u0131 saat 09.00 &lsquo;da ba\u015flayacak 15.30&rsquo;a kadar gelenlerin kolileri al\u0131nacak, 16.00 itibari ile koli al\u0131m i\u015flemi sonland\u0131r\u0131lacakt\u0131r.<\/p>\n<p>Numaral\u0131 g&uuml;nlerde koli al\u0131m\u0131 saat 09.00 &lsquo;da ba\u015flayacak 16.00&rsquo;a kadar gelenlerin kolileri al\u0131nacak, 16.30 itibari ile koli al\u0131m i\u015flemi sonland\u0131r\u0131lacakt\u0131r.<\/p>\n<p>T&uuml;m duyurular\u0131m\u0131za ra\u011fmen kolilerini taraf\u0131m\u0131zca duyurulan kriterlere uygun haz\u0131rlamayan S&ouml;zle\u015fmeli Eczanelerimiz nedeniyle istenmeyen gecikmeler olu\u015fabilmektedir. <\/p>\n<p>Bu nedenlerle ge&ccedil;mi\u015f d&ouml;nemlerde oldu\u011fu gibi bu d&ouml;nemde de teslim g&uuml;nlerine azami &ouml;zen g&ouml;stermeniz, kolilerinizi dikkatli ve eksiksiz haz\u0131rlaman\u0131z, G&ouml;ztepe ve Bayrampa\u015fa depolar\u0131m\u0131zda sizlere hizmet veren personelimize yard\u0131mc\u0131 olman\u0131z\u0131 rica ederiz.<br \/><strong><br \/>1-2-3-4-5 ARALIK (PAZARTES\u0130-SALI-&Ccedil;AR\u015eAMBA-PER\u015eEMBE-CUMA)<\/strong><br \/>\u0130STANBUL ili s&ouml;zle\u015fmeli eczanelerimiz, bu tarihler aras\u0131nda 1834. ile ba\u015flayan Emekli Sand\u0131\u011f\u0131 sicil numaras\u0131n\u0131n son rakam\u0131na g&ouml;re kolilerini teslim edeceklerdir. <\/p>\n<p><strong>3 Aral\u0131k<\/strong> &Ccedil;ar\u015famba g&uuml;n&uuml; K\u0131rklareli eczaneleri<br \/><strong>4 Aral\u0131k<\/strong> Per\u015fembe g&uuml;n&uuml; Tekirda\u011f eczaneleri<br \/><strong>5 Aral\u0131k<\/strong> Cuma g&uuml;n&uuml; Edirne eczaneleri kolilerini teslim edeceklerdir.<\/p>\n<p><strong>15-16-17-18-19 ARALIK (CUMA-PAZARTES\u0130-SALI-&Ccedil;AR\u015eAMBA-PER\u015eEMBE-CUMA)<\/strong><br \/>Bu tarihe kadar sadece zorunlu durumlarda s&ouml;zle\u015fme numaras\u0131 d&uuml;zenine ba\u011fl\u0131 olmaks\u0131z\u0131n t&uuml;m s&ouml;zle\u015fmeli eczanelerimiz koli teslim edebileceklerdir. <\/div>\n<div align=\"left\">\n<table border=\"0\" cellspacing=\"0\" cellpadding=\"0\" width=\"445\" style=\"width: 445px; border-collapse: collapse; height: 187px\">\n<tbody>\n<tr height=\"17\" style=\"height: 12.75pt\">\n<td class=\"xl22\" width=\"113\" height=\"17\" style=\"width: 85pt; height: 12.75pt\"><strong>Teslimat G&uuml;n&uuml;<\/strong><\/td>\n<td class=\"xl22\" colspan=\"2\" width=\"236\" style=\"border-left: medium none; width: 178pt\"><strong>Teslimat D&uuml;zeni<\/strong><\/td>\n<td class=\"xl23\" width=\"284\" style=\"border-left: medium none; width: 213pt\"><strong>Bayrampa\u015fa Depo<\/strong><\/td>\n<td class=\"xl23\" width=\"132\" style=\"border-left: medium none; width: 99pt\"><strong>G&ouml;ztepe Depo<\/strong><\/td>\n<\/tr>\n<tr height=\"17\" style=\"height: 12.75pt\">\n<td class=\"xl24\" width=\"113\" height=\"17\" style=\"border-top: medium none; width: 85pt; height: 12.75pt\">01.12.2008<\/td>\n<td class=\"xl25\" width=\"46\" style=\"border-top: medium none; border-left: medium none; width: 35pt\">7-8<\/td>\n<td class=\"xl26\" rowspan=\"5\" width=\"190\" style=\"border-top: medium none; width: 143pt\">\u0130stanbul \u0130li Emekli Sand\u0131\u011f\u0131 Sicil numaras\u0131n\u0131n son rakam\u0131na g&ouml;re<\/td>\n<td class=\"xl27\" rowspan=\"2\" width=\"284\" style=\"border-top: medium none; width: 213pt\">01.11.2008 tarihi itibariyle evrak teslimat\u0131 ba\u015fl\u0131kl\u0131<span>&nbsp; <\/span>yaz\u0131da belirtilen s&ouml;zle\u015fmeli eczaneler<\/td>\n<td class=\"xl27\" rowspan=\"5\" width=\"132\" style=\"border-top: medium none; width: 99pt\">\u0130stanbul \u0130li Eczaneleri<\/td>\n<\/tr>\n<tr height=\"17\" style=\"height: 12.75pt\">\n<td class=\"xl24\" width=\"113\" height=\"17\" style=\"border-top: medium none; width: 85pt; height: 12.75pt\">02.12.2008<\/td>\n<td class=\"xl25\" width=\"46\" style=\"border-top: medium none; border-left: medium none; width: 35pt\">5-6<\/td>\n<\/tr>\n<tr height=\"17\" style=\"height: 12.75pt\">\n<td class=\"xl24\" width=\"113\" height=\"17\" style=\"border-top: medium none; width: 85pt; height: 12.75pt\">03.12.2008<\/td>\n<td class=\"xl25\" width=\"46\" style=\"border-top: medium none; border-left: medium none; width: 35pt\">3-4<\/td>\n<td class=\"xl28\" style=\"border-top: medium none; border-left: medium none\">ile K\u0131rklareli eczaneleri<\/td>\n<\/tr>\n<tr height=\"17\" style=\"height: 12.75pt\">\n<td class=\"xl24\" width=\"113\" height=\"17\" style=\"border-top: medium none; width: 85pt; height: 12.75pt\">04.12.2008<\/td>\n<td class=\"xl25\" width=\"46\" style=\"border-top: medium none; border-left: medium none; width: 35pt\">1-2<\/td>\n<td class=\"xl28\" style=\"border-top: medium none; border-left: medium none\">ile Tekirda\u011f eczaneleri<\/td>\n<\/tr>\n<tr height=\"17\" style=\"height: 12.75pt\">\n<td class=\"xl24\" width=\"113\" height=\"17\" style=\"border-top: medium none; width: 85pt; height: 12.75pt\">05.12.2008<\/td>\n<td class=\"xl25\" width=\"46\" style=\"border-top: medium none; border-left: medium none; width: 35pt\">9-0<\/td>\n<td class=\"xl28\" style=\"border-top: medium none; border-left: medium none\">ile Edirne eczaneleri<\/td>\n<\/tr>\n<tr height=\"17\" style=\"height: 12.75pt\">\n<td class=\"xl24\" width=\"113\" height=\"17\" style=\"border-top: medium none; width: 85pt; height: 12.75pt\">15.12.2008<\/td>\n<td class=\"xl26\" colspan=\"2\" rowspan=\"5\" width=\"236\" style=\"width: 178pt\">Sadece zorunlu durumlarda s&ouml;zle\u015fme numaras\u0131 d&uuml;zenine ba\u011fl\u0131 olmaks\u0131z\u0131n teslimat<\/td>\n<td class=\"xl30\">&nbsp;<\/td>\n<td class=\"xl30\">&nbsp;<\/td>\n<\/tr>\n<tr height=\"17\" style=\"height: 12.75pt\">\n<td class=\"xl24\" width=\"113\" height=\"17\" style=\"border-top: medium none; width: 85pt; height: 12.75pt\">16.12.2008<\/td>\n<td class=\"xl30\">&nbsp;<\/td>\n<td class=\"xl30\">&nbsp;<\/td>\n<\/tr>\n<tr height=\"17\" style=\"height: 12.75pt\">\n<td class=\"xl24\" width=\"113\" height=\"17\" style=\"border-top: medium none; width: 85pt; height: 12.75pt\">17.12.2008<\/td>\n<td class=\"xl30\">&nbsp;<\/td>\n<td class=\"xl30\">&nbsp;<\/td>\n<\/tr>\n<tr height=\"17\" style=\"height: 12.75pt\">\n<td class=\"xl24\" width=\"113\" height=\"17\" style=\"border-top: medium none; width: 85pt; height: 12.75pt\">18.12.2008<\/td>\n<td class=\"xl30\">&nbsp;<\/td>\n<td class=\"xl30\">&nbsp;<\/td>\n<\/tr>\n<tr height=\"17\" style=\"height: 12.75pt\">\n<td class=\"xl24\" width=\"113\" height=\"17\" style=\"border-top: medium none; width: 85pt; height: 12.75pt\">19.12.2008<\/td>\n<td class=\"xl30\">&nbsp;<\/td>\n<td class=\"xl30\">&nbsp;<\/td>\n<\/tr>\n<\/tbody>\n<\/table>\n<\/div>\n","protected":false},"excerpt":{"rendered":"<p>http:\/\/istanbul.sgk.gov.tr internet sitemizde;&ldquo;01.11.2008 Tarihi \u0130tibariyle Evrak Teslimat\u0131 &ldquo; ba\u015fl\u0131kl\u0131 yaz\u0131da belirtilen s&ouml;zle\u015fmeli eczaneler ile Trakya ili s&ouml;zle\u015fmeli eczaneleri Bayrampa\u015fa depomuzda,&#46;&#46;&#46;<\/p>\n","protected":false},"author":1,"featured_media":0,"comment_status":"closed","ping_status":"closed","sticky":false,"template":"","format":"standard","meta":{"_jetpack_memberships_contains_paid_content":false,"footnotes":""},"categories":[1],"tags":[],"class_list":["post-3490","post","type-post","status-publish","format-standard","hentry","category-ced"],"aioseo_notices":[],"jetpack_featured_media_url":"","jetpack_sharing_enabled":true,"jetpack-related-posts":[],"_links":{"self":[{"href":"http:\/\/www.ced.org.tr\/index.php?rest_route=\/wp\/v2\/posts\/3490","targetHints":{"allow":["GET"]}}],"collection":[{"href":"http:\/\/www.ced.org.tr\/index.php?rest_route=\/wp\/v2\/posts"}],"about":[{"href":"http:\/\/www.ced.org.tr\/index.php?rest_route=\/wp\/v2\/types\/post"}],"author":[{"embeddable":true,"href":"http:\/\/www.ced.org.tr\/index.php?rest_route=\/wp\/v2\/users\/1"}],"replies":[{"embeddable":true,"href":"http:\/\/www.ced.org.tr\/index.php?rest_route=%2Fwp%2Fv2%2Fcomments&post=3490"}],"version-history":[{"count":0,"href":"http:\/\/www.ced.org.tr\/index.php?rest_route=\/wp\/v2\/posts\/3490\/revisions"}],"wp:attachment":[{"href":"http:\/\/www.ced.org.tr\/index.php?rest_route=%2Fwp%2Fv2%2Fmedia&parent=3490"}],"wp:term":[{"taxonomy":"category","embeddable":true,"href":"http:\/\/www.ced.org.tr\/index.php?rest_route=%2Fwp%2Fv2%2Fcategories&post=3490"},{"taxonomy":"post_tag","embeddable":true,"href":"http:\/\/www.ced.org.tr\/index.php?rest_route=%2Fwp%2Fv2%2Ftags&post=3490"}],"curies":[{"name":"wp","href":"https:\/\/api.w.org\/{rel}","templated":true}]}}