{"id":3491,"date":"2008-12-01T15:06:20","date_gmt":"2008-12-01T13:06:20","guid":{"rendered":"http:\/\/www.ced.org.tr\/?p=3491"},"modified":"2008-12-01T15:06:20","modified_gmt":"2008-12-01T13:06:20","slug":"eylem-karari","status":"publish","type":"post","link":"http:\/\/www.ced.org.tr\/?p=3491","title":{"rendered":"EYLEM KARARI"},"content":{"rendered":"<p align=\"center\"><strong>\u015eANLIURFA B&Ouml;LGELER ARASI TOPLANTISINDA EYLEM KARARI &Ccedil;IKTI<\/strong><\/p>\n<p align=\"left\">&nbsp;<\/p>\n<p align=\"left\">27-28-29 Kas\u0131m 2008 tarihleri aras\u0131nda \u015eanl\u0131urfada yap\u0131lan TEB 36. D&ouml;nem 2. B&ouml;lgeler aras\u0131 toplant\u0131s\u0131nda Eylem Karar\u0131 &ccedil;\u0131kt\u0131.<\/p>\n<p align=\"left\">&nbsp;<\/p>\n<p align=\"left\">Toplant\u0131da s&ouml;z alan T&uuml;m Eczac\u0131 Odalar\u0131 ba\u015fkanlar\u0131 ila&ccedil; ve eczac\u0131l\u0131k alan\u0131na ili\u015fkin Aral\u0131k ay\u0131 itibari ile g&uuml;ndeme gelecek yasa tasar\u0131lar\u0131 ile ilgili kayg\u0131lar\u0131n\u0131 dile getirdiler. Oda ba\u015fkanlar\u0131 bir di\u011fer ortak d&uuml;\u015f&uuml;nceside olas\u0131 olumsuz geli\u015fmelere kar\u015f\u0131n bir \u015feyler yapmak gereklili\u011fidi.<\/p>\n<p align=\"left\">&nbsp;<\/p>\n<p align=\"left\">B&ouml;lgeler aras\u0131 toplant\u0131da s&ouml;z alan \u0130EO ba\u015fkan\u0131 bu kayg\u0131lara ortak oldu\u011funu dile getirerek haz\u0131rlad\u0131klar\u0131 somut eylem plan\u0131n\u0131 sundu.<\/p>\n<p align=\"left\">&nbsp;<\/p>\n<p align=\"left\">Eczac\u0131 Odalar\u0131ndan destek alan bu eylem paketi toplant\u0131 bitiminde TEB merkez heyeti taraf\u0131ndan yap\u0131lan ola\u011fan&uuml;st&uuml; toplant\u0131da da g&uuml;ndeme al\u0131nd\u0131 ve toplant\u0131 sonucunda&nbsp;\u0130stanbul Eczac\u0131 Odas\u0131&nbsp;taraf\u0131ndan&nbsp;&ouml;nerilen T&uuml;m Eczac\u0131 Odalar\u0131n\u0131n kabul ve deste\u011fini alan eylem paketinin hayata ge&ccedil;irilmesine karar verildi.<\/p>\n<p align=\"left\">&nbsp;<\/p>\n<p align=\"left\">Bu ama&ccedil;la kurulan ve \u0130stanbul, Ankara ve \u0130zmir Eczac\u0131 Odalar\u0131n\u0131n yer alaca\u011f\u0131 komisyon 02.12.2008 Sal\u0131 (yar\u0131n) g&uuml;n&uuml; toplanarak gerekli haz\u0131rl\u0131klar\u0131 yapacak.<\/p>\n","protected":false},"excerpt":{"rendered":"<p>\u015eANLIURFA B&Ouml;LGELER ARASI TOPLANTISINDA EYLEM KARARI &Ccedil;IKTI &nbsp; 27-28-29 Kas\u0131m 2008 tarihleri aras\u0131nda \u015eanl\u0131urfada yap\u0131lan TEB 36. D&ouml;nem 2. B&ouml;lgeler&#46;&#46;&#46;<\/p>\n","protected":false},"author":1,"featured_media":0,"comment_status":"closed","ping_status":"closed","sticky":false,"template":"","format":"standard","meta":{"_jetpack_memberships_contains_paid_content":false,"footnotes":""},"categories":[1],"tags":[],"class_list":["post-3491","post","type-post","status-publish","format-standard","hentry","category-ced"],"aioseo_notices":[],"jetpack_featured_media_url":"","jetpack_sharing_enabled":true,"jetpack-related-posts":[],"_links":{"self":[{"href":"http:\/\/www.ced.org.tr\/index.php?rest_route=\/wp\/v2\/posts\/3491","targetHints":{"allow":["GET"]}}],"collection":[{"href":"http:\/\/www.ced.org.tr\/index.php?rest_route=\/wp\/v2\/posts"}],"about":[{"href":"http:\/\/www.ced.org.tr\/index.php?rest_route=\/wp\/v2\/types\/post"}],"author":[{"embeddable":true,"href":"http:\/\/www.ced.org.tr\/index.php?rest_route=\/wp\/v2\/users\/1"}],"replies":[{"embeddable":true,"href":"http:\/\/www.ced.org.tr\/index.php?rest_route=%2Fwp%2Fv2%2Fcomments&post=3491"}],"version-history":[{"count":0,"href":"http:\/\/www.ced.org.tr\/index.php?rest_route=\/wp\/v2\/posts\/3491\/revisions"}],"wp:attachment":[{"href":"http:\/\/www.ced.org.tr\/index.php?rest_route=%2Fwp%2Fv2%2Fmedia&parent=3491"}],"wp:term":[{"taxonomy":"category","embeddable":true,"href":"http:\/\/www.ced.org.tr\/index.php?rest_route=%2Fwp%2Fv2%2Fcategories&post=3491"},{"taxonomy":"post_tag","embeddable":true,"href":"http:\/\/www.ced.org.tr\/index.php?rest_route=%2Fwp%2Fv2%2Ftags&post=3491"}],"curies":[{"name":"wp","href":"https:\/\/api.w.org\/{rel}","templated":true}]}}