{"id":3492,"date":"2008-12-03T09:50:17","date_gmt":"2008-12-03T07:50:17","guid":{"rendered":"http:\/\/www.ced.org.tr\/?p=3492"},"modified":"2008-12-03T09:50:17","modified_gmt":"2008-12-03T07:50:17","slug":"tmmobdan-erdogana-tepki","status":"publish","type":"post","link":"http:\/\/www.ced.org.tr\/?p=3492","title":{"rendered":"TMMOB&#8217;DAN ERDO\u011eAN&#8217;A TEPK\u0130"},"content":{"rendered":"<h5 style=\"margin: 25px 3px 7px 10px\" class=\"articlelist-title\">Ba\u015fbakan meslek &ouml;rg&uuml;tleriyle u\u011fra\u015fmas\u0131n, ele\u015ftirilere kulak versin <\/h5>\n<h5 style=\"margin: 25px 3px 7px 10px\" class=\"articlelist-title\">Ba\u015fbakan bu &uuml;lkenin ayd\u0131nl\u0131k y&uuml;zl&uuml; insanlar\u0131n\u0131n olu\u015fturdu\u011fu meslek &ouml;rg&uuml;tleri ile u\u011fra\u015fmak yerine, onlar\u0131n bilim ve tekni\u011fin \u0131\u015f\u0131\u011f\u0131nda geli\u015ftirdi\u011fi &ccedil;al\u0131\u015fmalara kulak verse &uuml;lkemiz de, \u015fehirlerimiz de daha ya\u015fanabilir olur.<\/h5>\n<h5 style=\"margin: 25px 3px 7px 10px\" class=\"articlelist-title\">Meslek Odalar\u0131 kuruldu\u011fu g&uuml;nden bu yana toplumsal &ccedil;\u0131karlar\u0131 &ouml;n planda tutmu\u015f, bilimi, bilimsel d&uuml;\u015f&uuml;nceyi kendisine rehber olarak alm\u0131\u015ft\u0131r. D&uuml;n oldu\u011fu gibi bug&uuml;n de, toplum ve &uuml;lke zarar\u0131na bir uygulamayla kar\u015f\u0131la\u015ft\u0131\u011f\u0131nda, engellemek i&ccedil;in her yolu deneyecektir.<span>&nbsp;<\/span><\/h5>\n<h5 style=\"margin: 25px 3px 7px 10px\" class=\"articlelist-title\">TMMOB&#39;DAN ERDO\u011eAN&rsquo;A TEPK\u0130<\/h5>\n<h5><img loading=\"lazy\" decoding=\"async\" style=\"float: right; margin-left: 2px; border: #000000 1px solid\" src=\"http:\/\/www.birgun.net\/pic.php?file_name=photos\/actuel_1228228413.jpg&amp;thumb=200\" border=\"1\" alt=\"Resimleri y&uuml;klemek i&ccedil;in buray\u0131 t\u0131klat\u0131n. Gizlili\u011finizi korumak i&ccedil;in Outlook, bu resmin Internet&#39;ten otomatik olarak y&uuml;klenmesini engelledi.\" title=\"tmmob\" hspace=\"10\" vspace=\"10\" width=\"200\" height=\"153\" align=\"right\" \/> <\/h5>\n<h5 style=\"margin: 0cm 0cm 0pt\" class=\"MsoNormal\" align=\"justify\">Ba\u015fbakan Recep Tayip Erdo\u011fan&rsquo;\u0131n, &ldquo;Belediye &ccedil;al\u0131\u015fmalar\u0131, meslek odalar\u0131 taraf\u0131ndan a&ccedil;\u0131lan davalar nedeniyle engelleniyor&rdquo; s&ouml;zlerine, TMMOB Y&ouml;netim Kurulu Ba\u015fkan\u0131 Mehmet So\u011fanc\u0131&rsquo;dan tepki geldi. So\u011fanc\u0131, &ldquo;TMMOB ve ba\u011fl\u0131 meslek odalar\u0131 &ccedil;al\u0131\u015fmalar\u0131n\u0131 ve de\u011ferlendirmelerini bilimin ve tekni\u011fin \u0131\u015f\u0131\u011f\u0131nda s&uuml;rd&uuml;rmektedir. Siyasal iktidar meslek odalar\u0131n\u0131n g&ouml;r&uuml;\u015flerini alsa, uyar\u0131lar\u0131na kulak verse Say\u0131n Ba\u015fbakan&rsquo;\u0131n s&ouml;z&uuml;n&uuml; etti\u011fi davalara gerek kalmaz&rdquo; dedi.<\/h5>\n<h5 style=\"margin: 0cm 0cm 0pt\" class=\"MsoNormal\" align=\"justify\">&nbsp;&nbsp;<\/h5>\n<h5 style=\"margin: 0cm 0cm 0pt\" class=\"MsoNormal\" align=\"justify\">&nbsp;&nbsp;<\/h5>\n<h5 style=\"margin: 0cm 0cm 0pt\" class=\"MsoNormal\" align=\"justify\">TMMOB&rsquo;un kent ya\u015fam\u0131n\u0131 ilgilendiren imar, k&uuml;lt&uuml;r, turizm, &ccedil;evre, kamu y&ouml;netimi ve yerel y&ouml;netim sistemini d&uuml;zenleyen yasalar\u0131n eksiklik ve yetersizliklerinden bahsederken insan sa\u011fl\u0131\u011f\u0131, do\u011fal &ccedil;evre, insan haklar\u0131, kat\u0131l\u0131m, ya\u015fanabilirlik gibi kavramlar\u0131 referans ald\u0131\u011f\u0131n\u0131 ifade eden So\u011fanc\u0131, \u015funlar\u0131 kaydetti: &ldquo;Kamuoyunun dikkatine sundu\u011fumuz &ouml;nerilerimiz kimi zaman g&uuml;ndemi olu\u015fturmu\u015f, kimi zamansa d&ouml;nemin siyaset&ccedil;ilerince g&ouml;rmezlikten gelinmi\u015ftir. Siyasal alan, bu &ouml;nerileri &ccedil;o\u011funlukla &ouml;z&uuml;nden ve amac\u0131ndan uzakla\u015ft\u0131r\u0131p farkl\u0131 bir kurguda de\u011ferlendirmektedir. <\/h5>\n<h5 style=\"margin: 0cm 0cm 0pt\" class=\"MsoNormal\" align=\"justify\">&nbsp;&nbsp;<\/h5>\n<h5 style=\"margin: 0cm 0cm 0pt\" class=\"MsoNormal\" align=\"justify\">&nbsp;&nbsp;<\/h5>\n<h5 style=\"margin: 0cm 0cm 0pt\" class=\"MsoNormal\" align=\"justify\">TMMOB, &ouml;zellikle son 2 y\u0131ld\u0131r kent sempozyumlar\u0131 d&uuml;zenlemekte ve yerel y&ouml;netimlere ili\u015fkin &ccedil;&ouml;z&uuml;m &ouml;nerilerini bilim adamlar\u0131 ve kentte ya\u015fayanlarla birlikte olu\u015fturmaktad\u0131r. Say\u0131n Ba\u015fbakan\u0131, bu &uuml;lkenin m&uuml;hendislerine, mimarlar\u0131na, \u015fehir planc\u0131lar\u0131na kulak vermeye &ccedil;a\u011f\u0131r\u0131yoruz. Say\u0131n Ba\u015fbakan bu &uuml;lkenin ayd\u0131nl\u0131k y&uuml;zl&uuml; insanlar\u0131n\u0131n olu\u015fturdu\u011fu meslek &ouml;rg&uuml;tleri ile u\u011fra\u015fmak yerine, onlar\u0131n bilim ve tekni\u011fin \u0131\u015f\u0131\u011f\u0131nda geli\u015ftirdi\u011fi &ccedil;al\u0131\u015fmalara kulak verse &uuml;lkemiz de, \u015fehirlerimiz de daha ya\u015fanabilir olur.&rdquo;<\/h5>\n<h5 style=\"margin: 0cm 0cm 0pt\" class=\"MsoNormal\" align=\"justify\">Konuyla ilgili bir a&ccedil;\u0131klama yay\u0131nlayan \u0130n\u015faat M&uuml;hendisleri Odas\u0131 Ba\u015fkan\u0131 Serdar Harp da Ba\u015fbakan&quot;a y&uuml;klendi. Harp \u015funlar\u0131 s&ouml;yledi:<span>&nbsp; <\/span><\/h5>\n<h5 style=\"margin: 0cm 0cm 0pt\" class=\"MsoNormal\" align=\"justify\">&nbsp;&nbsp;<\/h5>\n<h5 style=\"margin: 0cm 0cm 0pt\" class=\"MsoNormal\" align=\"justify\">&ldquo;Meslek Odalar\u0131n\u0131n kente kar\u015f\u0131 i\u015flenen su&ccedil;larla ilgili yarg\u0131ya ba\u015fvurmas\u0131n\u0131n bile Ba\u015fbakan taraf\u0131ndan ele\u015ftirilmesi ise bir ba\u015fka vahim noktad\u0131r. Ba\u015fbakan do\u011fruyu s&ouml;ylemektedir; meslek odalar\u0131 ne zaman yarg\u0131ya ba\u015fvursa, yarg\u0131 AKP&rsquo;li belediyelerin hukuk d\u0131\u015f\u0131 uygulamalar\u0131n\u0131 durdurmakta, kente, kentlilere kar\u015f\u0131 su&ccedil; i\u015flemesini &ouml;nlemektedir. Bir ba\u015fbakan\u0131n &uuml;lke yarg\u0131s\u0131ndan rahats\u0131z olmas\u0131n\u0131 anlamak ve kabul etmek m&uuml;mk&uuml;n de\u011fildir. Yarg\u0131 ba\u011f\u0131ms\u0131zd\u0131r; meslek odalar\u0131n\u0131n ba\u015fvurular\u0131na olumlu kar\u015f\u0131l\u0131k vermesi, AKP&rsquo;li belediyelerin uygulamalar\u0131n\u0131n yanl\u0131\u015fl\u0131\u011f\u0131n\u0131 ve Meslek Odalar\u0131n\u0131n itirazlar\u0131n\u0131n hakl\u0131l\u0131\u011f\u0131n\u0131n kan\u0131t\u0131d\u0131r. <\/h5>\n<h5 style=\"margin: 0cm 0cm 0pt\" class=\"MsoNormal\" align=\"justify\">&nbsp;&nbsp;<\/h5>\n<h5 style=\"margin: 0cm 0cm 0pt\" class=\"MsoNormal\" align=\"justify\">&nbsp;&nbsp;<\/h5>\n<h5 style=\"margin: 0cm 0cm 0pt\" class=\"MsoNormal\" align=\"justify\">Ba\u015fbakan Meslek Odalar\u0131yla, yarg\u0131yla, &uuml;niversitelerle, demokratik &ouml;rg&uuml;tlerle kavga etmeyi marifet saymaktad\u0131r. Meslek Odalar\u0131 kuruldu\u011fu g&uuml;nden bu yana toplumsal &ccedil;\u0131karlar\u0131 &ouml;n planda tutmu\u015f, bilimi, bilimsel d&uuml;\u015f&uuml;nceyi kendisine rehber olarak alm\u0131\u015ft\u0131r. D&uuml;n oldu\u011fu gibi bug&uuml;n de, toplum ve &uuml;lke zarar\u0131na bir uygulamayla kar\u015f\u0131la\u015ft\u0131\u011f\u0131nda, engellemek i&ccedil;in her yolu deneyecektir.<span>&nbsp; <\/span><\/h5>\n<h5 style=\"margin: 0cm 0cm 0pt\" class=\"MsoNormal\" align=\"justify\">&nbsp;&nbsp;<\/h5>\n<h5 style=\"margin: 0cm 0cm 0pt\" class=\"MsoNormal\" align=\"justify\">&nbsp;&nbsp;<\/h5>\n<h5 style=\"margin: 0cm 0cm 0pt\" class=\"MsoNormal\" align=\"justify\">Ba\u015fbakan anla\u015f\u0131lan o ki, dikensiz g&uuml;l bah&ccedil;esi istemektedir. Ancak hemen belirtelim: T&uuml;rkiye dikensiz g&uuml;l bah&ccedil;esi de\u011fildir; Meslek Odalar\u0131 Ba\u015fbakan\u0131n istedi\u011fi hizaya gelmeyecektir<\/h5>\n","protected":false},"excerpt":{"rendered":"<p>Ba\u015fbakan meslek &ouml;rg&uuml;tleriyle u\u011fra\u015fmas\u0131n, ele\u015ftirilere kulak versin Ba\u015fbakan bu &uuml;lkenin ayd\u0131nl\u0131k y&uuml;zl&uuml; insanlar\u0131n\u0131n olu\u015fturdu\u011fu meslek &ouml;rg&uuml;tleri ile u\u011fra\u015fmak yerine, onlar\u0131n&#46;&#46;&#46;<\/p>\n","protected":false},"author":1,"featured_media":0,"comment_status":"closed","ping_status":"closed","sticky":false,"template":"","format":"standard","meta":{"_jetpack_memberships_contains_paid_content":false,"footnotes":""},"categories":[1],"tags":[],"class_list":["post-3492","post","type-post","status-publish","format-standard","hentry","category-ced"],"aioseo_notices":[],"jetpack_featured_media_url":"","jetpack_sharing_enabled":true,"jetpack-related-posts":[],"_links":{"self":[{"href":"http:\/\/www.ced.org.tr\/index.php?rest_route=\/wp\/v2\/posts\/3492","targetHints":{"allow":["GET"]}}],"collection":[{"href":"http:\/\/www.ced.org.tr\/index.php?rest_route=\/wp\/v2\/posts"}],"about":[{"href":"http:\/\/www.ced.org.tr\/index.php?rest_route=\/wp\/v2\/types\/post"}],"author":[{"embeddable":true,"href":"http:\/\/www.ced.org.tr\/index.php?rest_route=\/wp\/v2\/users\/1"}],"replies":[{"embeddable":true,"href":"http:\/\/www.ced.org.tr\/index.php?rest_route=%2Fwp%2Fv2%2Fcomments&post=3492"}],"version-history":[{"count":0,"href":"http:\/\/www.ced.org.tr\/index.php?rest_route=\/wp\/v2\/posts\/3492\/revisions"}],"wp:attachment":[{"href":"http:\/\/www.ced.org.tr\/index.php?rest_route=%2Fwp%2Fv2%2Fmedia&parent=3492"}],"wp:term":[{"taxonomy":"category","embeddable":true,"href":"http:\/\/www.ced.org.tr\/index.php?rest_route=%2Fwp%2Fv2%2Fcategories&post=3492"},{"taxonomy":"post_tag","embeddable":true,"href":"http:\/\/www.ced.org.tr\/index.php?rest_route=%2Fwp%2Fv2%2Ftags&post=3492"}],"curies":[{"name":"wp","href":"https:\/\/api.w.org\/{rel}","templated":true}]}}