{"id":3493,"date":"2008-12-03T10:10:03","date_gmt":"2008-12-03T08:10:03","guid":{"rendered":"http:\/\/www.ced.org.tr\/?p=3493"},"modified":"2008-12-03T10:10:03","modified_gmt":"2008-12-03T08:10:03","slug":"beyaz-yakalilar-plaza-eylemlerine-basliyor","status":"publish","type":"post","link":"http:\/\/www.ced.org.tr\/?p=3493","title":{"rendered":"BEYAZ YAKALILAR PLAZA EYLEMLER\u0130NE BA\u015eLIYOR"},"content":{"rendered":"<h5>\n<div style=\"text-align: center\"><img loading=\"lazy\" decoding=\"async\" src=\"images\/stories\/belgeler\/beyaz_yakalilar.jpg\" alt=\"beyaz yakal\u0131lar\" title=\"beyaz yakal\u0131lar\" width=\"300\" height=\"230\" \/><\/div>\n<p>&nbsp;&nbsp;<\/h5>\n<h5>Sendika ve meslek odalar\u0131n\u0131n organize etti\u011fi eylemlerin daha geni\u015f bir tabana yay\u0131lmas\u0131 ama&ccedil;lan\u0131rken, protestolar\u0131n yap\u0131laca\u011f\u0131 ilk mek&acirc;n olarak da \u0130stanbul Levent&quot;teki Yap\u0131 Kredi Plaza &ouml;n&uuml; se&ccedil;ildi. Ekonomik kriz ve enerji zamlar\u0131yla maliyetlerin artmas\u0131 gerek&ccedil;e g&ouml;sterilerek yap\u0131lan i\u015ften &ccedil;\u0131karmalar, &ccedil;ar\u015famba g&uuml;nleri &lsquo;plaza eylemleri&rsquo; ile protesto edilecek. Baz\u0131 meslek odalar\u0131 ve sendikalar, &quot;&quot;kriz bahanesiyle i\u015ften &ccedil;\u0131karmalar\u0131n durdurulmas\u0131, sendikal &ouml;rg&uuml;tlenmelerin &ouml;n&uuml;n&uuml;n a&ccedil;\u0131lmas\u0131&quot;&quot; gibi taleplerle d&uuml;zenli eylem yapma karar\u0131 ald\u0131.<\/h5>\n<h5 style=\"margin: 0cm 0cm 0pt\" class=\"MsoNormal\">Tez-Koop-\u0130\u015f Sendikas\u0131 ve Elektrik M&uuml;hendisleri Odas\u0131 \u0130stanbul \u015fubelerinin, IBM T&uuml;rk &ccedil;al\u0131\u015fanlar\u0131n\u0131n sendikal &ouml;rg&uuml;tlenme &ccedil;abas\u0131na destek vermek amac\u0131yla y&uuml;r&uuml;tt&uuml;\u011f&uuml; aray\u0131\u015flar, yeni bir kampanyay\u0131 do\u011furdu. Bir s&uuml;redir Moda sahilinde ger&ccedil;ekle\u015ftirilen eylemlerden esinlenilerek sunulan &ouml;nerilerin, sendikalar ve meslek &ouml;rg&uuml;tlerince kabul g&ouml;rmesiyle her hafta &quot;&quot;plaza eylemleri&quot;&quot; d&uuml;zenlenmesi fikri benimsendi.<\/h5>\n<h5 style=\"margin: 0cm 0cm 0pt\" class=\"MsoNormal\">PLAZALARLA SINIRLI KALMAYACAK<\/h5>\n<h5 style=\"margin: 0cm 0cm 0pt\" class=\"MsoNormal\">&ldquo;Plaza eylemleri&quot;&quot; ad\u0131 ise &quot;&quot;beyaz yakal\u0131&quot;&quot; olarak dile getirilen &quot;&quot;e\u011fitim seviyesi daha y&uuml;ksek ve nitelikli i\u015flerde &ccedil;al\u0131\u015fan&quot;&quot; i\u015f&ccedil;ilere y&ouml;nelik bir simge olarak se&ccedil;ildi. Krizin beyaz yakal\u0131lar\u0131 da ciddi \u015fekilde etkilemesine ra\u011fmen &ouml;rg&uuml;ts&uuml;zl&uuml;k ve da\u011f\u0131n\u0131kl\u0131k nedeniyle bu kesimin sesini y&uuml;kseltemedi\u011fi belirtiliyor. &quot;&quot;Plaza&quot;&quot; se&ccedil;imiyle beyaz yakal\u0131lara &ouml;rg&uuml;tlenme konusunda da bir mesaj verilmeye &ccedil;al\u0131\u015f\u0131laca\u011f\u0131 ifade ediliyor.<\/h5>\n<h5 style=\"margin: 0cm 0cm 0pt\" class=\"MsoNormal\">&quot;&quot;Haks\u0131z i\u015ften &ccedil;\u0131karmalar&quot;&quot;, &quot;&quot;beyaz-mavi yakal\u0131lar\u0131n sendika m&uuml;cadelelerinin desteklenmesi&quot;&quot; eylemlerin g&uuml;ndemini olu\u015fturacak. Eylemlerin g&uuml;ndemi g&uuml;ncel geli\u015fmelere g&ouml;re de\u011fi\u015fecek ve herhangi bir i\u015f yerinde ya\u015fananlara kar\u015f\u0131 &quot;&quot;i\u015f i\u015ften ge&ccedil;meden&quot;&quot; tepki verilmeye &ccedil;al\u0131\u015f\u0131lacak.<\/h5>\n<h5 style=\"margin: 0cm 0cm 0pt\" class=\"MsoNormal\">G&Uuml;NLER VE SAATLER DE DE\u011e\u0130\u015eEB\u0130L\u0130R<\/h5>\n<h5 style=\"margin: 0cm 0cm 0pt\" class=\"MsoNormal\">Eylem g&uuml;nleri &ccedil;ar\u015famba olarak kararla\u015ft\u0131r\u0131lm\u0131\u015f olsa da duruma g&ouml;re kimi haftalarda eylem saati ya da g&uuml;n&uuml;nde de\u011fi\u015fikli\u011fe gidilebilecek. TMMOB, Elektrik M&uuml;hendisleri Odas\u0131, Tez-Koop-\u0130\u015f, Dev Sa\u011fl\u0131k-\u0130\u015f, Bank-Sen&quot;in deste\u011fiyle ba\u015flayacak eylemlerin ilki 3 Aral\u0131k &Ccedil;ar\u015famba 12.00-13.00 saatleri aras\u0131nda \u0130stanbul Levent&quot;teki Yap\u0131 Kredi Plaza &ouml;n&uuml;nde ger&ccedil;ekle\u015ftirilecek. Eylemlerin yeni desteklerle daha geni\u015f bir tabana yay\u0131lmas\u0131 ama&ccedil;lan\u0131yor. \u0130lk hafta eyleminin ana temas\u0131n\u0131 IBM T&uuml;rk&quot;teki sendikal &ouml;rg&uuml;tlenme m&uuml;cadelesi olu\u015fturacak.<\/h5>\n<h5 style=\"margin: 0cm 0cm 0pt\" class=\"MsoNormal\">EYLEM\u0130 IBM &Ccedil;ALI\u015eANLARI TET\u0130KLED\u0130<\/h5>\n<h5 style=\"margin: 0cm 0cm 0pt\" class=\"MsoNormal\">IBM T&uuml;rk bili\u015fim &ccedil;al\u0131\u015fanlar\u0131n\u0131n Tez-Koop-\u0130\u015f&quot;e &uuml;ye olmas\u0131yla ba\u015flayan ve y&ouml;netimin sendikan\u0131n yetkisine itiraz etmesiyle devam eden s&uuml;re&ccedil;te, son olarak sendika temsilcisi oldu\u011fu belirtilen 3 ki\u015finin i\u015ften &ccedil;\u0131kar\u0131lmas\u0131 nedeniyle ilk eylemin temas\u0131n\u0131n bu konuya ayr\u0131ld\u0131\u011f\u0131 belirtiliyor. <\/h5>\n<h5 style=\"margin: 0cm 0cm 0pt\" class=\"MsoNormal\">Eylemde, &quot;&quot;IBM T&uuml;rk bili\u015fim &ccedil;al\u0131\u015fanlar\u0131n\u0131n sendikal &ouml;rg&uuml;tlenmesine sayg\u0131 g&ouml;sterilmesi&quot;&quot; ve &quot;&quot;i\u015ften &ccedil;\u0131kar\u0131lan 3 sendika temsilcisinin i\u015fe iadesi&quot;&quot; talep edilecek.<\/h5>\n","protected":false},"excerpt":{"rendered":"<p>&nbsp;&nbsp; Sendika ve meslek odalar\u0131n\u0131n organize etti\u011fi eylemlerin daha geni\u015f bir tabana yay\u0131lmas\u0131 ama&ccedil;lan\u0131rken, protestolar\u0131n yap\u0131laca\u011f\u0131 ilk mek&acirc;n olarak da&#46;&#46;&#46;<\/p>\n","protected":false},"author":1,"featured_media":0,"comment_status":"closed","ping_status":"closed","sticky":false,"template":"","format":"standard","meta":{"_jetpack_memberships_contains_paid_content":false,"footnotes":""},"categories":[1],"tags":[],"class_list":["post-3493","post","type-post","status-publish","format-standard","hentry","category-ced"],"aioseo_notices":[],"jetpack_featured_media_url":"","jetpack_sharing_enabled":true,"jetpack-related-posts":[],"_links":{"self":[{"href":"http:\/\/www.ced.org.tr\/index.php?rest_route=\/wp\/v2\/posts\/3493","targetHints":{"allow":["GET"]}}],"collection":[{"href":"http:\/\/www.ced.org.tr\/index.php?rest_route=\/wp\/v2\/posts"}],"about":[{"href":"http:\/\/www.ced.org.tr\/index.php?rest_route=\/wp\/v2\/types\/post"}],"author":[{"embeddable":true,"href":"http:\/\/www.ced.org.tr\/index.php?rest_route=\/wp\/v2\/users\/1"}],"replies":[{"embeddable":true,"href":"http:\/\/www.ced.org.tr\/index.php?rest_route=%2Fwp%2Fv2%2Fcomments&post=3493"}],"version-history":[{"count":0,"href":"http:\/\/www.ced.org.tr\/index.php?rest_route=\/wp\/v2\/posts\/3493\/revisions"}],"wp:attachment":[{"href":"http:\/\/www.ced.org.tr\/index.php?rest_route=%2Fwp%2Fv2%2Fmedia&parent=3493"}],"wp:term":[{"taxonomy":"category","embeddable":true,"href":"http:\/\/www.ced.org.tr\/index.php?rest_route=%2Fwp%2Fv2%2Fcategories&post=3493"},{"taxonomy":"post_tag","embeddable":true,"href":"http:\/\/www.ced.org.tr\/index.php?rest_route=%2Fwp%2Fv2%2Ftags&post=3493"}],"curies":[{"name":"wp","href":"https:\/\/api.w.org\/{rel}","templated":true}]}}