{"id":3494,"date":"2008-12-04T15:27:09","date_gmt":"2008-12-04T13:27:09","guid":{"rendered":"http:\/\/www.ced.org.tr\/?p=3494"},"modified":"2008-12-04T15:27:09","modified_gmt":"2008-12-04T13:27:09","slug":"yikim-surecine-dur","status":"publish","type":"post","link":"http:\/\/www.ced.org.tr\/?p=3494","title":{"rendered":"YIKIM S\u00dcREC\u0130NE DUR!"},"content":{"rendered":"<p style=\"margin: 0cm 0cm 0pt\" class=\"MsoNormal\"><font face=\"Times New Roman\" size=\"3\" color=\"#000000\">T&uuml;m d&uuml;nya kapitalist sistemin &uuml;retti\u011fi k&uuml;resel krizle sars\u0131l\u0131yor. Resesyon korkusu d&uuml;nya ekonomilerini tehdit ediyor. Ekonomik g&ouml;stergeler tepe taklak. Sistemin mekanizmalar\u0131 i\u015flemiyor.<\/font><\/p>\n<p><font face=\"Times New Roman\" size=\"3\" color=\"#000000\">&nbsp;<\/font> <\/p>\n<p style=\"margin: 0cm 0cm 0pt\" class=\"MsoNormal\"><font face=\"Times New Roman\" size=\"3\" color=\"#000000\">Bu kriz &ccedil;okuluslu \u015firketlerin, uluslararas\u0131 finans kapitalin yani d&uuml;nyan\u0131n en b&uuml;y&uuml;k zenginlerinin krizi. Merkez Bankalar\u0131 seferber olmu\u015f, bat\u0131k bankalar\u0131 ve \u015firketleri kurtarman\u0131n tela\u015f\u0131 i&ccedil;indeler. D&uuml;nyada &uuml;&ccedil; milyar\u0131n &uuml;zerinde insan g&uuml;nde 2,5 dolar\u0131n alt\u0131nda bir gelirle ya\u015f\u0131yormu\u015f, 1,1 milyar insan\u0131n i&ccedil;me suyu sorunu varm\u0131\u015f, 2,4 milyar insan yeterli sa\u011fl\u0131k hizmeti alam\u0131yormu\u015f, 2 milyar insan elektrikten yoksun karanl\u0131kta ya\u015famak zorunda b\u0131rak\u0131lm\u0131\u015f&hellip; Kimsenin umurunda de\u011fil! Milyarlarca dolarl\u0131k ekonomik paketler d&uuml;nyan\u0131n en b&uuml;y&uuml;k zenginlerini kurtarmak i&ccedil;in a&ccedil;\u0131l\u0131yor. Zenginlerin &uuml;retti\u011fi bu krizin faturas\u0131 ise, yine i\u015f&ccedil;ilere, emek&ccedil;ilere, &ccedil;al\u0131\u015fanlara, eme\u011fiyle ge&ccedil;inen serbest meslek sahiplerine &ouml;dettirilecek.<\/font><\/p>\n<p><font face=\"Times New Roman\" size=\"3\" color=\"#000000\">&nbsp;<\/font> <\/p>\n<p style=\"margin: 0cm 0cm 0pt\" class=\"MsoNormal\"><font face=\"Times New Roman\" size=\"3\" color=\"#000000\">Kapitalist d&uuml;nyada emek&ccedil;iler krizin boy hedefi. Y&uuml;z binlerce &ccedil;al\u0131\u015fan i\u015ften at\u0131ld\u0131, y&uuml;z binlercesi ise at\u0131lma tehdidi alt\u0131nda. T&uuml;m d&uuml;nyada sosyal programlara ihtiya&ccedil; duyuldu\u011fu bir d&ouml;nemde yeniden kemerleri s\u0131kma d&ouml;nemi ba\u015fl\u0131yor.<\/font><\/p>\n<p><font face=\"Times New Roman\" size=\"3\" color=\"#000000\">&nbsp;<\/font> <\/p>\n<p style=\"margin: 0cm 0cm 0pt\" class=\"MsoNormal\"><font face=\"Times New Roman\" size=\"3\" color=\"#000000\">&Uuml;lkemizde de durum farkl\u0131 de\u011fil. Adaletten, kalk\u0131nmadan, e\u015fitlikten s&ouml;z eden AKP iktidar\u0131 y&uuml;z&uuml;n&uuml; halka d&ouml;nece\u011fine IMF&rsquo;ye d&ouml;nm&uuml;\u015f, b&uuml;y&uuml;k sermaye \u015firketlerini krizden kurtarman\u0131n pazarl\u0131\u011f\u0131 i&ccedil;erisinde. Yoksullar\u0131n pay\u0131na ise odun, k&ouml;m&uuml;r gibi ianeler d&uuml;\u015f&uuml;yor. AKP iktidar\u0131 da sistemi kurtarman\u0131n tela\u015f\u0131nda, yoksullara d&ouml;n&uuml;k bir sosyal program onun da sorunu de\u011fil.<\/font><\/p>\n<p><font face=\"Times New Roman\" size=\"3\" color=\"#000000\">&nbsp;<\/font> <\/p>\n<p style=\"margin: 0cm 0cm 0pt\" class=\"MsoNormal\"><font face=\"Times New Roman\" size=\"3\" color=\"#000000\">K&uuml;resel kriz eczane ekonomilerini de tehdit ediyor. Neoliberal politikalar\u0131n etkin oldu\u011fu son 30 y\u0131ll\u0131k s&uuml;re&ccedil;te eczaneler ciddi bir erozyona u\u011frad\u0131. Sermaye yap\u0131lar\u0131 bak\u0131m\u0131ndan farkl\u0131la\u015ft\u0131. Bu s&uuml;re&ccedil; eczanelerin a\u011f\u0131rl\u0131kl\u0131 bir b&ouml;l&uuml;m&uuml;n&uuml;n ekonomilerini i&ccedil;ten i&ccedil;e t&uuml;ketti. Sosyal g&uuml;venlik sistemiyle birlikte bu y\u0131k\u0131m s&uuml;reci daha da derinle\u015fti. Bug&uuml;n on binlerce eczane ekonomik risk alt\u0131nda. Eczaneleri bu y\u0131k\u0131mdan kurtarabilmek i&ccedil;in ekonomik ve sosyal bir destek program\u0131na ihtiya&ccedil; var. \u0130ktidar b&ouml;yle bir programla eczac\u0131n\u0131n kar\u015f\u0131s\u0131na &ccedil;\u0131kaca\u011f\u0131na aya\u011f\u0131m\u0131z\u0131n alt\u0131ndaki topra\u011f\u0131 t&uuml;mden kayd\u0131rman\u0131n &ccedil;abas\u0131 i&ccedil;indedir. 6197 say\u0131l\u0131 Eczac\u0131lar ve Eczaneler Hakk\u0131ndaki Yasa Tasar\u0131s\u0131 ile ortakl\u0131k &uuml;zerinden yeni bir eczane modeli yarat\u0131lmak isteniyor. Bug&uuml;n ortakl\u0131k, yar\u0131n \u015firket eczaneler, ertesi g&uuml;n zincirler&hellip;<\/font><\/p>\n<p><font face=\"Times New Roman\" size=\"3\" color=\"#000000\">&nbsp;<\/font> <\/p>\n<p style=\"margin: 0cm 0cm 0pt\" class=\"MsoNormal\"><font face=\"Times New Roman\" size=\"3\" color=\"#000000\">Macaristan, Norve&ccedil;, \u0130talya, \u0130rlanda, Estonya, Portekiz, Almanya deneylerini t&uuml;m d&uuml;nyada eczac\u0131lar g&ouml;rd&uuml;ler. Bizdeki s&uuml;re&ccedil; de bundan farkl\u0131 olmayacak. &ldquo;Ortakl\u0131\u011f\u0131n&rdquo; biz eczac\u0131lar\u0131n &ldquo;ortak iradesine&rdquo; ra\u011fmen tasar\u0131ya monte edilmesi ba\u015fka bir iradenin varl\u0131\u011f\u0131na i\u015faret ediyor. Bu irade kim? T&uuml;m eczac\u0131 kamuoyu bu sorunun yan\u0131t\u0131n\u0131 bekliyor.<\/font><\/p>\n<p><font face=\"Times New Roman\" size=\"3\" color=\"#000000\">&nbsp;<\/font> <\/p>\n<p style=\"margin: 0cm 0cm 0pt\" class=\"MsoNormal\"><font face=\"Times New Roman\" size=\"3\" color=\"#000000\">De\u011ferli meslekta\u015flar\u0131m,<\/font><\/p>\n<p style=\"margin: 0cm 0cm 0pt\" class=\"MsoNormal\"><font face=\"Times New Roman\" size=\"3\" color=\"#000000\">6197 say\u0131l\u0131 yasa tasar\u0131s\u0131yla getirilmek istenen ortakl\u0131k anlay\u0131\u015f\u0131 serbest eczane sisteminin liberalle\u015fmesine d&ouml;n&uuml;k &ouml;nemli bir ad\u0131m. Serbest eczanelerin m&uuml;lkiyet yap\u0131s\u0131n\u0131 de\u011fi\u015ftirecek olan bu ad\u0131m yeni bir y\u0131k\u0131m s&uuml;recinin de ba\u015flamas\u0131na yol a&ccedil;acak. Bu s&uuml;rece dur diyebilmek i&ccedil;in t&uuml;m g&uuml;c&uuml;m&uuml;zle seferber olmal\u0131y\u0131z. G&uuml;n saflar\u0131 birle\u015ftirme g&uuml;n&uuml;d&uuml;r.<\/font><\/p>\n<p><font face=\"Times New Roman\" size=\"3\" color=\"#000000\">&nbsp;<\/font> <\/p>\n<p style=\"margin: 0cm 0cm 0pt\" class=\"MsoNormal\"><font face=\"Times New Roman\" size=\"3\" color=\"#000000\">Y\u0131k\u0131m s&uuml;recine dur diyebilmek i&ccedil;in,<\/font><\/p>\n<p style=\"margin: 0cm 0cm 0pt\" class=\"MsoNormal\"><font face=\"Times New Roman\" size=\"3\" color=\"#000000\">HAYD\u0130 ECZACILAR, &Ouml;RG&Uuml;TL&Uuml; M&Uuml;CADELEN\u0130N SAFLARINA!<\/font><\/p>\n<p style=\"margin: 0cm 0cm 0pt\" class=\"MsoNormal\"><font face=\"Times New Roman\" size=\"3\" color=\"#000000\">Haydi &ccedil;a\u011fda\u015f, ilerici, demokrat eczac\u0131lar, &Ouml;RG&Uuml;TL&Uuml; M&Uuml;CADELEN\u0130N &Ouml;N SAFLARINA!<\/font><\/p>\n<p>&nbsp;<\/p>\n<p><strong><font size=\"3\"><font color=\"#000000\"><font face=\"Times New Roman\">Ecz. Rafet \u015eAH\u0130N (&Ccedil;ED Genel Ba\u015fkan\u0131)<\/font><\/font><\/font><\/strong><\/p>\n","protected":false},"excerpt":{"rendered":"<p>T&uuml;m d&uuml;nya kapitalist sistemin &uuml;retti\u011fi k&uuml;resel krizle sars\u0131l\u0131yor. Resesyon korkusu d&uuml;nya ekonomilerini tehdit ediyor. Ekonomik g&ouml;stergeler tepe taklak. Sistemin mekanizmalar\u0131&#46;&#46;&#46;<\/p>\n","protected":false},"author":1,"featured_media":0,"comment_status":"closed","ping_status":"closed","sticky":false,"template":"","format":"standard","meta":{"_jetpack_memberships_contains_paid_content":false,"footnotes":""},"categories":[1],"tags":[],"class_list":["post-3494","post","type-post","status-publish","format-standard","hentry","category-ced"],"aioseo_notices":[],"jetpack_featured_media_url":"","jetpack_sharing_enabled":true,"jetpack-related-posts":[],"_links":{"self":[{"href":"http:\/\/www.ced.org.tr\/index.php?rest_route=\/wp\/v2\/posts\/3494","targetHints":{"allow":["GET"]}}],"collection":[{"href":"http:\/\/www.ced.org.tr\/index.php?rest_route=\/wp\/v2\/posts"}],"about":[{"href":"http:\/\/www.ced.org.tr\/index.php?rest_route=\/wp\/v2\/types\/post"}],"author":[{"embeddable":true,"href":"http:\/\/www.ced.org.tr\/index.php?rest_route=\/wp\/v2\/users\/1"}],"replies":[{"embeddable":true,"href":"http:\/\/www.ced.org.tr\/index.php?rest_route=%2Fwp%2Fv2%2Fcomments&post=3494"}],"version-history":[{"count":0,"href":"http:\/\/www.ced.org.tr\/index.php?rest_route=\/wp\/v2\/posts\/3494\/revisions"}],"wp:attachment":[{"href":"http:\/\/www.ced.org.tr\/index.php?rest_route=%2Fwp%2Fv2%2Fmedia&parent=3494"}],"wp:term":[{"taxonomy":"category","embeddable":true,"href":"http:\/\/www.ced.org.tr\/index.php?rest_route=%2Fwp%2Fv2%2Fcategories&post=3494"},{"taxonomy":"post_tag","embeddable":true,"href":"http:\/\/www.ced.org.tr\/index.php?rest_route=%2Fwp%2Fv2%2Ftags&post=3494"}],"curies":[{"name":"wp","href":"https:\/\/api.w.org\/{rel}","templated":true}]}}