{"id":3495,"date":"2008-12-12T18:11:15","date_gmt":"2008-12-12T16:11:15","guid":{"rendered":"http:\/\/www.ced.org.tr\/?p=3495"},"modified":"2008-12-12T18:11:15","modified_gmt":"2008-12-12T16:11:15","slug":"ambalaj-ve-etiketleme-yonetmeliginde-degisiklik","status":"publish","type":"post","link":"http:\/\/www.ced.org.tr\/?p=3495","title":{"rendered":"AMBALAJ VE ET\u0130KETLEME Y\u00d6NETMEL\u0130\u011e\u0130&#8217;NDE DE\u011e\u0130\u015e\u0130KL\u0130K"},"content":{"rendered":"<p>Be\u015feri T\u0131bbi &uuml;r&uuml;nlerin ambalaj ve etiketleme y&ouml;netmeli\u011finde de\u011fi\u015fiklik yap\u0131lmas\u0131na dair y&ouml;netmelik 06.12.2008 tarihli&nbsp;ve 27076 say\u0131l\u0131 Resmi Gazete&#39;de yay\u0131nland\u0131.<\/p>\n<p>&nbsp;<\/p>\n<p>Yeni y&ouml;netmelik de\u011fi\u015fikli\u011fine g&ouml;re;<\/p>\n<p>&nbsp;<\/p>\n<p>01.06.2009 tarihine kadar ila&ccedil; ambalajlar\u0131na karekod eklenecek bu tarihden sonra ise t&uuml;m &uuml;r&uuml;nlerde karekod bulunmas\u0131 mecburi olacak. Bu tarihden &ouml;nce karekodsuz &uuml;retilmi\u015f ve piyasada mevcut&nbsp;&uuml;r&uuml;nlerin&nbsp;ise 31.12.2009 tarihine kadar sat\u0131\u015f\u0131na izin verilecek.<\/p>\n<p>&nbsp;<\/p>\n<p>6 Aral\u0131k 2008 CUMARTES\u0130&nbsp;&nbsp;&nbsp;&nbsp;&nbsp;&nbsp;&nbsp;&nbsp;&nbsp;&nbsp;&nbsp;&nbsp;&nbsp;&nbsp;&nbsp;&nbsp;&nbsp;&nbsp;&nbsp;&nbsp;&nbsp;&nbsp;&nbsp;&nbsp;&nbsp;&nbsp;&nbsp;&nbsp;&nbsp;&nbsp;&nbsp;&nbsp;&nbsp;&nbsp;&nbsp; <\/p>\n<p>&nbsp;<\/p>\n<p><strong>Resm&icirc; Gazete&nbsp;&nbsp;&nbsp;&nbsp;&nbsp;&nbsp;&nbsp;&nbsp;&nbsp;&nbsp;&nbsp;&nbsp;&nbsp;&nbsp;&nbsp;&nbsp;&nbsp;&nbsp;&nbsp;&nbsp;&nbsp;&nbsp;&nbsp;&nbsp;&nbsp;&nbsp;&nbsp;&nbsp;&nbsp;&nbsp;&nbsp;&nbsp;&nbsp;&nbsp;&nbsp;&nbsp;&nbsp;&nbsp;&nbsp;&nbsp;&nbsp;&nbsp;&nbsp;&nbsp; <\/strong>Say\u0131 : 27076 <\/p>\n<p>&nbsp;<\/p>\n<p><strong>Y&Ouml;NETMEL\u0130K<\/strong> <\/p>\n<p>&nbsp;<\/p>\n<p>Sa\u011fl\u0131k Bakanl\u0131\u011f\u0131ndan: <\/p>\n<p>&nbsp;<\/p>\n<p><strong>BE\u015eER\u0130 TIBB\u0130 &Uuml;R&Uuml;NLER AMBALAJ VE ET\u0130KETLEME Y&Ouml;NETMEL\u0130\u011e\u0130&rsquo;NDE DE\u011e\u0130\u015e\u0130KL\u0130K YAPILMASINA DA\u0130R Y&Ouml;NETMEL\u0130K <\/strong><strong><br \/><strong>&nbsp;&nbsp;&nbsp;&nbsp;&nbsp;&nbsp;&nbsp;&nbsp;&nbsp;&nbsp;&nbsp;&nbsp; MADDE 1 &ndash; <\/strong><\/strong>12\/8\/2005 tarihli ve 25904 say\u0131l\u0131 Resm&icirc; Gazete&rsquo;de yay\u0131mlanan Be\u015feri T\u0131bbi &Uuml;r&uuml;nler Ambalaj ve Etiketleme Y&ouml;netmeli\u011finin 5 inci maddesinin birinci f\u0131kras\u0131n\u0131n (j) ve (m) bentleri a\u015fa\u011f\u0131daki \u015fekilde de\u011fi\u015ftirilmi\u015ftir.<br \/>&nbsp;&nbsp;&nbsp;&nbsp;&nbsp;&nbsp;&nbsp;&nbsp;&nbsp;&nbsp;&nbsp;&nbsp; &ldquo;j) &Uuml;r&uuml;n&uuml;n ambalaj\u0131nda ruhsat\/izin sahibinin ad\u0131 ve adresi bulunur. \u0130steniliyorsa, T&uuml;rkiye&rsquo;de ruhsatl\u0131 b&uuml;t&uuml;n &uuml;r&uuml;nlerin ambalajlar\u0131nda orijin firma amblemi ile ruhsat\/izin sahibince yetkili k\u0131l\u0131nan, &uuml;r&uuml;n&uuml; pazarlayan firma ismi ve\/veya logosu da bulunabilir.&rdquo;<br \/>&nbsp;&nbsp;&nbsp;&nbsp;&nbsp;&nbsp;&nbsp;&nbsp;&nbsp;&nbsp;&nbsp;&nbsp; &ldquo;m) Parti numaras\u0131 bulunur.&rdquo;<br \/>&nbsp;&nbsp;&nbsp;&nbsp;&nbsp;&nbsp;&nbsp;&nbsp;&nbsp;&nbsp;&nbsp;&nbsp; <strong>MADDE 2 &ndash;<\/strong> Ayn\u0131 Y&ouml;netmeli\u011fin 16 nc\u0131 maddesine a\u015fa\u011f\u0131daki f\u0131kra eklenmi\u015ftir.<br \/>&nbsp;&nbsp;&nbsp;&nbsp;&nbsp;&nbsp;&nbsp;&nbsp;&nbsp;&nbsp;&nbsp;&nbsp; &ldquo;&Uuml;r&uuml;n ambalajlar\u0131n\u0131n &ouml;zelli\u011fi sebebiyle karekodlanmas\u0131nda sorun olan durumlarda birden fazla miktar\u0131 birlikte sat\u0131labilen &uuml;r&uuml;nlerin ta\u015f\u0131ma ambalajlar\u0131 bir &uuml;r&uuml;n gibi karekodlanabilir. Bu durumda, bu &uuml;r&uuml;nlerin fiyatlar\u0131 birim &uuml;r&uuml;nler i&ccedil;in belirlenen fiyatlar\u0131n miktarla &ccedil;arp\u0131m\u0131 ile belirlenir. Bu t&uuml;r &uuml;r&uuml;nlerin ta\u015f\u0131ma ambalajl\u0131 fiyatlar\u0131 Bakanl\u0131k&ccedil;a yay\u0131mlanan fiyat listesinde birim fiyatlar\u0131yla birlikte ayr\u0131ca yay\u0131mlan\u0131r.&rdquo;<br \/>&nbsp;&nbsp;&nbsp;&nbsp;&nbsp;&nbsp;&nbsp;&nbsp;&nbsp;&nbsp;&nbsp;&nbsp; <strong>MADDE 3 &ndash; <\/strong>Ayn\u0131 Y&ouml;netmeli\u011fin Ge&ccedil;ici 2 nci maddesi a\u015fa\u011f\u0131daki \u015fekilde de\u011fi\u015ftirilmi\u015ftir.<br \/>&nbsp;&nbsp;&nbsp;&nbsp;&nbsp;&nbsp;&nbsp;&nbsp;&nbsp;&nbsp;&nbsp;&nbsp; <strong>&ldquo;GE&Ccedil;\u0130C\u0130 MADDE 2 &ndash;<\/strong> Bu Y&ouml;netmeli\u011fin yay\u0131mland\u0131\u011f\u0131 tarihten itibaren 1\/6\/2009 tarihine kadar ila&ccedil; ambalajlar\u0131na karekod eklenir. Bu tarihten sonra t&uuml;m &uuml;r&uuml;nlerde karekod bulunmas\u0131 mecburi olup, bu tarihten &ouml;nce karekodsuz &uuml;retilmi\u015f ve piyasada mevcut olan &uuml;r&uuml;nlerin 31\/12\/2009 tarihine kadar sat\u0131\u015f\u0131na izin verilir. Ancak &uuml;r&uuml;n &uuml;zerinde kup&uuml;rle birlikte karekod da varsa kup&uuml;r, tekrar kullan\u0131lmas\u0131n\u0131 tamamen engelleyecek \u015fekilde &ccedil;izilerek, bask\u0131 ile ve benzeri bir y&ouml;ntemle mutlaka iptal edilir. Karekodun kup&uuml;r &uuml;zerine konulmas\u0131 da iptal olarak kabul edilir. Karekod etiket ile uygulanacak ve kup&uuml;r &uuml;zerine yap\u0131\u015ft\u0131r\u0131lacaksa, mevcut kup&uuml;r &ouml;nceden iptal edilir. <br \/>&nbsp;&nbsp;&nbsp;&nbsp;&nbsp;&nbsp;&nbsp;&nbsp;&nbsp;&nbsp;&nbsp;&nbsp; Serumlar (periton diyaliz sol&uuml;syonlar\u0131, t\u0131bbi mamalar ve enteral beslenme &uuml;r&uuml;nleri hari&ccedil; olmak &uuml;zere), radyofarmas&ouml;tikler, s\u0131f\u0131r dereceden daha so\u011fuk ortamlarda bekletilmesi zorunlu olan so\u011fuk zincir &uuml;r&uuml;nleri 1\/1\/2011 tarihine kadar karekod uygulamas\u0131n\u0131n kapsam\u0131 d\u0131\u015f\u0131ndad\u0131r.&rdquo;<br \/>&nbsp;&nbsp;&nbsp;&nbsp;&nbsp;&nbsp;&nbsp;&nbsp;&nbsp;&nbsp;&nbsp;&nbsp; <strong>MADDE 4 &ndash; <\/strong>Ayn\u0131 Y&ouml;netmeli\u011fin Ge&ccedil;ici 4 &uuml;nc&uuml; maddesinin birinci f\u0131kras\u0131ndaki &ldquo;1\/6\/2009&rdquo; ibaresi&ldquo;1\/6\/2010&rdquo; \u015feklinde de\u011fi\u015ftirilmi\u015ftir.<br \/>&nbsp;&nbsp;&nbsp;&nbsp;&nbsp;&nbsp;&nbsp;&nbsp;&nbsp;&nbsp;&nbsp;&nbsp; <strong>MADDE 5 &ndash; <\/strong>Bu Y&ouml;netmelik yay\u0131m\u0131 tarihinde y&uuml;r&uuml;rl&uuml;\u011fe girer.<br \/><strong>&nbsp;&nbsp;&nbsp;&nbsp;&nbsp;&nbsp;&nbsp;&nbsp;&nbsp;&nbsp;&nbsp;&nbsp; MADDE 6 &ndash;<\/strong> Bu Y&ouml;netmelik h&uuml;k&uuml;mlerini Sa\u011fl\u0131k Bakan\u0131 y&uuml;r&uuml;t&uuml;r. <br \/>&nbsp;&nbsp;&nbsp;&nbsp;&nbsp;&nbsp;&nbsp;&nbsp;&nbsp;&nbsp;&nbsp;&nbsp;&nbsp;&nbsp;&nbsp;&nbsp;&nbsp;&nbsp;&nbsp;&nbsp;&nbsp;&nbsp;&nbsp;&nbsp;&nbsp;&nbsp;&nbsp;&nbsp;&nbsp;&nbsp;&nbsp;&nbsp;&nbsp;&nbsp; &nbsp;&nbsp;&nbsp; &nbsp;&nbsp;&nbsp;&nbsp;&nbsp;&nbsp;&nbsp;&nbsp;&nbsp;&nbsp;&nbsp;&nbsp;&nbsp;&nbsp;&nbsp; <\/p>\n","protected":false},"excerpt":{"rendered":"<p>Be\u015feri T\u0131bbi &uuml;r&uuml;nlerin ambalaj ve etiketleme y&ouml;netmeli\u011finde de\u011fi\u015fiklik yap\u0131lmas\u0131na dair y&ouml;netmelik 06.12.2008 tarihli&nbsp;ve 27076 say\u0131l\u0131 Resmi Gazete&#39;de yay\u0131nland\u0131. &nbsp; Yeni&#46;&#46;&#46;<\/p>\n","protected":false},"author":1,"featured_media":0,"comment_status":"closed","ping_status":"closed","sticky":false,"template":"","format":"standard","meta":{"_jetpack_memberships_contains_paid_content":false,"footnotes":""},"categories":[1],"tags":[],"class_list":["post-3495","post","type-post","status-publish","format-standard","hentry","category-ced"],"aioseo_notices":[],"jetpack_featured_media_url":"","jetpack_sharing_enabled":true,"jetpack-related-posts":[],"_links":{"self":[{"href":"http:\/\/www.ced.org.tr\/index.php?rest_route=\/wp\/v2\/posts\/3495","targetHints":{"allow":["GET"]}}],"collection":[{"href":"http:\/\/www.ced.org.tr\/index.php?rest_route=\/wp\/v2\/posts"}],"about":[{"href":"http:\/\/www.ced.org.tr\/index.php?rest_route=\/wp\/v2\/types\/post"}],"author":[{"embeddable":true,"href":"http:\/\/www.ced.org.tr\/index.php?rest_route=\/wp\/v2\/users\/1"}],"replies":[{"embeddable":true,"href":"http:\/\/www.ced.org.tr\/index.php?rest_route=%2Fwp%2Fv2%2Fcomments&post=3495"}],"version-history":[{"count":0,"href":"http:\/\/www.ced.org.tr\/index.php?rest_route=\/wp\/v2\/posts\/3495\/revisions"}],"wp:attachment":[{"href":"http:\/\/www.ced.org.tr\/index.php?rest_route=%2Fwp%2Fv2%2Fmedia&parent=3495"}],"wp:term":[{"taxonomy":"category","embeddable":true,"href":"http:\/\/www.ced.org.tr\/index.php?rest_route=%2Fwp%2Fv2%2Fcategories&post=3495"},{"taxonomy":"post_tag","embeddable":true,"href":"http:\/\/www.ced.org.tr\/index.php?rest_route=%2Fwp%2Fv2%2Ftags&post=3495"}],"curies":[{"name":"wp","href":"https:\/\/api.w.org\/{rel}","templated":true}]}}