{"id":3496,"date":"2008-12-22T14:27:31","date_gmt":"2008-12-22T12:27:31","guid":{"rendered":"http:\/\/www.ced.org.tr\/?p=3496"},"modified":"2008-12-22T14:27:31","modified_gmt":"2008-12-22T12:27:31","slug":"onbinlerce-eczaci-ortakliga-hayir-dedi","status":"publish","type":"post","link":"http:\/\/www.ced.org.tr\/?p=3496","title":{"rendered":"ONB\u0130NLERCE ECZACI ORTAKLI\u011eA HAYIR DED\u0130"},"content":{"rendered":"<div style=\"text-align: center\"><img loading=\"lazy\" decoding=\"async\" src=\"images\/stories\/belgeler\/artikyeter2008_1.jpg\" border=\"0\" alt=\"art\u0131k yeter\" title=\"art\u0131k yeter\" vspace=\"4\" width=\"450\" height=\"300\" \/><\/div>\n<p style=\"margin: 0cm 0cm 0pt\" class=\"MsoNormal\"><font face=\"Times New Roman\" size=\"3\" color=\"#000000\">21 Aral\u0131k Pazar g&uuml;n&uuml;, Ankara Kolej Meydan\u0131&rsquo;nda TEB taraf\u0131ndan d&uuml;zenlenen &ldquo;Art\u0131k Yeter Mitingi&rdquo;ne on binlerce eczac\u0131 kat\u0131ld\u0131. 51 eczac\u0131 odas\u0131 taraf\u0131ndan &ouml;rg&uuml;tlenen ve T&uuml;rkiye&rsquo;nin d&ouml;rt bir yan\u0131ndan kar k\u0131\u015f demeden, Ankara&rsquo;ya gelen eczac\u0131lar Sa\u011fl\u0131k Bakan\u0131&rsquo;na, &Ccedil;al\u0131\u015fma ve Sosyal G&uuml;venlik Bakan\u0131&rsquo;na ve SGK b&uuml;rokratlar\u0131na gereken mesaj\u0131 vermi\u015f oldular. Sa\u011fl\u0131k Bakanl\u0131\u011f\u0131 taraf\u0131ndan haz\u0131rlanan ve AKP&rsquo;nin Eczac\u0131 Milletvekillerinin Sa\u011fl\u0131k Komisyonu&rsquo;nun g&uuml;ndemine ta\u015f\u0131d\u0131\u011f\u0131, Eczac\u0131-Eczac\u0131 Ortakl\u0131k tasar\u0131s\u0131 &uuml;zerindeki tart\u0131\u015fmalara da son noktay\u0131 koydular.<\/font><\/p>\n<p style=\"margin: 0cm 0cm 0pt\" class=\"MsoNormal\">&nbsp;<\/p>\n<p><font face=\"Times New Roman\" size=\"3\" color=\"#000000\">&nbsp;<\/font> <\/p>\n<p style=\"margin: 0cm 0cm 0pt\" class=\"MsoNormal\"><font face=\"Times New Roman\" size=\"3\" color=\"#000000\">Bu miting, eczac\u0131lar i&ccedil;in bir referandum niteli\u011fi ta\u015f\u0131yordu ve eczac\u0131lar, Eczac\u0131-Eczac\u0131<span>&nbsp; <\/span>ortakl\u0131\u011f\u0131na kar\u015f\u0131 olduklar\u0131n\u0131 ve yap\u0131lmak istenen di\u011fer d&uuml;zenlemeleri de onaylamad\u0131klar\u0131n\u0131; gerek b&uuml;y&uuml;k kat\u0131l\u0131mla gerekse miting alan\u0131ndaki tav\u0131rlar\u0131yla a&ccedil;\u0131k&ccedil;a ifade ettiler.<\/font><\/p>\n<p><font face=\"Times New Roman\" size=\"3\" color=\"#000000\">&nbsp;<\/font> <\/p>\n<p style=\"margin: 0cm 0cm 0pt\" class=\"MsoNormal\"><font face=\"Times New Roman\" size=\"3\" color=\"#000000\">20 binin &uuml;zerinde kat\u0131l\u0131m\u0131n oldu\u011fu mitinge; <span>&nbsp;<\/span>ba\u015fta 81 ilden 51 Eczac\u0131 Odas\u0131&rsquo;na kay\u0131tl\u0131 eczac\u0131lar olmak &uuml;zere; Eczac\u0131l\u0131k Fak&uuml;ltesi &ouml;\u011frencileri, &ccedil;e\u015fitli illerin Eczac\u0131l\u0131k Teknisyenleri Dernekleri, Eczac\u0131 Kooperatifleri&rsquo; temsilcileri ve &uuml;yeleri olmak &uuml;zere, T&uuml;rk Tabipler Birli\u011fi, Sa\u011fl\u0131k Emek&ccedil;ileri Sendikas\u0131, Devrimci Sa\u011fl\u0131k \u0130\u015f, \u0130stanbul ve Ankara Tabip Odalar\u0131, Di\u015f Hekimleri Odalar\u0131 ile CHP, DSP ve DTP&rsquo;li Milletvekilleri ile &ccedil;ok say\u0131da Sivil Toplum &Ouml;rg&uuml;t&uuml; y&ouml;neticileri kat\u0131ld\u0131.<\/font><\/p>\n<p style=\"margin: 0cm 0cm 0pt\" class=\"MsoNormal\">&nbsp;<\/p>\n<div style=\"text-align: center\"><img loading=\"lazy\" decoding=\"async\" src=\"images\/stories\/belgeler\/artikyeter2008.jpg\" border=\"0\" alt=\"art\u0131k yeter\" title=\"art\u0131k yeter\" vspace=\"4\" width=\"450\" height=\"243\" \/><\/div>\n<p><font face=\"Times New Roman\" size=\"3\" color=\"#000000\">&nbsp;<\/font> <\/p>\n<p style=\"margin: 0cm 0cm 0pt\" class=\"MsoNormal\"><font face=\"Times New Roman\" size=\"3\" color=\"#000000\">Sabah g&uuml;n&uuml;n a\u011farmas\u0131 ile birlikte Ankara Celal Bayar Bulvar\u0131&rsquo;nda toplanmaya ba\u015flayan eczac\u0131lar, Ankara&rsquo;y\u0131 beyazlarla donatt\u0131. Gen&ccedil; ya\u015fl\u0131, &ccedil;ocuk b&uuml;y&uuml;k, Eczac\u0131 eczane &ccedil;al\u0131\u015fan\u0131 ve eczac\u0131l\u0131k &ouml;\u011frencileri ile sa\u011fl\u0131k bile\u015fenlerinin olu\u015fturdu\u011fu kortej saat 12.30 da mitingin yap\u0131laca\u011f\u0131 Kolej Meydan\u0131&rsquo;na do\u011fru harekete ge&ccedil;tiler. Kat\u0131l\u0131m\u0131n &ccedil;ok y&uuml;ksek olmas\u0131 nedeniyle miting alan\u0131na girmesi uzun s&uuml;ren toplulu\u011fun daha miting ba\u015flamadan, hep bir a\u011f\u0131zdan; &ldquo; Susma Hayk\u0131r, Ortakl\u0131\u011fa Hay\u0131r.&rdquo; &ldquo; Sa\u011fl\u0131k Hakt\u0131r Sat\u0131lamaz&rdquo;, &ldquo;Sa\u011fl\u0131k Y\u0131k\u0131mda Eczaneler Y\u0131k\u0131mda&rdquo;, &ldquo; Bakan Akda\u011f Tasar\u0131n\u0131 Geri &Ccedil;ek&rdquo;, &ldquo; Ar\u0131k yeter Eczac\u0131 Tahsildar De\u011fildir&rdquo; &ldquo; Herkese E\u015fit ve Paras\u0131z Sa\u011fl\u0131k Hizmeti&rdquo;, &ldquo;IMF Sa\u011fl\u0131ktan Elini &Ccedil;ek&rdquo;, &ldquo;Eczaneler Bizimdir Sermaye Defol&rdquo; ve benzeri sloganlarla taleplerini hayk\u0131rd\u0131lar.<\/font><\/p>\n<p><font face=\"Times New Roman\" size=\"3\" color=\"#000000\">&nbsp;<\/font> <\/p>\n<p style=\"margin: 0cm 0cm 0pt\" class=\"MsoNormal\"><font face=\"Times New Roman\" size=\"3\" color=\"#000000\">Saat 14:00&rsquo;te TEB y&ouml;neticileri ve 51 Eczac\u0131 Odas\u0131n\u0131n Ba\u015fkanlar\u0131n\u0131n kat\u0131l\u0131mc\u0131lar\u0131 tek tek <span>&nbsp;<\/span>selamlamas\u0131yla ba\u015flayan miting de ilk konu\u015fmay\u0131 TEB Ba\u015fkan\u0131 Ecz. Erdo\u011fan &Ccedil;olak yapt\u0131. <\/font><\/p>\n<p style=\"margin: 0cm 0cm 0pt\" class=\"MsoNormal\"><font face=\"Times New Roman\" size=\"3\" color=\"#000000\">&Ccedil;olak, &ldquo;bizler sa\u011fl\u0131\u011f\u0131, ya\u015fam hakk\u0131n\u0131 merkezde tutan kaliteli ya\u015fam\u0131n s&uuml;rd&uuml;r&uuml;lebilmesi i&ccedil;in &ccedil;aba sarf eden sa\u011fl\u0131k emek&ccedil;ileri olarak, kendi ya\u015fam hakk\u0131m\u0131za sayg\u0131 g&ouml;sterilmesini istiyoruz.&rdquo; &ldquo;Bizi aylard\u0131r masada dinlemeyenlere sesimizi meydanlardan duyurmaya geldik&rdquo; diyerek ba\u015flad\u0131\u011f\u0131 konu\u015fmas\u0131n\u0131 s&ouml;yle s&uuml;rd&uuml;rd&uuml;.<\/font><\/p>\n<p style=\"margin: 0cm 0cm 0pt\" class=\"MsoNormal\">&nbsp;<\/p>\n<div style=\"text-align: center\"><img loading=\"lazy\" decoding=\"async\" src=\"images\/stories\/belgeler\/artikyeter2008_2.jpg\" border=\"0\" alt=\"art\u0131k yeter\" title=\"art\u0131k yeter\" vspace=\"4\" width=\"450\" height=\"300\" \/><\/div>\n<p><font face=\"Times New Roman\" size=\"3\" color=\"#000000\">&nbsp;<\/font> <\/p>\n<p style=\"margin: 0cm 0cm 0pt\" class=\"MsoNormal\"><font face=\"Times New Roman\" size=\"3\" color=\"#000000\">Erdo\u011fan &Ccedil;olak &ldquo;Eczac\u0131lar &uuml;zerindeki Kamu Kurum Iskontosu y&uuml;k&uuml;nden kurtuluncaya kadar, bu barbar d&ouml;n&uuml;\u015f&uuml;m&uuml; durduruncaya kadar, meydanlarda olaca\u011f\u0131z, durmayaca\u011f\u0131z.&rdquo; &ldquo;Sizden muayene &uuml;cretlerini almaya bile cesaretleri yok, sa\u011fl\u0131k hizmetinin &uuml;cretini eczac\u0131lara tahsil ettiriyorlar, b&ouml;yle bir tek &uuml;lke s&ouml;yleyin bana&rdquo; dedi. &Ccedil;olak, eczac\u0131lar\u0131n &ouml;nlerine gelen Elektronik S&ouml;zle\u015fmeleri imzalamayacaklar\u0131n\u0131, Sa\u011fl\u0131k Bakanl\u0131\u011f\u0131&rsquo;nca haz\u0131rlanan Eczac\u0131lar ve Eczaneler Hakk\u0131ndaki Yasa Tasar\u0131s\u0131&rsquo;na konmas\u0131 d&uuml;\u015f&uuml;n&uuml;len Eczac\u0131-Eczac\u0131 ortakl\u0131\u011f\u0131 maddesinin eczanelerin tek elde toplanmas\u0131na yol a&ccedil;aca\u011f\u0131n\u0131 ve buna izin vermeyeceklerini s&ouml;yledi.<\/font><\/p>\n<p><font face=\"Times New Roman\" size=\"3\" color=\"#000000\">&nbsp;<\/font> <\/p>\n<p style=\"margin: 0cm 0cm 0pt\" class=\"MsoNormal\"><font color=\"#000000\"><font face=\"Times New Roman\"><font size=\"3\">TEB Ba\u015fkan\u0131 &Ccedil;olak&rsquo;\u0131n konu\u015fmas\u0131n\u0131 tamamlamas\u0131n\u0131n ard\u0131nda k&uuml;rs&uuml;ye s\u0131ras\u0131yla, Ankara Eczac\u0131 Odas\u0131 Ba\u015fkan\u0131 Ecz. <\/font><span style=\"font-size: 11pt\">O\u011fuz Ekincio\u011flu, <\/span><font size=\"3\">\u0130stanbul Eczac\u0131 Odas\u0131 Ba\u015fkan\u0131 Ecz. Semih G&uuml;ng&ouml;r, U\u015fak Eczac\u0131 Odas\u0131 Ba\u015fkan\u0131 Ecz. Halime &Ouml;zen ile T&uuml;m Eczac\u0131 Kooperatifleri Birli\u011fi Ba\u015fkan\u0131 Ecz. Abdullah &Ouml;zyi\u011fit gelerek birer konu\u015fma yapt\u0131lar.<\/font><\/font><\/font><\/p>\n<p><font face=\"Times New Roman\" size=\"3\" color=\"#000000\">&nbsp;<\/font> <\/p>\n<p style=\"margin: 0cm 0cm 0pt\" class=\"MsoNormal\"><font face=\"Times New Roman\" size=\"3\" color=\"#000000\">Konu\u015fmac\u0131lardan \u0130EO Ba\u015fkan\u0131 Semih G&uuml;ng&ouml;r, 1980&rsquo;li y\u0131llardan itibaren, t&uuml;m d&uuml;nyada ve T&uuml;rkiye&rsquo;de uygulanan &lsquo;Neo Liberal&rsquo; politikalar ciddi bir y\u0131k\u0131ma yol a&ccedil;t\u0131, T&uuml;rkiye de 30 y\u0131ld\u0131r bu girdab\u0131n i&ccedil;inde, k&uuml;resel \u015firketlerin &ccedil;\u0131karlar\u0131n\u0131 koruyan bu politikalar eczane ekonomilerimizi de olumsuz olarak etkiledi, 10 bine yak\u0131n eczane fiili iflas\u0131n i&ccedil;inde, Sa\u011fl\u0131kta D&ouml;n&uuml;\u015f&uuml;m bu y\u0131k\u0131m s&uuml;recini daha da h\u0131zland\u0131rd\u0131, &lsquo;Genel Sa\u011fl\u0131ks\u0131z ve Sosyal G&uuml;venliksiz&rsquo; sistem ile birlikte yeni sorunlarla y&uuml;z y&uuml;ze geldik dedi ve s&ouml;zlerini \u015f&ouml;yle s&uuml;rd&uuml;rd&uuml;: Sistemi eczaneler &uuml;zerinden y&uuml;r&uuml;tt&uuml;ler, b&uuml;t&uuml;n sorunlar\u0131 eczac\u0131n\u0131n s\u0131rt\u0131na y&uuml;klediler; sanayi \u0131skontosunun, muayene &uuml;cretlerinin, bedelsiz kamula\u015ft\u0131rmalar\u0131n, provizyon sisteminden kaynaklanan sorunlar\u0131n t&uuml;m y&uuml;k&uuml;n&uuml; biz eczac\u0131lar ta\u015f\u0131d\u0131k. <\/font><\/p>\n<p style=\"margin: 0cm 0cm 0pt\" class=\"MsoNormal\">&nbsp;<\/p>\n<div style=\"text-align: center\"><img loading=\"lazy\" decoding=\"async\" src=\"images\/stories\/belgeler\/artikyeter2008_3.jpg\" border=\"0\" alt=\"art\u0131k yeter\" title=\"art\u0131k yeter\" vspace=\"4\" width=\"450\" height=\"300\" \/><\/div>\n<p><font face=\"Times New Roman\" size=\"3\" color=\"#000000\">&nbsp;<\/font> <\/p>\n<p style=\"margin: 0cm 0cm 0pt\" class=\"MsoNormal\"><font face=\"Times New Roman\" size=\"3\" color=\"#000000\">Semih G&uuml;ng&ouml;r, \u015fimdi &ccedil;ok daha b&uuml;y&uuml;k bir sorunla kar\u015f\u0131 kar\u015f\u0131ya olduklar\u0131n\u0131 ifade ederek; &ldquo;Eczac\u0131-Eczac\u0131 ortakl\u0131\u011f\u0131, biz eczac\u0131lar\u0131n iradesine ra\u011fmen meslek yasam\u0131za sokulmak isteniyor, eczanelerimizi \u015firketle\u015ftirmek istiyorlar. \u015eirketle\u015fen eczanelerle hizmetin niteli\u011fi temelden de\u011fi\u015fecek. Eczanelerimiz sa\u011fl\u0131k hizmeti &uuml;reten kurumlar olmaktan &ccedil;\u0131kacak, birer ticarethaneye d&ouml;n&uuml;\u015fecek. \u0130la&ccedil;, Eczac\u0131l\u0131k ve Sa\u011fl\u0131k Sistemi&rsquo;ni t&uuml;m&uuml;yle sermayenin egemenli\u011fine teslim etmek istiyorlar. Bunun i&ccedil;indir ki&rsquo; Sa\u011fl\u0131kta ve Eczanede Y\u0131k\u0131ma Son&rsquo; diye hayk\u0131r\u0131yoruz&rdquo; dedi ve alandakilere;<\/font><\/p>\n<p><span style=\"font-size: 12pt; font-family: &#39;Times New Roman&#39;\"><font color=\"#000000\">&ldquo;Avans uygulamas\u0131n\u0131 kabul edecek miyiz? SGK&rsquo;n\u0131n tahsilat&ccedil;\u0131s\u0131 olmaya devam edecek mi yiz? SGK&rsquo;n\u0131n SUT ile getirdi\u011fi dayatmalara sessiz kalacak m\u0131y\u0131z? Bize dayat\u0131lmak istenen ortakl\u0131k tasar\u0131s\u0131na evet mi hay\u0131r m\u0131? Diye ayr\u0131 ayr\u0131 sordu ve toplulu\u011fun hep bir a\u011f\u0131zdan HAYIR! Demesinin ard\u0131ndan; peki, bu tasar\u0131 bizim irademize ra\u011fmen Meclisin g&uuml;ndemine gelirse KEPENKLER \u0130NECEK mi diye sordu; topluluk hep bir a\u011f\u0131zdan EVET dedi. G&uuml;ng&ouml;r konu\u015fmas\u0131n\u0131, sorumlulu\u011fu olan herkesi g&ouml;reve davet ederek bitirdi. <\/font><\/span><\/p>\n<p><span style=\"font-size: 12pt; font-family: &#39;Times New Roman&#39;\"><font color=\"#000000\">Di\u011fer konu\u015fmac\u0131lar\u0131n ard\u0131ndan &ccedil;o\u015fku ile ba\u015flayan miting b&uuml;y&uuml;k bir olgunlukla sona erdi. <\/font><\/span><\/p>\n<p><span style=\"font-size: 12pt; font-family: &#39;Times New Roman&#39;\"><font color=\"#000000\">Eczac\u0131lar s&ouml;yleyeceklerini s&ouml;ylediler<\/font><\/span><\/p>\n<p><span style=\"font-size: 12pt; font-family: &#39;Times New Roman&#39;\"><font color=\"#000000\">Sorunun muhataplar\u0131 belli<\/font><\/span><\/p>\n<p><span style=\"font-size: 12pt; font-family: &#39;Times New Roman&#39;\"><font color=\"#000000\">\u015eimdi s&ouml;z s\u0131ras\u0131 onlarda&#8230;<\/font><\/span><\/p>\n","protected":false},"excerpt":{"rendered":"<p>21 Aral\u0131k Pazar g&uuml;n&uuml;, Ankara Kolej Meydan\u0131&rsquo;nda TEB taraf\u0131ndan d&uuml;zenlenen &ldquo;Art\u0131k Yeter Mitingi&rdquo;ne on binlerce eczac\u0131 kat\u0131ld\u0131. 51 eczac\u0131 odas\u0131&#46;&#46;&#46;<\/p>\n","protected":false},"author":1,"featured_media":0,"comment_status":"closed","ping_status":"closed","sticky":false,"template":"","format":"standard","meta":{"_jetpack_memberships_contains_paid_content":false,"footnotes":""},"categories":[1],"tags":[],"class_list":["post-3496","post","type-post","status-publish","format-standard","hentry","category-ced"],"aioseo_notices":[],"jetpack_featured_media_url":"","jetpack_sharing_enabled":true,"jetpack-related-posts":[],"_links":{"self":[{"href":"http:\/\/www.ced.org.tr\/index.php?rest_route=\/wp\/v2\/posts\/3496","targetHints":{"allow":["GET"]}}],"collection":[{"href":"http:\/\/www.ced.org.tr\/index.php?rest_route=\/wp\/v2\/posts"}],"about":[{"href":"http:\/\/www.ced.org.tr\/index.php?rest_route=\/wp\/v2\/types\/post"}],"author":[{"embeddable":true,"href":"http:\/\/www.ced.org.tr\/index.php?rest_route=\/wp\/v2\/users\/1"}],"replies":[{"embeddable":true,"href":"http:\/\/www.ced.org.tr\/index.php?rest_route=%2Fwp%2Fv2%2Fcomments&post=3496"}],"version-history":[{"count":0,"href":"http:\/\/www.ced.org.tr\/index.php?rest_route=\/wp\/v2\/posts\/3496\/revisions"}],"wp:attachment":[{"href":"http:\/\/www.ced.org.tr\/index.php?rest_route=%2Fwp%2Fv2%2Fmedia&parent=3496"}],"wp:term":[{"taxonomy":"category","embeddable":true,"href":"http:\/\/www.ced.org.tr\/index.php?rest_route=%2Fwp%2Fv2%2Fcategories&post=3496"},{"taxonomy":"post_tag","embeddable":true,"href":"http:\/\/www.ced.org.tr\/index.php?rest_route=%2Fwp%2Fv2%2Ftags&post=3496"}],"curies":[{"name":"wp","href":"https:\/\/api.w.org\/{rel}","templated":true}]}}