{"id":3497,"date":"2008-12-25T13:13:59","date_gmt":"2008-12-25T11:13:59","guid":{"rendered":"http:\/\/www.ced.org.tr\/?p=3497"},"modified":"2008-12-25T13:13:59","modified_gmt":"2008-12-25T11:13:59","slug":"tasarinin-sahibi-yok","status":"publish","type":"post","link":"http:\/\/www.ced.org.tr\/?p=3497","title":{"rendered":"TASARININ SAH\u0130B\u0130 YOK!"},"content":{"rendered":"<p>Ortakl\u0131k yasa tasar\u0131s\u0131n\u0131 sahiplenen yok. Onbinlerce eczac\u0131n\u0131n ortakl\u0131\u011fa hay\u0131r diyen 21 Aral\u0131k eyleminden sonra bir a&ccedil;\u0131klama yapma gere\u011fi duyan \u0130la&ccedil; ve Eczac\u0131l\u0131k Genel M&uuml;d&uuml;rl&uuml;\u011f&uuml; tart\u0131\u015f\u0131lan tasar\u0131 ile bir ilgileri olmad\u0131\u011f\u0131n\u0131, Sa\u011fl\u0131k Bakan\u0131 ile TEB aras\u0131nda var\u0131lan mutabakata ba\u011fl\u0131 kald\u0131klar\u0131n\u0131 ifade eden bir a&ccedil;\u0131klama yay\u0131nlad\u0131. AKP eczac\u0131 milletvekilleri ise ortakl\u0131k tasar\u0131s\u0131n\u0131n Sa\u011fl\u0131k Bakanl\u0131\u011f\u0131na ait oldu\u011funu s&ouml;yl&uuml;yorlar. Tasar\u0131y\u0131 sahiplenen yok!<\/p>\n<p>&nbsp;<\/p>\n<p>Eczac\u0131 kamu oyuda hakl\u0131 olarak soruyor<\/p>\n<p>&nbsp;<\/p>\n<p><strong>&quot;BU TASARININ SAH\u0130B\u0130 K\u0130M?&quot;<\/strong><\/p>\n<p>&nbsp;<\/p>\n<p>\u0130la&ccedil; ve Eczac\u0131l\u0131k Genel M&uuml;d&uuml;rl&uuml;\u011f&uuml;n&uuml;n a&ccedil;\u0131klamas\u0131 i&ccedil;in <a href=\"images\/stories\/belgeler\/kanunduyuru21aralik.pdf\" target=\"_blank\" title=\"kanun duyurusu\">t\u0131klay\u0131n\u0131z<\/a>.<\/p>\n","protected":false},"excerpt":{"rendered":"<p>Ortakl\u0131k yasa tasar\u0131s\u0131n\u0131 sahiplenen yok. Onbinlerce eczac\u0131n\u0131n ortakl\u0131\u011fa hay\u0131r diyen 21 Aral\u0131k eyleminden sonra bir a&ccedil;\u0131klama yapma gere\u011fi duyan \u0130la&ccedil;&#46;&#46;&#46;<\/p>\n","protected":false},"author":1,"featured_media":0,"comment_status":"closed","ping_status":"closed","sticky":false,"template":"","format":"standard","meta":{"_jetpack_memberships_contains_paid_content":false,"footnotes":""},"categories":[1],"tags":[],"class_list":["post-3497","post","type-post","status-publish","format-standard","hentry","category-ced"],"aioseo_notices":[],"jetpack_featured_media_url":"","jetpack_sharing_enabled":true,"jetpack-related-posts":[],"_links":{"self":[{"href":"http:\/\/www.ced.org.tr\/index.php?rest_route=\/wp\/v2\/posts\/3497","targetHints":{"allow":["GET"]}}],"collection":[{"href":"http:\/\/www.ced.org.tr\/index.php?rest_route=\/wp\/v2\/posts"}],"about":[{"href":"http:\/\/www.ced.org.tr\/index.php?rest_route=\/wp\/v2\/types\/post"}],"author":[{"embeddable":true,"href":"http:\/\/www.ced.org.tr\/index.php?rest_route=\/wp\/v2\/users\/1"}],"replies":[{"embeddable":true,"href":"http:\/\/www.ced.org.tr\/index.php?rest_route=%2Fwp%2Fv2%2Fcomments&post=3497"}],"version-history":[{"count":0,"href":"http:\/\/www.ced.org.tr\/index.php?rest_route=\/wp\/v2\/posts\/3497\/revisions"}],"wp:attachment":[{"href":"http:\/\/www.ced.org.tr\/index.php?rest_route=%2Fwp%2Fv2%2Fmedia&parent=3497"}],"wp:term":[{"taxonomy":"category","embeddable":true,"href":"http:\/\/www.ced.org.tr\/index.php?rest_route=%2Fwp%2Fv2%2Fcategories&post=3497"},{"taxonomy":"post_tag","embeddable":true,"href":"http:\/\/www.ced.org.tr\/index.php?rest_route=%2Fwp%2Fv2%2Ftags&post=3497"}],"curies":[{"name":"wp","href":"https:\/\/api.w.org\/{rel}","templated":true}]}}