{"id":3499,"date":"2008-12-29T14:56:57","date_gmt":"2008-12-29T12:56:57","guid":{"rendered":"http:\/\/www.ced.org.tr\/?p=3499"},"modified":"2008-12-29T14:56:57","modified_gmt":"2008-12-29T12:56:57","slug":"1-subattan-itibaren-sgkli-ilac-alamayacak","status":"publish","type":"post","link":"http:\/\/www.ced.org.tr\/?p=3499","title":{"rendered":"1 \u015eubat&#8217;tan itibaren SGK&#8217;l\u0131 ila\u00e7 alamayacak"},"content":{"rendered":"<p class=\"bold\"><img loading=\"lazy\" decoding=\"async\" style=\"width: 145px; height: 151px\" src=\"images\/stories\/belgeler\/fft5_mf91668.jpg\" border=\"0\" alt=\"art\u0131k yeter\" title=\"art\u0131k yeter\" hspace=\"4\" vspace=\"4\" width=\"145\" height=\"151\" align=\"left\" \/>Eczac\u0131larla SGK aras\u0131ndaki sorun 31 Aral\u0131k&rsquo;a kadar &ccedil;&ouml;z&uuml;lmezse 1 \u015eubat&rsquo;tan sonra SGK&rsquo;l\u0131 hasta ila&ccedil; alamayacak, eczaneler de kepenk indirecek<\/p>\n<p class=\"habdetay_yazarisim\">&nbsp;<\/p>\n<p>21 Aral\u0131k&rsquo;taki mitinglerinin ard\u0131ndan bir kez daha Sosyal G&uuml;venlik Kurumu&nbsp; (SGK) ile masaya oturan eczac\u0131lar anla\u015fmaya varamad\u0131. T&uuml;rk Eczac\u0131lar\u0131 Birli\u011fi, 51 eczac\u0131 odas\u0131na yapt\u0131\u011f\u0131 duyuruda kepenk kapatma sinyali verdi. Eczac\u0131lar ile SGK aras\u0131ndaki anla\u015fman\u0131n 31 Aral\u0131k&rsquo;a kadar sonu&ccedil;lanmamas\u0131 ve bu konuda &ccedil;&ouml;z&uuml;m bulunamamas\u0131 halinde mevcut protokol ve s&ouml;zle\u015fme 1 \u015eubat 2009 itibar\u0131yla feshedilecek ve bu tarihten itibaren SGK&rsquo;l\u0131 hastalar hem eczanelerden ila&ccedil; alamayacak hem de eczac\u0131lar kepenklerini kapatacak.&nbsp;<\/p>\n<p class=\"bold\"><strong>Birlik duyuru yapt\u0131<\/strong><br \/>T&uuml;rk Eczac\u0131lar\u0131 Birli\u011fi (TEB) kendisine ba\u011fl\u0131 bulunan 51 eczac\u0131 odas\u0131na duyuru yaparak kepenk kapatma sinyalini verdi. TEB, eczac\u0131 odalar\u0131na g&ouml;nderdi\u011fi yaz\u0131da, duyurunun 24 bin eczac\u0131ya ivedilikle yap\u0131lmas\u0131n\u0131 isteyerek, SGK ile olan g&ouml;r&uuml;\u015fmelerin sona erdi\u011fini, bundan sonraki s&uuml;re&ccedil;te var olan anla\u015fman\u0131n tek tarafl\u0131 olarak feshedilece\u011fini bildirdi. TEB&rsquo;in odalara g&ouml;nderdi\u011fi yaz\u0131da &ouml;zetle \u015funlar s&ouml;ylendi: &ldquo;21 Aral\u0131k 2008 Pazar g&uuml;n&uuml; Ankara&rsquo;da, 32 bin ki\u015fiyle &lsquo;Art\u0131k Yeter&rsquo; dedi\u011fimiz g&ouml;rkemli mitingimizin ard\u0131ndan, Sosyal G&uuml;venlik Kurumu&rsquo;nun daveti &uuml;zerine, T&uuml;rk Eczac\u0131lar\u0131 Birli\u011fi Merkez Heyetimiz Kurum Ba\u015fkan\u0131 Fatih Acar ve Genel Sa\u011fl\u0131k Sigortas\u0131 Genel M&uuml;d&uuml;r&uuml; Sami T&uuml;rko\u011flu ile 24 Aral\u0131k &Ccedil;ar\u015famba g&uuml;n&uuml; bir g&ouml;r&uuml;\u015fme yapt\u0131. Bu g&ouml;r&uuml;\u015fmede, temel sorunlar\u0131m\u0131z Kurum yetkililerine bir kez daha aktar\u0131ld\u0131. Ancak, Kurumun tavr\u0131nda &ccedil;&ouml;z&uuml;me dayal\u0131 bir farkl\u0131l\u0131k olmad\u0131\u011f\u0131 g&ouml;r&uuml;ld&uuml;. Kurum yetkililerine, Kamu kurum \u0131skontosu, avans uygulamas\u0131, muayene &uuml;creti ve di\u011fer taleplerimizdeki kararl\u0131l\u0131\u011f\u0131m\u0131z\u0131n devam etti\u011fi net bir \u015fekilde ifade edildi. SGK ile imzalanan 10 Eyl&uuml;l 2008 tarihli Ek Protokol&uuml;n 9.Y&uuml;r&uuml;rl&uuml;k maddesinde yer alan ibareye g&ouml;re, TEB ile SGK aras\u0131ndaki anla\u015fman\u0131n 31 Aral\u0131k&rsquo;a kadar sonu&ccedil;lanmamas\u0131 ve bu konuda &ccedil;&ouml;z&uuml;m bulunamamas\u0131 halinde mevcut protokol ve s&ouml;zle\u015fme 1 \u015eubat 2009 tarihi itibar\u0131yla feshedilecek.&rdquo; <br \/>&Ouml;te yandan hukuki i\u015flemlerin ba\u015flat\u0131ld\u0131\u011f\u0131 da &ouml;\u011frenilirken eczac\u0131lar\u0131n mitingin ard\u0131ndan taleplerinin kar\u015f\u0131lanmamas\u0131na cevaben kepenk kapatmaya haz\u0131rland\u0131\u011f\u0131 belirtildi. Bu durumda ise SGK&rsquo;l\u0131 hastalar 1 \u015eubat 2008&rsquo;den itibaren hem eczanelerden ila&ccedil; alamayacak hem de eczac\u0131lar kepenk kapatacaklar. (anka)<\/p>\n","protected":false},"excerpt":{"rendered":"<p>Eczac\u0131larla SGK aras\u0131ndaki sorun 31 Aral\u0131k&rsquo;a kadar &ccedil;&ouml;z&uuml;lmezse 1 \u015eubat&rsquo;tan sonra SGK&rsquo;l\u0131 hasta ila&ccedil; alamayacak, eczaneler de kepenk indirecek &nbsp;&#46;&#46;&#46;<\/p>\n","protected":false},"author":1,"featured_media":0,"comment_status":"closed","ping_status":"closed","sticky":false,"template":"","format":"standard","meta":{"_jetpack_memberships_contains_paid_content":false,"footnotes":""},"categories":[1],"tags":[],"class_list":["post-3499","post","type-post","status-publish","format-standard","hentry","category-ced"],"aioseo_notices":[],"jetpack_featured_media_url":"","jetpack_sharing_enabled":true,"jetpack-related-posts":[],"_links":{"self":[{"href":"http:\/\/www.ced.org.tr\/index.php?rest_route=\/wp\/v2\/posts\/3499","targetHints":{"allow":["GET"]}}],"collection":[{"href":"http:\/\/www.ced.org.tr\/index.php?rest_route=\/wp\/v2\/posts"}],"about":[{"href":"http:\/\/www.ced.org.tr\/index.php?rest_route=\/wp\/v2\/types\/post"}],"author":[{"embeddable":true,"href":"http:\/\/www.ced.org.tr\/index.php?rest_route=\/wp\/v2\/users\/1"}],"replies":[{"embeddable":true,"href":"http:\/\/www.ced.org.tr\/index.php?rest_route=%2Fwp%2Fv2%2Fcomments&post=3499"}],"version-history":[{"count":0,"href":"http:\/\/www.ced.org.tr\/index.php?rest_route=\/wp\/v2\/posts\/3499\/revisions"}],"wp:attachment":[{"href":"http:\/\/www.ced.org.tr\/index.php?rest_route=%2Fwp%2Fv2%2Fmedia&parent=3499"}],"wp:term":[{"taxonomy":"category","embeddable":true,"href":"http:\/\/www.ced.org.tr\/index.php?rest_route=%2Fwp%2Fv2%2Fcategories&post=3499"},{"taxonomy":"post_tag","embeddable":true,"href":"http:\/\/www.ced.org.tr\/index.php?rest_route=%2Fwp%2Fv2%2Ftags&post=3499"}],"curies":[{"name":"wp","href":"https:\/\/api.w.org\/{rel}","templated":true}]}}