{"id":3502,"date":"2009-01-02T10:54:24","date_gmt":"2009-01-02T08:54:24","guid":{"rendered":"http:\/\/www.ced.org.tr\/?p=3502"},"modified":"2009-01-02T10:54:24","modified_gmt":"2009-01-02T08:54:24","slug":"ocak-ayi-koli-teslimat-programi","status":"publish","type":"post","link":"http:\/\/www.ced.org.tr\/?p=3502","title":{"rendered":"Ocak Ay\u0131 Koli Teslimat Program\u0131"},"content":{"rendered":"<div align=\"left\">\n<div align=\"left\">&middot;&nbsp;&nbsp; &nbsp;http:\/\/istanbul.sgk.gov.tr internet sitemizde;&ldquo;01.11.2008 Tarihi \u0130tibariyle Evrak Teslimat\u0131 &ldquo; ba\u015fl\u0131kl\u0131 yaz\u0131da belirtilen s&ouml;zle\u015fmeli eczaneler ile Trakya ili s&ouml;zle\u015fmeli eczaneleri Bayrampa\u015fa depomuzda,<\/p>\n<p>&middot;&nbsp;&nbsp; &nbsp;Di\u011fer \u0130stanbul \u0130li s&ouml;zle\u015fmeli eczanelerimiz ise G&ouml;ztepe depomuzda,<\/p>\n<p>A\u015fa\u011f\u0131daki programa g&ouml;re, t&uuml;m kurumlar i&ccedil;in birle\u015ftirilmi\u015f \u015fekilde yap\u0131lacakt\u0131r. Gereksiz y\u0131\u011f\u0131lman\u0131n olu\u015fmamas\u0131 i&ccedil;in eczac\u0131lar\u0131m\u0131z\u0131n programa uymalar\u0131n\u0131 rica ederiz. Koliler S&ouml;zle\u015fmeli Eczac\u0131 haricindeki ki\u015filerce de teslim edilebilir.<\/div>\n<div align=\"left\">Kargo ile teslimat yapacak eczac\u0131lar\u0131m\u0131z i&ccedil;in g&uuml;n s\u0131n\u0131rlamas\u0131 yap\u0131lmayacakt\u0131r.<br \/>Koli teslimat\u0131ndan &ouml;nce yap\u0131lmas\u0131 gereken i\u015flemler hakk\u0131nda ve koli teslimat\u0131nda dikkat edilecek hususlarla ilgili ilanlar\u0131m\u0131z dikkatlice okunmal\u0131 ve gerekleri yerine getirilmelidir.<\/p>\n<p>Serbest g&uuml;nlerde koli al\u0131m\u0131 saat 09.00 &lsquo;da ba\u015flayacak 15.30&rsquo;a kadar gelenlerin kolileri al\u0131nacak, 16.00 itibari ile koli al\u0131m i\u015flemi sonland\u0131r\u0131lacakt\u0131r.<\/p>\n<p>Numaral\u0131 g&uuml;nlerde koli al\u0131m\u0131 saat 09.00 &lsquo;da ba\u015flayacak 16.00&rsquo;a kadar gelenlerin kolileri al\u0131nacak, 16.30 itibari ile koli al\u0131m i\u015flemi sonland\u0131r\u0131lacakt\u0131r.<\/p>\n<p>T&uuml;m duyurular\u0131m\u0131za ra\u011fmen kolilerini taraf\u0131m\u0131zca duyurulan kriterlere uygun haz\u0131rlamayan S&ouml;zle\u015fmeli Eczanelerimiz nedeniyle istenmeyen gecikmeler olu\u015fabilmektedir. <\/p>\n<p>Bu nedenlerle ge&ccedil;mi\u015f d&ouml;nemlerde oldu\u011fu gibi bu d&ouml;nemde de teslim g&uuml;nlerine azami &ouml;zen g&ouml;stermeniz, kolilerinizi dikkatli ve eksiksiz haz\u0131rlaman\u0131z, G&ouml;ztepe ve Bayrampa\u015fa depolar\u0131m\u0131zda sizlere hizmet veren personelimize yard\u0131mc\u0131 olman\u0131z\u0131 rica ederiz.<br \/><u><strong><br \/>5-6-7-8 OCAK (PAZARTES\u0130-SALI-&Ccedil;AR\u015eAMBA-PER\u015eEMBE)<\/strong><\/u><br \/>Bu tarihe kadar sadece zorunlu durumlarda s&ouml;zle\u015fme numaras\u0131 d&uuml;zenine ba\u011fl\u0131 olmaks\u0131z\u0131n t&uuml;m s&ouml;zle\u015fmeli eczanelerimiz koli teslim edebileceklerdir.<\/p>\n<p><u><strong>9-12-13-14-15 OCAK (CUMA-PAZARTES\u0130-SALI-&Ccedil;AR\u015eAMBA-PER\u015eEMBE)<\/strong><\/u><br \/>\u0130STANBUL ili s&ouml;zle\u015fmeli eczanelerimiz, bu tarihler aras\u0131nda 1834. ile ba\u015flayan Emekli Sand\u0131\u011f\u0131 sicil numaras\u0131n\u0131n son rakam\u0131na g&ouml;re kolilerini teslim edeceklerdir. <\/p>\n<p><strong>13 OCAK<\/strong> Sal\u0131 g&uuml;n&uuml; K\u0131rklareli eczaneleri<br \/><strong>14 OCAK<\/strong> &Ccedil;ar\u015famba g&uuml;n&uuml; Tekirda\u011f eczaneleri<br \/><strong>15 OCAK<\/strong> Per\u015fembe g&uuml;n&uuml; Edirne eczaneleri kolilerini teslim edeceklerdir.<\/div>\n<div align=\"left\">\n<table border=\"0\" cellspacing=\"0\" cellpadding=\"0\" width=\"430\" style=\"width: 430px; border-collapse: collapse; height: 228px\">\n<tbody>\n<tr height=\"17\" style=\"height: 12.75pt\">\n<td class=\"xl24\" width=\"108\" height=\"17\" style=\"width: 81pt; height: 12.75pt\">Teslimat G&uuml;n&uuml;<\/td>\n<td class=\"xl24\" colspan=\"2\" width=\"216\" style=\"border-left: medium none; width: 162pt\">Teslimat D&uuml;zeni<\/td>\n<td class=\"xl24\" width=\"143\" style=\"border-left: medium none; width: 107pt\">Bayrampa\u015fa Depo<\/td>\n<td class=\"xl24\" width=\"122\" style=\"border-left: medium none; width: 92pt\">G&ouml;ztepe Depo<\/td>\n<\/tr>\n<tr height=\"14\" style=\"height: 10.5pt\">\n<td class=\"xl25\" height=\"14\" style=\"border-top: medium none; height: 10.5pt\">05.01.2009<\/td>\n<td class=\"xl28\" colspan=\"4\" rowspan=\"4\" width=\"481\" style=\"width: 361pt\">Sadece zorunlu durumlarda s&ouml;zle\u015fme numaras\u0131 d&uuml;zenine ba\u011fl\u0131 olmaks\u0131z\u0131n teslimat<\/td>\n<\/tr>\n<tr height=\"14\" style=\"height: 10.5pt\">\n<td class=\"xl25\" height=\"14\" style=\"border-top: medium none; height: 10.5pt\">06.01.2009<\/td>\n<\/tr>\n<tr height=\"14\" style=\"height: 10.5pt\">\n<td class=\"xl25\" height=\"14\" style=\"border-top: medium none; height: 10.5pt\">07.01.2009<\/td>\n<\/tr>\n<tr height=\"14\" style=\"height: 10.5pt\">\n<td class=\"xl25\" height=\"14\" style=\"border-top: medium none; height: 10.5pt\">08.01.2009<\/td>\n<\/tr>\n<tr height=\"31\" style=\"height: 23.25pt\">\n<td class=\"xl25\" height=\"31\" style=\"border-top: medium none; height: 23.25pt\">09.01.2009<\/td>\n<td class=\"xl26\" style=\"border-top: medium none; border-left: medium none\">5-6<\/td>\n<td class=\"xl27\" rowspan=\"5\" width=\"103\" style=\"border-top: medium none; width: 77pt\">\u0130stanbul \u0130li Emekli Sand\u0131\u011f\u0131 Sicil numaras\u0131n\u0131n son rakam\u0131na g&ouml;re<\/td>\n<td class=\"xl27\" rowspan=\"2\" width=\"143\" style=\"border-top: medium none; width: 107pt\">01.11.2008 tarihi itibariyle evrak teslimat\u0131 ba\u015fl\u0131kl\u0131&nbsp; yaz\u0131da belirtilen s&ouml;zle\u015fmeli eczaneler<\/td>\n<td class=\"xl27\" rowspan=\"5\" width=\"122\" style=\"border-top: medium none; width: 92pt\">\u0130stanbul \u0130li Eczaneleri<\/td>\n<\/tr>\n<tr height=\"31\" style=\"height: 23.25pt\">\n<td class=\"xl25\" height=\"31\" style=\"border-top: medium none; height: 23.25pt\">12.01.2009<\/td>\n<td class=\"xl26\" style=\"border-top: medium none; border-left: medium none\">3-4<\/td>\n<\/tr>\n<tr height=\"31\" style=\"height: 23.25pt\">\n<td class=\"xl25\" height=\"31\" style=\"border-top: medium none; height: 23.25pt\">13.01.2009<\/td>\n<td class=\"xl26\" style=\"border-top: medium none; border-left: medium none\">1-2<\/td>\n<td class=\"xl27\" width=\"143\" style=\"border-top: medium none; border-left: medium none; width: 107pt\">ile K\u0131rklareli eczaneleri<\/td>\n<\/tr>\n<tr height=\"31\" style=\"height: 23.25pt\">\n<td class=\"xl25\" height=\"31\" style=\"border-top: medium none; height: 23.25pt\">14.01.2009<\/td>\n<td class=\"xl26\" style=\"border-top: medium none; border-left: medium none\">9-0<\/td>\n<td class=\"xl27\" width=\"143\" style=\"border-top: medium none; border-left: medium none; width: 107pt\">ile Tekirda\u011f eczaneleri<\/td>\n<\/tr>\n<tr height=\"31\" style=\"height: 23.25pt\">\n<td class=\"xl25\" height=\"31\" style=\"border-top: medium none; height: 23.25pt\">15.01.2009<\/td>\n<td class=\"xl26\" style=\"border-top: medium none; border-left: medium none\">7-8<\/td>\n<td class=\"xl27\" width=\"143\" style=\"border-top: medium none; border-left: medium none; width: 107pt\">ile Edirne eczaneleri<\/td>\n<\/tr>\n<\/tbody>\n<\/table>\n<\/div>\n<\/div>\n","protected":false},"excerpt":{"rendered":"<p>&middot;&nbsp;&nbsp; &nbsp;http:\/\/istanbul.sgk.gov.tr internet sitemizde;&ldquo;01.11.2008 Tarihi \u0130tibariyle Evrak Teslimat\u0131 &ldquo; ba\u015fl\u0131kl\u0131 yaz\u0131da belirtilen s&ouml;zle\u015fmeli eczaneler ile Trakya ili s&ouml;zle\u015fmeli eczaneleri Bayrampa\u015fa&#46;&#46;&#46;<\/p>\n","protected":false},"author":1,"featured_media":0,"comment_status":"closed","ping_status":"closed","sticky":false,"template":"","format":"standard","meta":{"_jetpack_memberships_contains_paid_content":false,"footnotes":""},"categories":[1],"tags":[],"class_list":["post-3502","post","type-post","status-publish","format-standard","hentry","category-ced"],"aioseo_notices":[],"jetpack_featured_media_url":"","jetpack_sharing_enabled":true,"jetpack-related-posts":[],"_links":{"self":[{"href":"http:\/\/www.ced.org.tr\/index.php?rest_route=\/wp\/v2\/posts\/3502","targetHints":{"allow":["GET"]}}],"collection":[{"href":"http:\/\/www.ced.org.tr\/index.php?rest_route=\/wp\/v2\/posts"}],"about":[{"href":"http:\/\/www.ced.org.tr\/index.php?rest_route=\/wp\/v2\/types\/post"}],"author":[{"embeddable":true,"href":"http:\/\/www.ced.org.tr\/index.php?rest_route=\/wp\/v2\/users\/1"}],"replies":[{"embeddable":true,"href":"http:\/\/www.ced.org.tr\/index.php?rest_route=%2Fwp%2Fv2%2Fcomments&post=3502"}],"version-history":[{"count":0,"href":"http:\/\/www.ced.org.tr\/index.php?rest_route=\/wp\/v2\/posts\/3502\/revisions"}],"wp:attachment":[{"href":"http:\/\/www.ced.org.tr\/index.php?rest_route=%2Fwp%2Fv2%2Fmedia&parent=3502"}],"wp:term":[{"taxonomy":"category","embeddable":true,"href":"http:\/\/www.ced.org.tr\/index.php?rest_route=%2Fwp%2Fv2%2Fcategories&post=3502"},{"taxonomy":"post_tag","embeddable":true,"href":"http:\/\/www.ced.org.tr\/index.php?rest_route=%2Fwp%2Fv2%2Ftags&post=3502"}],"curies":[{"name":"wp","href":"https:\/\/api.w.org\/{rel}","templated":true}]}}