{"id":3503,"date":"2009-01-02T14:34:02","date_gmt":"2009-01-02T12:34:02","guid":{"rendered":"http:\/\/www.ced.org.tr\/?p=3503"},"modified":"2009-01-02T14:34:02","modified_gmt":"2009-01-02T12:34:02","slug":"istanbul-eczaci-odasi-basin-aciklamasi","status":"publish","type":"post","link":"http:\/\/www.ced.org.tr\/?p=3503","title":{"rendered":"\u0130STANBUL ECZACI ODASI BASIN A\u00c7IKLAMASI"},"content":{"rendered":"<h5 align=\"center\">S\u0130GORTALILAR \u0130LA&Ccedil; ALAMAYACAK&nbsp;&nbsp;<\/h5>\n<h5 align=\"center\">&nbsp;&nbsp;<\/h5>\n<h5 align=\"center\">\u0130la&ccedil; Al\u0131m Protokol&uuml;n&uuml;n Feshi \u0130le \u0130lgili Bas\u0131n Toplant\u0131s\u0131&nbsp;<\/h5>\n<p>&nbsp;<\/p>\n<p><strong>Bug&uuml;n (Cuma) Oda merkezimizde s&ouml;zle\u015fmesiz d&ouml;neme ge&ccedil;i\u015fle ilgili olarak d&uuml;zenledi\u011fimiz bas\u0131n toplant\u0131s\u0131nda Oda Ba\u015fkan\u0131m\u0131z Ecz. Semih G&uuml;ng&ouml;r taraf\u0131ndan yap\u0131lan a&ccedil;\u0131klamay\u0131 a\u015fa\u011f\u0131da meslekta\u015flar\u0131m\u0131z\u0131n bilgisine sunar\u0131z.<\/strong><\/p>\n<p>&nbsp;<\/p>\n<p>&nbsp;<\/p>\n<p><strong>2 Ocak 2009<\/strong><\/p>\n<p><strong>BASIN A&Ccedil;IKLAMASI<\/strong><\/p>\n<p><strong>S&Ouml;ZLE\u015eMES\u0130Z D&Ouml;NEM\u0130N \u0130LK ADIMI ATILDI<\/strong><\/p>\n<p>De\u011ferli Bas\u0131n Mensuplar\u0131,<\/p>\n<p>2009 y\u0131l\u0131na girerken d&uuml;nya \u0130srail&#39;in bir vah\u015fetine daha tan\u0131k oldu. Bir kez daha Filistin halk\u0131na y&ouml;nelik bu sald\u0131r\u0131y\u0131 k\u0131n\u0131yor ve Gazze&#39;ye ila&ccedil; yard\u0131m\u0131 i&ccedil;in gerekli giri\u015fimlerde bulunaca\u011f\u0131m\u0131z\u0131 belirtiyoruz.<\/p>\n<p>De\u011ferli Bas\u0131n Mensuplar\u0131&nbsp;&nbsp;&nbsp;&nbsp;&nbsp;&nbsp;&nbsp;<\/p>\n<p>Bildi\u011finiz gibi T&uuml;rk Eczac\u0131lar\u0131 Birli\u011fi ve 51 eczac\u0131 odas\u0131 uzunca bir s&uuml;redir eczac\u0131l\u0131k mesle\u011fini savunmak i&ccedil;in bir&ccedil;ok alanda m&uuml;cadele vermek zorunda b\u0131rak\u0131ld\u0131. Uzun s&uuml;redir Sa\u011fl\u0131k Bakanl\u0131\u011f\u0131, Maliye Bakanl\u0131\u011f\u0131 ve Sosyal G&uuml;venlik Kurumu ile eczac\u0131lar aras\u0131ndaki sorunlar\u0131n &ccedil;&ouml;z&uuml;m&uuml; i&ccedil;in att\u0131\u011f\u0131m\u0131z ad\u0131mlar ne yaz\u0131k ki yetkililer taraf\u0131ndan ciddiye al\u0131nmad\u0131. Defalarca Bakanl\u0131k ve Kurum yetkilileri ile sorunlar\u0131m\u0131z\u0131n uzla\u015fma temelinde &ccedil;&ouml;z&uuml;lmesi i&ccedil;in temaslarda bulunuldu. Bu temaslar\u0131n hi&ccedil;birinde &ccedil;&ouml;z&uuml;me y&ouml;nelik bir yakla\u015f\u0131m g&ouml;rmedik. Bu nedenle, biz de sesimizi duyurmak ad\u0131na 21 Aral\u0131k g&uuml;n&uuml; T&uuml;rkiye&#39;nin d&ouml;rt bir yan\u0131ndan gelen 32.000 ki\u015fi ile birlikte Ankara&#39;da sesimizi bir kez daha y&uuml;kselttik. Bizimle uzla\u015fmak yerine &ccedil;at\u0131\u015fmay\u0131 tercih eden kurum yetkililerini son kez uyard\u0131k. Ancak bu sese de kulak verilmedi; hatta vatanda\u015f\u0131n sa\u011fl\u0131k hakk\u0131 ve meslek hakk\u0131m\u0131z i&ccedil;in m&uuml;cadele eden Birlik ve Odalar\u0131m\u0131z ideolojik davranmakla su&ccedil;land\u0131.<\/p>\n<p>Bizler, sorunlar\u0131n &ccedil;&ouml;z&uuml;m&uuml;nden yana tutumumuzu hep s&uuml;rd&uuml;rd&uuml;k. Ancak &ccedil;&ouml;z&uuml;m s&uuml;rekli bir taraf\u0131n fedakarl\u0131\u011f\u0131 &uuml;zerine in\u015fa edilemez. S&uuml;rekli bizim hakl\u0131 oldu\u011fumuzu ifade edip, hi&ccedil;bir \u015fey yapmayanlar, bug&uuml;n itibariyle s&ouml;zle\u015fmesizlik d&ouml;nemine ge&ccedil;i\u015f s&uuml;recini de haz\u0131rlam\u0131\u015flard\u0131r. Bu s&uuml;re&ccedil;te sorumlulu\u011fu bulunanlar\u0131; ellerini ta\u015f\u0131n alt\u0131na koymaya davet ediyoruz. Biz eczac\u0131lar 2004 y\u0131l\u0131ndan bu yana sigortal\u0131lara ila&ccedil; hizmetinin aksamamas\u0131 i&ccedil;in sistemin her t&uuml;rl&uuml; olumsuzlu\u011funa katland\u0131k, hizmeti &ouml;zveriyle s&uuml;rd&uuml;rd&uuml;k.<\/p>\n<p>&nbsp;<\/p>\n<p><strong>AMA ARTIK YETER D\u0130YORUZ!<\/strong><\/p>\n<p>&nbsp;<\/p>\n<p><strong>TALEPLER\u0130M\u0130Z \u015eUNLARDIR:&nbsp;&nbsp; <\/strong><\/p>\n<p>T&uuml;rk Eczac\u0131lar\u0131 Birli\u011fi&#39;nin T&uuml;rkiye&#39;de t&uuml;m eczac\u0131lar ad\u0131na s&ouml;zle\u015fme yapma yetkisini kald\u0131rma &ccedil;abalar\u0131na son verilmesi,<\/p>\n<p>6197 say\u0131l\u0131 yasaya konulmak istenen eczac\u0131-eczac\u0131 ortakl\u0131\u011f\u0131 maddesinin geri &ccedil;ekilmesi,<\/p>\n<p>\u0130la&ccedil; sanayisinin kamuya yapt\u0131\u011f\u0131 iskontolar\u0131n y&uuml;k&uuml;n&uuml;n eczac\u0131 &uuml;zerinden kald\u0131r\u0131lmas\u0131,<\/p>\n<p>Avans uygulamas\u0131ndan vazge&ccedil;ilerek bug&uuml;ne kadar oldu\u011fu gibi fatura &ouml;demelerinin tamam\u0131n\u0131n yap\u0131lmas\u0131,<\/p>\n<p>Eczac\u0131ya meslek hakk\u0131n\u0131n tan\u0131nmas\u0131,<\/p>\n<p>Muayene &uuml;cretlerinin eczaneler arac\u0131l\u0131\u011f\u0131yla tahsili uygulamas\u0131na son verilmesi.<\/p>\n<p>&Uuml;st &ouml;rg&uuml;t&uuml;m&uuml;z T&uuml;rk Eczac\u0131lar\u0131 Birli\u011fi Merkez Heyeti bug&uuml;n noter kanal\u0131yla SGK ile imzalanm\u0131\u015f olan Protokol&#39;&uuml;n h&uuml;k&uuml;mleri gere\u011fi s&ouml;zle\u015fmeyi 1 \u015eubat 2009&#39;dan itibaren fesh etmek &uuml;zere ihtarname g&ouml;ndermi\u015f bulunuyor. Yani bundan tam bir ay sonra S&Ouml;ZLE\u015eMES\u0130Z d&ouml;neme ge&ccedil;i\u015f s&uuml;recini ba\u015flataca\u011f\u0131z. S&ouml;zle\u015fmesiz d&ouml;nemin ne oldu\u011fu a&ccedil;\u0131kt\u0131r. Ortada bir s&ouml;zle\u015fme olmadan, bir taraf\u0131n di\u011fer tarafa hizmet sunmas\u0131 m&uuml;mk&uuml;n de\u011fildir. Yani: sosyal g&uuml;venlik kapsam\u0131ndaki vatanda\u015flar, 1 \u015eubat 2009 tarihinden sonra serbest eczanelerden TC Kimlik Numaralar\u0131 veya karneleri ile ila&ccedil; alamayacaklar. Her ilac\u0131n paras\u0131 fi\u015f veya fatura kar\u015f\u0131l\u0131\u011f\u0131 tahsil edilecektir.<\/p>\n<p>Buradan bir kez daha s&ouml;yl&uuml;yoruz: Bu s&ouml;zle\u015fmesizlik d&ouml;neminin sorumlusu T&uuml;rk Eczac\u0131lar\u0131 Birli\u011fi de\u011fil, taleplerimize kay\u0131ts\u0131z kalan h&uuml;k&uuml;met yetkilileri ve b&uuml;rokratlar\u0131n uzla\u015fmaz tav\u0131rlar\u0131d\u0131r. Taleplerimiz g&ouml;zetilerek ve meslek onurumuza yak\u0131\u015f\u0131r bir \u015fekilde ila&ccedil; hizmeti verebilmemizi sa\u011flayacak bir protokol&uuml;n bu ay i&ccedil;inde imzalanmas\u0131 i&ccedil;in h&acirc;l&acirc; vakit vard\u0131r. Bug&uuml;ne kadar uzla\u015fma ortam\u0131n\u0131n sa\u011flanmas\u0131 i&ccedil;in elimizden gelen t&uuml;m &ccedil;abay\u0131 ortaya koyduk. 32.000 ki\u015finin alanlardaki sesini duymayanlar bu s&uuml;recin y&uuml;k&uuml;n&uuml; bundan sonra ta\u015f\u0131mak zorunda kalacaklar. Bunu bug&uuml;nden kendilerine hat\u0131rlatmak istiyoruz.<\/p>\n<p>Ve en &ouml;nemlisi, uyar\u0131yoruz!<\/p>\n<p>E\u011fer Sosyal G&uuml;venlik Kurumu, bu bir ay i&ccedil;inde T&uuml;rk Eczac\u0131lar\u0131 Birli\u011fi&#39;ni aradan &ccedil;\u0131kar\u0131p elektronik s&ouml;zle\u015fmeyle tek tek eczac\u0131larla anla\u015fma yapma giri\u015fiminde bulunursa t&uuml;m T&uuml;rkiye&#39;de eczac\u0131lar o g&uuml;n kepenk kapatacaklar.<\/p>\n<p>&nbsp;<\/p>\n<p>Sayg\u0131lar\u0131m\u0131zla.<\/p>\n<p>&nbsp;<\/p>\n<p>&nbsp;<\/p>\n<p align=\"right\"><strong>\u0130STANBUL ECZACI ODASI<br \/>Y&Ouml;NET\u0130M KURULU<\/strong><\/p>\n","protected":false},"excerpt":{"rendered":"<p>S\u0130GORTALILAR \u0130LA&Ccedil; ALAMAYACAK&nbsp;&nbsp; &nbsp;&nbsp; \u0130la&ccedil; Al\u0131m Protokol&uuml;n&uuml;n Feshi \u0130le \u0130lgili Bas\u0131n Toplant\u0131s\u0131&nbsp; &nbsp; Bug&uuml;n (Cuma) Oda merkezimizde s&ouml;zle\u015fmesiz d&ouml;neme ge&ccedil;i\u015fle&#46;&#46;&#46;<\/p>\n","protected":false},"author":1,"featured_media":0,"comment_status":"closed","ping_status":"closed","sticky":false,"template":"","format":"standard","meta":{"_jetpack_memberships_contains_paid_content":false,"footnotes":""},"categories":[1],"tags":[],"class_list":["post-3503","post","type-post","status-publish","format-standard","hentry","category-ced"],"aioseo_notices":[],"jetpack_featured_media_url":"","jetpack_sharing_enabled":true,"jetpack-related-posts":[],"_links":{"self":[{"href":"http:\/\/www.ced.org.tr\/index.php?rest_route=\/wp\/v2\/posts\/3503","targetHints":{"allow":["GET"]}}],"collection":[{"href":"http:\/\/www.ced.org.tr\/index.php?rest_route=\/wp\/v2\/posts"}],"about":[{"href":"http:\/\/www.ced.org.tr\/index.php?rest_route=\/wp\/v2\/types\/post"}],"author":[{"embeddable":true,"href":"http:\/\/www.ced.org.tr\/index.php?rest_route=\/wp\/v2\/users\/1"}],"replies":[{"embeddable":true,"href":"http:\/\/www.ced.org.tr\/index.php?rest_route=%2Fwp%2Fv2%2Fcomments&post=3503"}],"version-history":[{"count":0,"href":"http:\/\/www.ced.org.tr\/index.php?rest_route=\/wp\/v2\/posts\/3503\/revisions"}],"wp:attachment":[{"href":"http:\/\/www.ced.org.tr\/index.php?rest_route=%2Fwp%2Fv2%2Fmedia&parent=3503"}],"wp:term":[{"taxonomy":"category","embeddable":true,"href":"http:\/\/www.ced.org.tr\/index.php?rest_route=%2Fwp%2Fv2%2Fcategories&post=3503"},{"taxonomy":"post_tag","embeddable":true,"href":"http:\/\/www.ced.org.tr\/index.php?rest_route=%2Fwp%2Fv2%2Ftags&post=3503"}],"curies":[{"name":"wp","href":"https:\/\/api.w.org\/{rel}","templated":true}]}}