{"id":3504,"date":"2009-01-02T16:22:24","date_gmt":"2009-01-02T14:22:24","guid":{"rendered":"http:\/\/www.ced.org.tr\/?p=3504"},"modified":"2009-01-02T16:22:24","modified_gmt":"2009-01-02T14:22:24","slug":"odemeler-avans-engeline-mi-takildi","status":"publish","type":"post","link":"http:\/\/www.ced.org.tr\/?p=3504","title":{"rendered":"\u00d6DEMELER AVANS ENGEL\u0130NE M\u0130 TAKILDI?"},"content":{"rendered":"<p style=\"margin: 0cm 0cm 0pt\" class=\"MsoNormal\"><font face=\"Times New Roman\" size=\"3\" color=\"#000000\">Sosyal G&uuml;venlik Kurumu Genel M&uuml;d&uuml;rl&uuml;\u011f&uuml; bir karar veremedi\u011fi i&ccedil;in Ekim ay\u0131 &ouml;demeleri fiili olarak gecikiyor.<\/font><\/p>\n<p><font face=\"Times New Roman\" size=\"3\" color=\"#000000\">&nbsp;<\/font> <\/p>\n<p style=\"margin: 0cm 0cm 0pt\" class=\"MsoNormal\"><font face=\"Times New Roman\" size=\"3\" color=\"#000000\">Ge&ccedil;mi\u015f d&ouml;neme ait uygulamalar dikkate al\u0131nd\u0131\u011f\u0131nda bu &ccedil;ok daha net olarak anla\u015f\u0131l\u0131yor. \u015e&ouml;yle ki:<\/font><\/p>\n<p><font face=\"Times New Roman\" size=\"3\" color=\"#000000\">&nbsp;<\/font> <\/p>\n<p style=\"margin: 0cm 0cm 0pt\" class=\"MsoNormal\"><font face=\"Times New Roman\" size=\"3\" color=\"#000000\">\u015eimdiye dek her ay\u0131n 25&rsquo;ine kadar SGK \u0130l M&uuml;d&uuml;rl&uuml;kleri taraf\u0131ndan A ve B grubu re&ccedil;etelere ait fatura bilgileri sisteme giriliyor, Genel M&uuml;d&uuml;rl&uuml;k 25&rsquo;inden sonra il baz\u0131nda girilen bu bilgileri sistemden &ccedil;ekiyor ve en ge&ccedil; bir hafta i&ccedil;inde de &ouml;demeler yap\u0131l\u0131yordu.<\/font><\/p>\n<p><font face=\"Times New Roman\" size=\"3\" color=\"#000000\">&nbsp;<\/font> <\/p>\n<p style=\"margin: 0cm 0cm 0pt\" class=\"MsoNormal\"><font face=\"Times New Roman\" size=\"3\" color=\"#000000\">Ancak Ekim ay\u0131 &ouml;demelerinin avans uygulamas\u0131na tak\u0131ld\u0131\u011f\u0131 anla\u015f\u0131l\u0131yor. Ald\u0131\u011f\u0131m\u0131z bilgilere g&ouml;re, il m&uuml;d&uuml;rl&uuml;kleri taraf\u0131ndan &ouml;deme bilgileri sisteme girildi\u011fi halde genel m&uuml;d&uuml;rl&uuml;k bu bilgileri hen&uuml;z &ccedil;ekmedi. Genel m&uuml;d&uuml;rl&uuml;k bilgileri bug&uuml;n &ccedil;ekse bile, prosed&uuml;r gere\u011fi &ouml;demeler bir hafta gecikecek.<\/font><\/p>\n<p><font face=\"Times New Roman\" size=\"3\" color=\"#000000\">&nbsp;<\/font> <\/p>\n<p style=\"margin: 0cm 0cm 0pt\" class=\"MsoNormal\"><font face=\"Times New Roman\" size=\"3\" color=\"#000000\">SGK yetkililerinin yapt\u0131klar\u0131 a&ccedil;\u0131klamalarda s\u0131k&ccedil;a 5510 say\u0131l\u0131 yasay\u0131 hat\u0131rlatarak avans uygulamas\u0131n\u0131 g&uuml;ndeme getirmi\u015f olmalar\u0131 da bu yorumu g&uuml;&ccedil;lendiriyor.<\/font><\/p>\n<p><font face=\"Times New Roman\" size=\"3\" color=\"#000000\">&nbsp;<\/font> <\/p>\n<p style=\"margin: 0cm 0cm 0pt\" class=\"MsoNormal\"><font face=\"Times New Roman\" size=\"3\" color=\"#000000\">Ancak avansa dayal\u0131 bir uygulaman\u0131n eczac\u0131 kamuoyunda \u015fiddetli tepkilere yol a&ccedil;aca\u011f\u0131n\u0131 tahmin eden SGK yetkililerinin bu karar\u0131 vermekte zorland\u0131\u011f\u0131 g&ouml;r&uuml;l&uuml;yor. T&uuml;m eczac\u0131 kamuoyu avans kesintisi olmadan &ouml;demelerin bir an &ouml;nce yap\u0131lmas\u0131n\u0131 bekliyor.<\/font><\/p>\n","protected":false},"excerpt":{"rendered":"<p>Sosyal G&uuml;venlik Kurumu Genel M&uuml;d&uuml;rl&uuml;\u011f&uuml; bir karar veremedi\u011fi i&ccedil;in Ekim ay\u0131 &ouml;demeleri fiili olarak gecikiyor. &nbsp; Ge&ccedil;mi\u015f d&ouml;neme ait uygulamalar&#46;&#46;&#46;<\/p>\n","protected":false},"author":1,"featured_media":0,"comment_status":"closed","ping_status":"closed","sticky":false,"template":"","format":"standard","meta":{"_jetpack_memberships_contains_paid_content":false,"footnotes":""},"categories":[1],"tags":[],"class_list":["post-3504","post","type-post","status-publish","format-standard","hentry","category-ced"],"aioseo_notices":[],"jetpack_featured_media_url":"","jetpack_sharing_enabled":true,"jetpack-related-posts":[],"_links":{"self":[{"href":"http:\/\/www.ced.org.tr\/index.php?rest_route=\/wp\/v2\/posts\/3504","targetHints":{"allow":["GET"]}}],"collection":[{"href":"http:\/\/www.ced.org.tr\/index.php?rest_route=\/wp\/v2\/posts"}],"about":[{"href":"http:\/\/www.ced.org.tr\/index.php?rest_route=\/wp\/v2\/types\/post"}],"author":[{"embeddable":true,"href":"http:\/\/www.ced.org.tr\/index.php?rest_route=\/wp\/v2\/users\/1"}],"replies":[{"embeddable":true,"href":"http:\/\/www.ced.org.tr\/index.php?rest_route=%2Fwp%2Fv2%2Fcomments&post=3504"}],"version-history":[{"count":0,"href":"http:\/\/www.ced.org.tr\/index.php?rest_route=\/wp\/v2\/posts\/3504\/revisions"}],"wp:attachment":[{"href":"http:\/\/www.ced.org.tr\/index.php?rest_route=%2Fwp%2Fv2%2Fmedia&parent=3504"}],"wp:term":[{"taxonomy":"category","embeddable":true,"href":"http:\/\/www.ced.org.tr\/index.php?rest_route=%2Fwp%2Fv2%2Fcategories&post=3504"},{"taxonomy":"post_tag","embeddable":true,"href":"http:\/\/www.ced.org.tr\/index.php?rest_route=%2Fwp%2Fv2%2Ftags&post=3504"}],"curies":[{"name":"wp","href":"https:\/\/api.w.org\/{rel}","templated":true}]}}