{"id":3506,"date":"2009-01-06T10:30:23","date_gmt":"2009-01-06T08:30:23","guid":{"rendered":"http:\/\/www.ced.org.tr\/?p=3506"},"modified":"2009-01-06T10:30:23","modified_gmt":"2009-01-06T08:30:23","slug":"turkiye-katliami-lanetledi","status":"publish","type":"post","link":"http:\/\/www.ced.org.tr\/?p=3506","title":{"rendered":"T\u00dcRK\u0130YE KATL\u0130AMI LANETLED\u0130"},"content":{"rendered":"<p><font face=\"Times\"><img loading=\"lazy\" decoding=\"async\" src=\"images\/stories\/belgeler\/israilkinama.jpg\" border=\"0\" alt=\"israili k\u0131nama\" title=\"israili k\u0131nama\" hspace=\"4\" width=\"200\" height=\"153\" align=\"left\" \/>3 bine yak\u0131n ki\u015finin bir araya geldi\u011fi eylem saat 13.00&rsquo;de Taksim Tramvay Dura\u011f\u0131&rsquo;nda ba\u015flad\u0131. Eylemciler burada Ortado\u011fu&rsquo;daki emperyalist politikalar\u0131 lanetleyen ve \u0130srail&rsquo;in katletti\u011fi Filistin halk\u0131n\u0131n yan\u0131nda olduklar\u0131n\u0131 belirten sloganlar att\u0131. \u0130srail&rsquo;in b&ouml;lgedeki i\u015fbirlik&ccedil;ileri ABD ve AKP&rsquo;de at\u0131lan sloganlarla protesto edildi.<\/font><\/p>\n<p style=\"margin: 0cm 0cm 0pt\" class=\"MsoNormal\"><font face=\"Times\">Filistin bayraklar\u0131n\u0131n ve \u0130srail&rsquo;i protesto eden d&ouml;vizlerin ta\u015f\u0131nd\u0131\u011f\u0131 eylemde Platform ad\u0131na \u0130stanbul Tabip Odas\u0131 Y&ouml;netim Kurulu &Uuml;yesi H&uuml;seyin Demirdizen bir bas\u0131n a&ccedil;\u0131klamas\u0131 yapt\u0131. Filistin&rsquo;de bug&uuml;n ya\u015fananlar\u0131n bir vah\u015fet ve insanl\u0131k su&ccedil;u oldu\u011funu kaydeden Demirdizen, sald\u0131r\u0131 ve katliam\u0131n derhal sona erdirilmesi gerekti\u011fini s&ouml;yledi. Katliamla Siyonist \u0130srail&rsquo;in barbarl\u0131\u011f\u0131n\u0131n tescillendi\u011fini belirten Demirdizen, Ba\u015fbakan Erdo\u011fan&rsquo;\u0131n yapt\u0131\u011f\u0131 k\u0131nama a&ccedil;\u0131klamas\u0131n\u0131n ise timsah g&ouml;zya\u015f\u0131 d&ouml;kmek oldu\u011funu s&ouml;yledi.<\/font><\/p>\n<p style=\"margin: 0cm 0cm 0pt\" class=\"MsoNormal\"><font face=\"Times\">Timsah g&ouml;zya\u015flar\u0131n\u0131n yeterli olmad\u0131\u011f\u0131n\u0131 s&ouml;yleyen Demirdizen, &ccedil;o\u011funlu\u011fu AKP&rsquo;li milletvekillerinden olu\u015fan T&uuml;rkiye-\u0130srail Dostluk Grubu&rsquo;nun feshedilmesi i&ccedil;in daha ka&ccedil; Filistinlinin &ouml;lmesi gerekti\u011fini sordu?<\/font><\/p>\n<p style=\"margin: 0cm 0cm 0pt\" class=\"MsoNormal\"><font face=\"Times\">Filistin&rsquo;de ya\u015fananlardan i\u015fbirlik&ccedil;i T&uuml;rkiye egemenlerinin de sorumlu oldu\u011funu ifade eden Demirdizen, \u0130srail&rsquo;le olan anla\u015fmalar\u0131n feshedilmesi, b&uuml;y&uuml;kel&ccedil;ilerin geri &ccedil;ekilmesi gerekti\u011fini belirtti.<\/font><\/p>\n<p style=\"margin: 0cm 0cm 0pt\" class=\"MsoNormal\"><font face=\"Times\">Ortado\u011fu halklar\u0131n\u0131n bir arada ya\u015famas\u0131n\u0131n ve bar\u0131\u015f\u0131n ko\u015fulunun ABD ve emperyalistlerin b&ouml;lgeyi terk etmesi oldu\u011funu s&ouml;yleyen Demirdizen, T&uuml;rkiye halk\u0131n\u0131 emperyalizme, siyonizme ve i\u015fbirlik&ccedil;ilere kar\u015f\u0131 birle\u015fmeye ve m&uuml;cadele etmeye &ccedil;a\u011f\u0131rd\u0131.<\/font><\/p>\n<p style=\"margin: 0cm 0cm 0pt\" class=\"MsoNormal\"><font face=\"Times\">A&ccedil;\u0131klaman\u0131n ard\u0131ndan eylem sonland\u0131r\u0131ld\u0131 ancak kitle da\u011f\u0131lmayarak \u0130stiklal Caddesi&rsquo;ne do\u011fru y&uuml;r&uuml;meye ba\u015flad\u0131. Taksim&rsquo;den ba\u015flayan fiili y&uuml;r&uuml;y&uuml;\u015f binlerce ki\u015finin kat\u0131l\u0131m\u0131yla T&uuml;nel&rsquo;e kadar devam etti. T&uuml;nel&rsquo;e gelindi\u011finde Filistin&rsquo;de hayat\u0131n\u0131 kaybedenler i&ccedil;in sayg\u0131 duru\u015fu yap\u0131ld\u0131. Burada da bir k&uuml;rs&uuml; kuran eylemciler AKP, \u0130srail&rsquo;le olan ili\u015fkileri sonland\u0131rana, ortak askeri projeleri durdurana kadar ellerinin i\u015fbirlik&ccedil;ilerin yakas\u0131nda oldu\u011funu s&ouml;yledi.<\/font><\/p>\n<p><font face=\"Times\">&nbsp;<\/font> <\/p>\n<p style=\"margin: 0cm 0cm 0pt\" class=\"MsoNormal\"><font face=\"Times\">\u0130STANBUL<\/font><\/p>\n<p style=\"margin: 0cm 0cm 0pt\" class=\"MsoNormal\"><font face=\"Times\">\u0130stanbul&quot;da, \u0130srail Konsoloslu\u011fu &ouml;n&uuml;nde toplanan yakla\u015f\u0131k 750 ki\u015filik bir grup, \u0130srail&quot;in Gazze&quot;ye y&ouml;nelik kara harekat\u0131n\u0131 protesto etti. Ankara&quot;da ise Birle\u015fmi\u015f Milletler temsilcili\u011fi &ouml;n&uuml;nde g&ouml;steri yap\u0131ld\u0131. \u0130srail&quot;in Levent&quot;teki ba\u015fkonsolosluk binas\u0131na y&uuml;r&uuml;yen grup, B&uuml;y&uuml;kdere Caddesi&quot;nin iki \u015feridini trafi\u011fe kapatt\u0131.<\/font><\/p>\n<p style=\"margin: 0cm 0cm 0pt\" class=\"MsoNormal\"><font face=\"Times\">Ellerinde Filistin ve T&uuml;rk bayraklar\u0131 bulunan grup, &quot;Siyonist el&ccedil;ilik kapat\u0131ls\u0131n&quot;, &quot;Filistin yaln\u0131z de\u011fildir&quot; \u015feklinde sloganlar att\u0131.<\/font><\/p>\n<p style=\"margin: 0cm 0cm 0pt\" class=\"MsoNormal\"><font face=\"Times\">Trafi\u011fi k\u0131smen aksatarak \u0130srail aleyhinde sloganlar atan grup, &quot;Filistin&quot;deki M&uuml;sl&uuml;manlar&quot;\u0131n kurtulu\u015fu&quot; i&ccedil;in dua etti.<\/font><\/p>\n<p style=\"margin: 0cm 0cm 0pt\" class=\"MsoNormal\"><font face=\"Times\">B&uuml;y&uuml;kdere Caddesi&quot;nden \u0130srail Ba\u015fkonsoloslu\u011fu&quot;na y&uuml;r&uuml;mek isteyen grup, panzerlerin de deste\u011finde &ccedil;evrede yo\u011fun &ouml;nlemler alan g&uuml;venlik kuvvetlerince durduruldu.<\/font><\/p>\n<p style=\"margin: 0cm 0cm 0pt\" class=\"MsoNormal\"><font face=\"Times\">K\u0131sa s&uuml;reli ya\u015fanan arbede s\u0131ras\u0131nda polis bariyerini a\u015farak ba\u015fkonsolosluk &ouml;n&uuml;ne gelen baz\u0131 eylemciler, burada da &ouml;nlem alan polislerce engellenerek, yerle\u015fke d\u0131\u015f\u0131na &ccedil;\u0131kart\u0131ld\u0131.<\/font><\/p>\n<p style=\"margin: 0cm 0cm 0pt\" class=\"MsoNormal\"><font face=\"Times\">Bu s\u0131rada polisten ald\u0131\u011f\u0131 izinle bir otomobilin &uuml;zerine &ccedil;\u0131kan bir ki\u015fi, gruba &quot;sakin olmalar\u0131&quot; &ccedil;a\u011fr\u0131s\u0131nda bulundu. Bunun &uuml;zerine B&uuml;y&uuml;kdere Caddesinde yeniden bir araya gelen grup, toplu \u015fekilde yap\u0131lan duan\u0131n ard\u0131ndan yakla\u015f\u0131k 4 saat s&uuml;ren protesto g&ouml;sterisini bitirdi.<\/font><\/p>\n<p style=\"margin: 0cm 0cm 0pt\" class=\"MsoNormal\"><font face=\"Times\">&Ouml;te yandan, ba\u015fkonsoloslu\u011fun bulundu\u011fu soka\u011f\u0131n giri\u015findeki bir \u015firkete ait plazan\u0131n &ouml;n&uuml;ndeki \u015firket flamalar\u0131 g&ouml;stericiler taraf\u0131ndan direklerden indirilerek, yerine 2 adet Filistin bayra\u011f\u0131 as\u0131ld\u0131. Sald\u0131r\u0131larda hayatlar\u0131n\u0131 kaybedenlerin posterlerini ta\u015f\u0131yan g&ouml;stericiler \u0130srail bayra\u011f\u0131 da yakt\u0131.<\/font><\/p>\n<p><font face=\"Times\">&nbsp;<\/font> <\/p>\n<p style=\"margin: 0cm 0cm 0pt\" class=\"MsoNormal\"><font face=\"Times\"><img loading=\"lazy\" decoding=\"async\" style=\"width: 237px; height: 412px\" src=\"images\/stories\/belgeler\/israilkinama1.jpg\" border=\"0\" alt=\"israili k\u0131nama\" title=\"israili k\u0131nama\" hspace=\"4\" vspace=\"4\" width=\"237\" height=\"412\" align=\"left\" \/>ANKARA<\/font><\/p>\n<p style=\"margin: 0cm 0cm 0pt\" class=\"MsoNormal\"><font face=\"Times\">Ankara Alperen Ocaklar\u0131na &uuml;ye bir grup, \u0130srail&quot;in Gazze&quot;ye d&uuml;zenledi\u011fi sald\u0131r\u0131lar\u0131 protesto etti.<\/font><\/p>\n<p style=\"margin: 0cm 0cm 0pt\" class=\"MsoNormal\"><font face=\"Times\">Birle\u015fmi\u015f Milletler (BM) temsilcili\u011fi &ouml;n&uuml;ne, saat 01.30 s\u0131ralar\u0131nda<span>&nbsp; <\/span>yakla\u015f\u0131k 30 ara&ccedil;tan olu\u015fan konvoyla gelen gruptakiler, tekbir getirip &quot;&quot;Kahrolsun \u0130srail&quot;&quot; sloganlar\u0131 atarak, binaya kartopu ve yoldaki plastik trafik kukalar\u0131n\u0131 f\u0131rlatt\u0131. <\/font><\/p>\n<p style=\"margin: 0cm 0cm 0pt\" class=\"MsoNormal\"><font face=\"Times\">Ankara Alperen Ocaklar\u0131 Ba\u015fkan\u0131 Resul G&ouml;khan Koru&ccedil;, yapt\u0131\u011f\u0131 a&ccedil;\u0131klamada, \u0130srail&quot;in Gazze&quot;ye y&ouml;nelik sald\u0131r\u0131lar\u0131n\u0131 hat\u0131rlatarak, \u0130srail&quot;i k\u0131nama noktas\u0131n\u0131 a\u015ft\u0131klar\u0131n\u0131 s&ouml;yledi.<\/font><\/p>\n<p style=\"margin: 0cm 0cm 0pt\" class=\"MsoNormal\"><font face=\"Times\">&quot;&quot;\u0130slam &uuml;mmetini sahipsiz sananlar yan\u0131lmaktad\u0131r&quot;&quot; diyen Koru&ccedil;, Gazze ve Filistin&quot;deki di\u011fer \u015fehirlerin M&uuml;sl&uuml;manlar i&ccedil;in kutsal oldu\u011funu ifade etti. Koru&ccedil;, \u0130srail&quot;e kar\u015f\u0131 M&uuml;sl&uuml;manlar\u0131 birlik olmaya &ccedil;a\u011f\u0131rarak, &quot;&quot;BM&quot;nin bug&uuml;nk&uuml; onursuz duru\u015fu, dirayetsizli\u011fiyle 2. D&uuml;nya Sava\u015f\u0131&quot;na sebep olmu\u015f Milletler Cemiyeti ile ayn\u0131d\u0131r&quot;&quot; dedi.<\/font><\/p>\n<p style=\"margin: 0cm 0cm 0pt\" class=\"MsoNormal\"><font face=\"Times\">\u0130lerleyen g&uuml;nlerde 500 ki\u015filik bir grupla \u0130srail&quot;e gideceklerini belirten Koru&ccedil;, maddi manevi, her anlamda Filistin&quot;in yan\u0131nda olduklar\u0131n\u0131 s&ouml;yledi.<\/font><\/p>\n<p><font face=\"Times\">&nbsp;<\/font> <\/p>\n<p style=\"margin: 0cm 0cm 0pt\" class=\"MsoNormal\"><font face=\"Times\">\u015eANLIURFA:<\/font><\/p>\n<p style=\"margin: 0cm 0cm 0pt\" class=\"MsoNormal\"><font face=\"Times\">\u015eanl\u0131urfa&quot;da &ouml;\u011fle namaz\u0131 sonras\u0131 tarihi Bal\u0131kl\u0131g&ouml;l&quot;de toplanan bir grup, \u0130srail&quot;in Gazze&quot;ye y&ouml;nelik sald\u0131r\u0131lar\u0131n\u0131 protesto etti. Baz\u0131 sivil toplum &ouml;rg&uuml;tlerinin deste\u011fiyle &ouml;\u011fle namaz\u0131n\u0131n ard\u0131ndan Bal\u0131kl\u0131g&ouml;l&quot;deki Hz. \u0130brahim&quot;in do\u011fdu\u011fu rivayet edilen Dergah b&ouml;lgesinde toplanan vatanda\u015flar, &uuml;zerinde &quot;&Ccedil;ocuk katili \u0130srail&quot;, &quot;Hepimiz Filistinliyiz&quot; yaz\u0131l\u0131 d&ouml;vizlerle tekbir getirerek \u0130srail ve ABD aleyhine bir s&uuml;re slogan att\u0131. Baz\u0131 sivil toplum kurulu\u015flar\u0131n\u0131n temsilcilerinin konu\u015fma yapmas\u0131n\u0131n ard\u0131ndan gruptakiler, Filistinliler i&ccedil;in birlikte dua etti.<\/font><\/p>\n<p style=\"margin: 0cm 0cm 0pt\" class=\"MsoNormal\"><font face=\"Times\">Bu arada gruptakilerden baz\u0131lar\u0131n\u0131n Filistinlilerin kulland\u0131\u011f\u0131 &quot;Kassam roketlerinin&quot; maketlerini ta\u015f\u0131d\u0131\u011f\u0131 g&ouml;r&uuml;ld&uuml;. Polisin yo\u011fun g&uuml;venlik &ouml;nlemi ald\u0131\u011f\u0131 eyleme kat\u0131lanlar, daha sonra da\u011f\u0131ld\u0131.<\/font><\/p>\n<p><font face=\"Times\">&nbsp;<\/font> <\/p>\n<p style=\"margin: 0cm 0cm 0pt\" class=\"MsoNormal\"><font face=\"Times\">I\u011eDIR:<\/font><\/p>\n<p style=\"margin: 0cm 0cm 0pt\" class=\"MsoNormal\"><font face=\"Times\">I\u011fd\u0131r Baro Ba\u015fkan\u0131 Mustafa Bulu\u015f, \u0130srail&quot;in Gazze&quot;ye d&uuml;zenledi\u011fi sald\u0131r\u0131lar\u0131 k\u0131nad\u0131klar\u0131n\u0131 bildirdi.<\/font><\/p>\n<p style=\"margin: 0cm 0cm 0pt\" class=\"MsoNormal\"><font face=\"Times\">Bulu\u015f, yapt\u0131\u011f\u0131 yaz\u0131l\u0131 yaz\u0131l\u0131 a&ccedil;\u0131klamada, \u0130srail&quot;in sald\u0131r\u0131s\u0131n\u0131 hakl\u0131 k\u0131lacak hi&ccedil;bir nedenin bulunmad\u0131\u011f\u0131n\u0131 ifade etti.<\/font><\/p>\n<p style=\"margin: 0cm 0cm 0pt\" class=\"MsoNormal\"><font face=\"Times\">Filistin&quot;deki sald\u0131r\u0131larda 500&quot;e yak\u0131n sivilin hayat\u0131n\u0131 kaybetti\u011fine dikkat &ccedil;eken Bulu\u015f, &quot;\u0130srail ordusunca hem havadan hem karadan f&uuml;zelerle yap\u0131lan sald\u0131r\u0131da vurulan hedeflerin &ouml;nemli bir k\u0131sm\u0131 sivil halk\u0131n yerle\u015fim alanlar\u0131d\u0131r. Nitekim &ouml;lenlerin &ouml;nemli bir k\u0131sm\u0131n\u0131n sivil halk olmas\u0131 da bu ger&ccedil;e\u011fi apa&ccedil;\u0131k ortaya koymaktad\u0131r. Teknolojik silahlar\u0131n kullan\u0131larak sivil halk\u0131n hedef se&ccedil;ilmesi tam bir vah\u015fettir. ABD ba\u015fta olmak &uuml;zere BM, AB &uuml;lkeleri ve Arap d&uuml;nyas\u0131n\u0131n &ouml;nemli bir k\u0131sm\u0131 bu vah\u015fete sessiz kalmakta ve hatta sebep olarak Filistin&quot;deki baz\u0131 gruplar\u0131 g&ouml;stermektedir. Bu vah\u015fet en temel insan haklar\u0131ndan ya\u015fam hakk\u0131n\u0131n ihlali olup, bu ihlal kar\u015f\u0131s\u0131nda d&uuml;nyan\u0131n sessiz kalmas\u0131, bu ihlale ve zulme ortak olmas\u0131 demektir&quot; dedi.<\/font><\/p>\n<p><font face=\"Times\">&nbsp;<\/font> <\/p>\n<p style=\"margin: 0cm 0cm 0pt\" class=\"MsoNormal\"><font face=\"Times\">R\u0130ZE:<\/font><\/p>\n<p style=\"margin: 0cm 0cm 0pt\" class=\"MsoNormal\"><font face=\"Times\">Rize&quot;de bir grup esnaf, \u0130srail&quot;in Gazze&quot;ye d&uuml;zenledi\u011fi sald\u0131r\u0131lar\u0131 protesto etti.<\/font><\/p>\n<p style=\"margin: 0cm 0cm 0pt\" class=\"MsoNormal\"><font face=\"Times\">Cumhuriyet Meydan\u0131 Atat&uuml;rk An\u0131t\u0131 &ouml;n&uuml;ne gelen ve &quot;&Ccedil;ocuklar &ouml;lmesin, &ccedil;ocuklar bizim&quot;, &quot;Camiye uzanan eller k\u0131r\u0131ls\u0131n&quot; yaz\u0131l\u0131 d&ouml;vizler ta\u015f\u0131yan yakla\u015f\u0131k grup, tekbir getirip &quot;Kahrolsun \u0130srail&quot;, &quot;Gazze \u0130srail&quot;e mezar olacak&quot; sloganlar\u0131 att\u0131. Grup daha sonra \u0130srail bayra\u011f\u0131n\u0131 yakt\u0131<\/font><\/p>\n<p><font face=\"Times\">&nbsp;<\/font> <\/p>\n<p style=\"margin: 0cm 0cm 0pt\" class=\"MsoNormal\"><font face=\"Times\">D\u0130YARBAKIR&rsquo;DA TOPLU NAMAZLA PROTESTO<\/font><\/p>\n<p style=\"margin: 0cm 0cm 0pt\" class=\"MsoNormal\"><font face=\"Times\">Diyarbak\u0131r Gazze Giri\u015fimi, \u0130srail&quot;in Gazze&quot;ye y&ouml;nelik bombal\u0131 sald\u0131r\u0131s\u0131n\u0131 k\u0131namak i&ccedil;in \u0130stasyon Meydan\u0131&quot;nda miting d&uuml;zenledi. Mitinge, \u0130HH \u0130nsani Yard\u0131m Vakf\u0131 Genel Ba\u015fkan\u0131 B&uuml;lent Y\u0131ld\u0131r\u0131m, Yazar Mola Mahmut K\u0131l\u0131&ccedil;, Yazar Abdurrahman Dilipak, sivil toplum kurulu\u015flar\u0131 ve siyasi parti temsilcilerinin yan\u0131s\u0131ra binlerce ki\u015fi kat\u0131ld\u0131.<\/font><\/p>\n<p style=\"margin: 0cm 0cm 0pt\" class=\"MsoNormal\"><font face=\"Times\">&quot;Filistin i&ccedil;in g&uuml;venlik &ouml;nlemi&quot;, &quot;Zalimler i&ccedil;in ya\u015fas\u0131n cehennem&quot;, &quot;Bij&icirc; berxwedana Fil&icirc;st&icirc;n&quot;, &quot;Gazze&quot;ye, Hamasa, direni\u015fe bin selam&quot;, &quot;Ji s&ecirc;viy&ecirc;n &ucirc;mmet&ecirc; Hamas&ecirc; ra bi hezar silav&quot;, &quot;Kahrolsu \u0130srail&quot;, &quot;Konya \u0130srail u&ccedil;aklar\u0131na kapat\u0131ls\u0131n&quot; ve &quot;\u0130srail ile stratejik ili\u015fkiye son verilsin&quot; yaz\u0131l\u0131 pankart ve d&ouml;vizler ta\u015f\u0131nd\u0131. &quot;Bij&icirc; Fil&icirc;st&icirc;n&quot;, &quot;Kahrolsun \u0130srail&quot;, &quot;Hepimiz Filistinliyiz&quot;, &quot;Katil ABD Ortado\u011fu&quot;dan defol&quot; ve &quot;Gazze siyonizme mezar olacak&quot; sloganlar\u0131n\u0131n at\u0131ld\u0131\u011f\u0131 mitingde, \u0130srail bayraklar\u0131, Arap liderleri ve ABD Ba\u015fkan\u0131 Bush&quot;un foto\u011fraflar\u0131 ayaklar at\u0131lan al\u0131n\u0131rken, alanda bir&ccedil;ok ki\u015finin namaz k\u0131lmas\u0131 dikkat &ccedil;ekti. Filistin&quot;e yard\u0131m i&ccedil;in yemek stantlar\u0131n\u0131n a&ccedil;\u0131ld\u0131\u011f\u0131 mitingde, kitle Filistin bayraklar\u0131 ve Filistin direni\u015f&ccedil;ilerinin foto\u011fraflar\u0131 ta\u015f\u0131nd\u0131. Kad\u0131nlar\u0131n mitinge yo\u011fun kat\u0131l\u0131m\u0131 dikkat &ccedil;ekerken, kukladan yap\u0131lm\u0131\u015f &ccedil;ocuk &ouml;l&uuml;lerinin ta\u015f\u0131nd\u0131\u011f\u0131 alanda g&uuml;vercinler u&ccedil;uruldu ve \u0130srail bayraklar\u0131 yak\u0131ld\u0131.<\/font><\/p>\n","protected":false},"excerpt":{"rendered":"<p>3 bine yak\u0131n ki\u015finin bir araya geldi\u011fi eylem saat 13.00&rsquo;de Taksim Tramvay Dura\u011f\u0131&rsquo;nda ba\u015flad\u0131. Eylemciler burada Ortado\u011fu&rsquo;daki emperyalist politikalar\u0131 lanetleyen&#46;&#46;&#46;<\/p>\n","protected":false},"author":1,"featured_media":0,"comment_status":"closed","ping_status":"closed","sticky":false,"template":"","format":"standard","meta":{"_jetpack_memberships_contains_paid_content":false,"footnotes":""},"categories":[1],"tags":[],"class_list":["post-3506","post","type-post","status-publish","format-standard","hentry","category-ced"],"aioseo_notices":[],"jetpack_featured_media_url":"","jetpack_sharing_enabled":true,"jetpack-related-posts":[],"_links":{"self":[{"href":"http:\/\/www.ced.org.tr\/index.php?rest_route=\/wp\/v2\/posts\/3506","targetHints":{"allow":["GET"]}}],"collection":[{"href":"http:\/\/www.ced.org.tr\/index.php?rest_route=\/wp\/v2\/posts"}],"about":[{"href":"http:\/\/www.ced.org.tr\/index.php?rest_route=\/wp\/v2\/types\/post"}],"author":[{"embeddable":true,"href":"http:\/\/www.ced.org.tr\/index.php?rest_route=\/wp\/v2\/users\/1"}],"replies":[{"embeddable":true,"href":"http:\/\/www.ced.org.tr\/index.php?rest_route=%2Fwp%2Fv2%2Fcomments&post=3506"}],"version-history":[{"count":0,"href":"http:\/\/www.ced.org.tr\/index.php?rest_route=\/wp\/v2\/posts\/3506\/revisions"}],"wp:attachment":[{"href":"http:\/\/www.ced.org.tr\/index.php?rest_route=%2Fwp%2Fv2%2Fmedia&parent=3506"}],"wp:term":[{"taxonomy":"category","embeddable":true,"href":"http:\/\/www.ced.org.tr\/index.php?rest_route=%2Fwp%2Fv2%2Fcategories&post=3506"},{"taxonomy":"post_tag","embeddable":true,"href":"http:\/\/www.ced.org.tr\/index.php?rest_route=%2Fwp%2Fv2%2Ftags&post=3506"}],"curies":[{"name":"wp","href":"https:\/\/api.w.org\/{rel}","templated":true}]}}