{"id":3507,"date":"2009-01-06T17:25:19","date_gmt":"2009-01-06T15:25:19","guid":{"rendered":"http:\/\/www.ced.org.tr\/?p=3507"},"modified":"2009-01-06T17:25:19","modified_gmt":"2009-01-06T15:25:19","slug":"nafile-caba","status":"publish","type":"post","link":"http:\/\/www.ced.org.tr\/?p=3507","title":{"rendered":"NAF\u0130LE \u00c7ABA!"},"content":{"rendered":"<p style=\"margin: 0cm 0cm 0pt\" class=\"MsoNormal\"><font face=\"Times New Roman\" size=\"3\">Bug\u00fcne kadar eczac\u0131n\u0131n sorunlar\u0131na kulak t\u0131kayanlar, \u00f6rg\u00fctl\u00fc g\u00fcc\u00fcm\u00fcz\u00fc g\u00f6r\u00fcnce olmad\u0131k yollar ar\u0131yorlar. Malum medya yoluyla eczac\u0131larla E-s\u00f6zle\u015fme yap\u0131laca\u011f\u0131, sorunun halledildi\u011fi yalan\u0131n\u0131 yay\u0131yorlar.<\/font><\/p>\n<p><font face=\"Times New Roman\" size=\"3\">\u00a0<\/font> <\/p>\n<p style=\"margin: 0cm 0cm 0pt\" class=\"MsoNormal\"><font face=\"Times New Roman\" size=\"3\">Ancak bu nafile bir \u00e7abad\u0131r.<\/font><\/p>\n<p><font face=\"Times New Roman\" size=\"3\">\u00a0<\/font> <\/p>\n<p style=\"margin: 0cm 0cm 0pt\" class=\"MsoNormal\"><font face=\"Times New Roman\" size=\"3\">T\u00fcm Anadolu&#8217;da oldu\u011fu gibi \u0130stanbul&#8217;da da eczac\u0131 iradesini ortaya koymu\u015f, son s\u00f6z\u00fcn\u00fc s\u00f6ylemi\u015ftir: \u0130stanbul&#8217;daki t\u00fcm s\u00f6zle\u015fmeli eczac\u0131lar tek ba\u015flar\u0131na s\u00f6zle\u015fme yapmayacaklar\u0131n\u0131 beyan ederek, 21 Aral\u0131k&#8217;ta Ankara&#8217;da onbinlerce meslekta\u015f\u0131yla bir araya gelerek \u00f6rg\u00fct\u00fcne deste\u011fini ve ya\u015fananlara tepkisini ortaya koymu\u015ftur.<\/font><\/p>\n<p><font face=\"Times New Roman\" size=\"3\">\u00a0<\/font> <\/p>\n<p style=\"margin: 0cm 0cm 0pt\" class=\"MsoNormal\"><font face=\"Times New Roman\" size=\"3\">Eczac\u0131, \u00f6rg\u00fctl\u00fc olman\u0131n de\u011ferini ve g\u00fcc\u00fcn\u00fc en iyi bilen meslek grubudur. \u00c7\u00fcnk\u00fc;<\/font><\/p>\n<p><font face=\"Times New Roman\" size=\"3\">\u00a0<\/font> <\/p>\n<ul style=\"margin-top: 0cm\">\n<li class=\"MsoNormal\" style=\"margin: 0cm 0cm 0pt; tab-stops: list 36.0pt\"><font face=\"Times New Roman\" size=\"3\">Onbinlerce meslekta\u015f\u0131yla yan yana durdu\u011funda bile kendisini g\u00f6rmezden gelenlerin, tek ba\u015f\u0131na kald\u0131\u011f\u0131nda hakk\u0131n\u0131, hukukunu t\u00fcm\u00fcyle hi\u00e7e sayaca\u011f\u0131n\u0131; <\/font><\/li>\n<\/ul>\n<p><font face=\"Times New Roman\" size=\"3\">\u00a0<\/font> <\/p>\n<ul style=\"margin-top: 0cm\">\n<li class=\"MsoNormal\" style=\"margin: 0cm 0cm 0pt; tab-stops: list 36.0pt\"><font face=\"Times New Roman\" size=\"3\">\u00d6demelerini zaman\u0131nda ve tam olarak almas\u0131n\u0131n ancak bir hayal olaca\u011f\u0131n\u0131; <\/font><\/li>\n<\/ul>\n<p><font face=\"Times New Roman\" size=\"3\">\u00a0<\/font> <\/p>\n<ul style=\"margin-top: 0cm\">\n<li class=\"MsoNormal\" style=\"margin: 0cm 0cm 0pt; tab-stops: list 36.0pt\"><font face=\"Times New Roman\" size=\"3\">S\u0131rt\u0131na bindirilen sanayi iskontolar\u0131ndan kurtulmak bir yana, gelecek yeni dayatmalara kar\u015f\u0131 t\u00fcm\u00fcyle savunmas\u0131z kalaca\u011f\u0131n\u0131; <\/font><\/li>\n<\/ul>\n<p><font face=\"Times New Roman\" size=\"3\">\u00a0<\/font> <\/p>\n<ul style=\"margin-top: 0cm\">\n<li class=\"MsoNormal\" style=\"margin: 0cm 0cm 0pt; tab-stops: list 36.0pt\"><font face=\"Times New Roman\" size=\"3\">Zaten ucu ucuna denk getirmeye \u00e7al\u0131\u015ft\u0131\u011f\u0131 b\u00fct\u00e7esinin, avans ad\u0131 alt\u0131nda yap\u0131lacak kesintiler ile t\u00fcm\u00fcyle \u00e7\u00f6kece\u011fini; <\/font><\/li>\n<\/ul>\n<p><font face=\"Times New Roman\" size=\"3\">\u00a0<\/font> <\/p>\n<ul style=\"margin-top: 0cm\">\n<li class=\"MsoNormal\" style=\"margin: 0cm 0cm 0pt; tab-stops: list 36.0pt\"><font face=\"Times New Roman\" size=\"3\">Muayene \u00fccretleri tahsilat\u0131n\u0131n yan\u0131nda daha bir\u00e7ok yeni angaryan\u0131n s\u0131rt\u0131na y\u00fcklenece\u011fini; <\/font><\/li>\n<\/ul>\n<p><font face=\"Times New Roman\" size=\"3\">\u00a0<\/font> <\/p>\n<ul style=\"margin-top: 0cm\">\n<li class=\"MsoNormal\" style=\"margin: 0cm 0cm 0pt; tab-stops: list 36.0pt\"><font face=\"Times New Roman\" size=\"3\">Re\u00e7ete kar\u015f\u0131lama ko\u015fullar\u0131n\u0131n bug\u00fcnden yar\u0131na s\u00fcrekli de\u011fi\u015ftirilmesini, re\u00e7ete kontrollerinde yap\u0131lacak haks\u0131z kesintileri ba\u015ftan kabul etmek zorunda kalaca\u011f\u0131n\u0131 <\/font><\/li>\n<\/ul>\n<p><font face=\"Times New Roman\" size=\"3\">\u00a0<\/font> <\/p>\n<p style=\"margin: 0cm 0cm 0pt\" class=\"MsoNormal\"><font face=\"Times New Roman\" size=\"3\">Eczac\u0131 \u00e7ok iyi bilmektedir.<\/font><\/p>\n<p><font face=\"Times New Roman\" size=\"3\">\u00a0<\/font> <\/p>\n<p style=\"margin: 0cm 0cm 0pt\" class=\"MsoNormal\"><font face=\"Times New Roman\" size=\"3\">Evet bu nafile bir \u00e7abad\u0131r!<\/font><\/p>\n<p><font face=\"Times New Roman\" size=\"3\">\u00a0<\/font> <\/p>\n<p style=\"margin: 0cm 0cm 0pt\" class=\"MsoNormal\"><font face=\"Times New Roman\" size=\"3\">Eczac\u0131, yasalara sayg\u0131l\u0131, meslek eti\u011fine ba\u011fl\u0131, eksiksiz bir sa\u011fl\u0131k hizmeti vermek \u00fczere elini ta\u015f\u0131n alt\u0131na koymaktan bug\u00fcne kadar hi\u00e7 \u00e7ekinmemi\u015f, \u00f6zveriyle sa\u011fl\u0131k sisteminin y\u00fck\u00fcn\u00fc omuzlam\u0131\u015f bir sa\u011fl\u0131k \u00e7al\u0131\u015fan\u0131d\u0131r.<\/font><\/p>\n<p><font face=\"Times New Roman\" size=\"3\">\u00a0<\/font> <\/p>\n<p style=\"margin: 0cm 0cm 0pt\" class=\"MsoNormal\"><font face=\"Times New Roman\" size=\"3\">Eczac\u0131, sorunlar\u0131n \u00e7\u00f6z\u00fcm\u00fcn\u00fcn ancak \u00f6rg\u00fctl\u00fc g\u00fcc\u00fc ile m\u00fcmk\u00fcn oldu\u011funun bilincindedir.<\/font><\/p>\n<p style=\"margin: 0cm 0cm 0pt\" class=\"MsoNormal\"><font face=\"Times New Roman\" size=\"3\">Bu ger\u00e7e\u011fi, bug\u00fcne kadar defalarca, \u00fcstelik T\u00fcrkiye&#8217;yi sarsan eylemlerle de ortaya koymu\u015ftur.<\/font><\/p>\n<p style=\"margin: 0cm 0cm 0pt\" class=\"MsoNormal\"><font face=\"Times New Roman\" size=\"3\">Eczac\u0131, kendisi ad\u0131na s\u00f6zle\u015fme yapma yetkisinin yasalarla T\u00fcrk Eczac\u0131lar\u0131 Birli\u011fi&#8217;ne verildi\u011fini, deontolojik kurallar\u0131, yasalar\u0131 iyi bilir. \u00d6rg\u00fct\u00fcn\u00fcn arkas\u0131ndad\u0131r. Yeni sorunlar de\u011fil, var olan sorunlar\u0131n \u00e7\u00f6z\u00fcm\u00fcn\u00fc ister.<\/font><\/p>\n<p><font face=\"Times New Roman\" size=\"3\">\u00a0<\/font> <\/p>\n<p style=\"margin: 0cm 0cm 0pt\" class=\"MsoNormal\"><font face=\"Times New Roman\" size=\"3\">Sorunlar\u0131n \u00e7\u00f6z\u00fcm\u00fcne katk\u0131 yapmak isteyenler de eczac\u0131n\u0131n kararl\u0131l\u0131\u011f\u0131n\u0131 iyi anlamal\u0131, onun \u00f6rg\u00fctl\u00fc g\u00fcc\u00fc ile masaya oturmal\u0131 ve anla\u015fman\u0131n yollar\u0131n\u0131 aramal\u0131d\u0131r.<\/font><\/p>\n<p style=\"margin: 0cm 0cm 0pt\" class=\"MsoNormal\"><font face=\"Times New Roman\" size=\"3\">Eczac\u0131, mesle\u011fin bir d\u00f6n\u00fcm noktas\u0131nda oldu\u011funun, mesleki birli\u011fin hi\u00e7bir zaman \u015fu anki kadar \u00f6nemli olmad\u0131\u011f\u0131n\u0131n bilincindedir. <\/font><\/p>\n<p><font face=\"Times New Roman\" size=\"3\">\u00a0<\/font> <\/p>\n<p style=\"margin: 0cm 0cm 0pt\" class=\"MsoNormal\"><font face=\"Times New Roman\" size=\"3\">Eczac\u0131, bu mesle\u011fin giderek yap\u0131lamaz bir hale getirilmek istendi\u011finin fark\u0131ndad\u0131r. Eczac\u0131 kenetlenmi\u015ftir, meslek \u00f6rg\u00fct\u00fcn\u00fcn arkas\u0131nda bir kale gibi durmaktad\u0131r. Ancak \u00f6rg\u00fctl\u00fc g\u00fcc\u00fcyle sorunlar\u0131n \u00e7\u00f6z\u00fclece\u011finin bilincindedir. Kimsenin ku\u015fkusu olmas\u0131n ki bu g\u00fcc\u00fc g\u00f6renler, bu ger\u00e7e\u011fi alg\u0131layanlar, onun gereklerini de yerine getirmek zorunda kalacaklar ve sorunlar ancak b\u00f6yle \u00e7\u00f6z\u00fclecektir.<\/font><\/p>\n<p><font face=\"Times New Roman\" size=\"3\">\u00a0<\/font> <\/p>\n<p style=\"margin: 0cm 0cm 0pt\" class=\"MsoNormal\"><font face=\"Times New Roman\" size=\"3\">\u0130stanbul Eczac\u0131 Odas\u0131<\/font><\/p>\n<p style=\"margin: 0cm 0cm 0pt\" class=\"MsoNormal\"><font face=\"Times New Roman\" size=\"3\">Y\u00f6netim Kurulu<\/font><\/p>\n<p><font face=\"Times New Roman\" size=\"3\">\u00a0<\/font><\/p>\n","protected":false},"excerpt":{"rendered":"<p>Bug\u00fcne kadar eczac\u0131n\u0131n sorunlar\u0131na kulak t\u0131kayanlar, \u00f6rg\u00fctl\u00fc g\u00fcc\u00fcm\u00fcz\u00fc g\u00f6r\u00fcnce olmad\u0131k yollar ar\u0131yorlar. Malum medya yoluyla eczac\u0131larla E-s\u00f6zle\u015fme yap\u0131laca\u011f\u0131, sorunun halledildi\u011fi&#46;&#46;&#46;<\/p>\n","protected":false},"author":1,"featured_media":0,"comment_status":"closed","ping_status":"closed","sticky":false,"template":"","format":"standard","meta":{"_jetpack_memberships_contains_paid_content":false,"footnotes":""},"categories":[1],"tags":[],"class_list":["post-3507","post","type-post","status-publish","format-standard","hentry","category-ced"],"aioseo_notices":[],"jetpack_featured_media_url":"","jetpack_sharing_enabled":true,"jetpack-related-posts":[],"_links":{"self":[{"href":"http:\/\/www.ced.org.tr\/index.php?rest_route=\/wp\/v2\/posts\/3507","targetHints":{"allow":["GET"]}}],"collection":[{"href":"http:\/\/www.ced.org.tr\/index.php?rest_route=\/wp\/v2\/posts"}],"about":[{"href":"http:\/\/www.ced.org.tr\/index.php?rest_route=\/wp\/v2\/types\/post"}],"author":[{"embeddable":true,"href":"http:\/\/www.ced.org.tr\/index.php?rest_route=\/wp\/v2\/users\/1"}],"replies":[{"embeddable":true,"href":"http:\/\/www.ced.org.tr\/index.php?rest_route=%2Fwp%2Fv2%2Fcomments&post=3507"}],"version-history":[{"count":0,"href":"http:\/\/www.ced.org.tr\/index.php?rest_route=\/wp\/v2\/posts\/3507\/revisions"}],"wp:attachment":[{"href":"http:\/\/www.ced.org.tr\/index.php?rest_route=%2Fwp%2Fv2%2Fmedia&parent=3507"}],"wp:term":[{"taxonomy":"category","embeddable":true,"href":"http:\/\/www.ced.org.tr\/index.php?rest_route=%2Fwp%2Fv2%2Fcategories&post=3507"},{"taxonomy":"post_tag","embeddable":true,"href":"http:\/\/www.ced.org.tr\/index.php?rest_route=%2Fwp%2Fv2%2Ftags&post=3507"}],"curies":[{"name":"wp","href":"https:\/\/api.w.org\/{rel}","templated":true}]}}