{"id":3510,"date":"2009-01-08T17:29:07","date_gmt":"2009-01-08T15:29:07","guid":{"rendered":"http:\/\/www.ced.org.tr\/?p=3510"},"modified":"2009-01-08T17:29:07","modified_gmt":"2009-01-08T15:29:07","slug":"tebden-basin-aciklamasi-2","status":"publish","type":"post","link":"http:\/\/www.ced.org.tr\/?p=3510","title":{"rendered":"TEB&#8217;DEN BASIN A\u00c7IKLAMASI"},"content":{"rendered":"<h4 align=\"center\">SA\u011eLIK, MESLEK, YA\u015eAM HAKKIMIZI H\u0130&Ccedil;E SAYAN UYGULAMALARA TAV\u0130Z VERMEYECE\u011e\u0130Z.<\/h4>\n<p align=\"center\">&nbsp;<\/p>\n<p align=\"left\">Bug&uuml;n (8 Ocak Per\u015fembe) T&uuml;rk Eczac\u0131lar\u0131 Birli\u011fi&#39;nde yap\u0131lan 7. Ba\u015fkanlar Dan\u0131\u015fma Kurulu Toplant\u0131s\u0131 sonras\u0131nda saat 15.00&#39;te bir bas\u0131n a&ccedil;\u0131klamas\u0131 ger&ccedil;ekle\u015ftiriliyor. A&ccedil;\u0131klaman\u0131n metnini a\u015fa\u011f\u0131da yay\u0131nl\u0131yoruz.<\/p>\n<p>&nbsp;<\/p>\n<table border=\"0\" cellpadding=\"10\" width=\"100%\">\n<tbody>\n<tr>\n<td style=\"border: #000000 thin groove\">&nbsp; <\/p>\n<p align=\"right\"><em>Ankara, 8 Ocak 2009<\/em><\/p>\n<p align=\"center\"><strong>BASIN A&Ccedil;IKLAMASI<\/strong><\/p>\n<p><strong>De\u011ferli Bas\u0131n Mensuplar\u0131,<\/strong><\/p>\n<p>Son 15-20 g&uuml;nd&uuml;r sizlerin yer yer &quot;ila&ccedil; krizi&quot; ba\u015fl\u0131\u011f\u0131 ile duyurma ihtiyac\u0131 duydu\u011funuz, T&uuml;rkiye&#39;nin d&ouml;rt bir yan\u0131ndan 24.000 eczac\u0131 ile, Sa\u011fl\u0131k ve &Ccedil;al\u0131\u015fma ve Sosyal G&uuml;venlik Bakanl\u0131klar\u0131 aras\u0131nda ya\u015fanan sorunlarda hen&uuml;z bir a\u015fama kaydedemedi\u011fimiz i&ccedil;in bug&uuml;n tekrar sizlerin huzuruna &ccedil;\u0131kt\u0131k.<\/p>\n<p>Bildi\u011finiz gibi, SGK ile imzalad\u0131\u011f\u0131m\u0131z \u0130la&ccedil; Al\u0131m Protokol&uuml;&#39;n&uuml;n 1 \u015eubat 2009 itibariyle fesh edilmi\u015f olaca\u011f\u0131na dair bir ihtarname yollad\u0131k. Bu ihtarnameye yan\u0131t, do\u011frudan say\u0131n Bakan&#39;\u0131n a\u011fz\u0131ndan medya arac\u0131l\u0131\u011f\u0131 ile geldi. Kendileri, sorunun eczac\u0131larla de\u011fil, T&uuml;rk Eczac\u0131lar\u0131 Birli\u011fi ile oldu\u011funu, sorun 16 Ocak&#39;a kadar &ccedil;&ouml;z&uuml;lmezse Birli\u011fimizi devre d\u0131\u015f\u0131 b\u0131rakarak sorunu kendilerinin &ccedil;&ouml;zece\u011fini ifade ediyorlar.<\/p>\n<p>Her\u015feyden &ouml;nce, biz, Anayasal ve yasal zeminden dayanak bulan bir meslek &ouml;rg&uuml;t&uuml; olarak, bu &uuml;lkenin bir kurumuyuz. T&uuml;rk Eczac\u0131lar\u0131 Birli\u011fi Kanunu&#39;nun ilgili maddesi, &uuml;yeleri ad\u0131na s&ouml;zle\u015fme yapma yetkisini sadece Birli\u011fimize veriyor. &Ouml;zellikle alt\u0131n\u0131 &ccedil;izmek istiyoruz: <strong>Kanun maddeleri sadece bizi de\u011fil, herkesi ba\u011flar<\/strong>. Yani T&uuml;rk Eczac\u0131lar\u0131 Birli\u011fi Kanunu &Ccedil;al\u0131\u015fma Bakanl\u0131\u011f\u0131&#39;n\u0131 da, Sa\u011fl\u0131k Bakanl\u0131\u011f\u0131&#39;n\u0131 da ba\u011flar. &Uuml;stelik ne ironiktir ki, bu Kanun&#39;un y&uuml;r&uuml;tmesi de &quot;tek tek eczac\u0131larla referandum yapaca\u011f\u0131m&quot; diyen Sa\u011fl\u0131k Bakanl\u0131\u011f\u0131&#39;ndad\u0131r. Kendisi de se&ccedil;imle gelmi\u015f ve demokrasiye inand\u0131\u011f\u0131na inanmak istedi\u011fimiz bir say\u0131n Bakan&#39;\u0131n se&ccedil;ilerek gelmi\u015f ki\u015fileri de\u011fil de direkt eczac\u0131lar\u0131 muhatap alaca\u011f\u0131n\u0131 ve meslek &ouml;rg&uuml;t&uuml;n&uuml; muhatap almayaca\u011f\u0131n\u0131 s&ouml;ylemesini &ccedil;ok b&uuml;y&uuml;k bir talihsizlik olarak g&ouml;r&uuml;yoruz. Burada g&ouml;rd&uuml;\u011f&uuml;n&uuml;z dilek&ccedil;elerin bir k\u0131sm\u0131, say\u0131n Sa\u011fl\u0131k Bakan\u0131&#39;na bir yan\u0131tt\u0131r. Eczac\u0131lar\u0131n \u0131slak imzal\u0131 ka\u015feli dilek&ccedil;eleri burada. 22.000 eczac\u0131 diyor ki biz meslek &ouml;rg&uuml;t&uuml;m&uuml;z&uuml;n onay vermedi\u011fi hi&ccedil;bir yasa de\u011fi\u015fikli\u011fini istemiyoruz.<\/p>\n<p><strong>De\u011ferli Bas\u0131n Mensuplar\u0131;<\/strong><\/p>\n<p>Say\u0131n Sa\u011fl\u0131k Bakan\u0131 tepkilerden dolay\u0131 referandum konusunu art\u0131k dillendirmiyor diye d&uuml;\u015f&uuml;n&uuml;rken, bu sefer de h&uuml;k&uuml;metin di\u011fer bir bakan\u0131 &quot;eczac\u0131larla e-s&ouml;zle\u015fme yapaca\u011f\u0131m&quot; diyor. Kanun &ccedil;er&ccedil;evesinde se&ccedil;ilmi\u015f y&ouml;neticilerin kendilerine Kanun&#39;un verdi\u011fi g&ouml;revi yapmas\u0131na engel olaca\u011f\u0131n\u0131 a&ccedil;\u0131kl\u0131yor. Bizim &ouml;rg&uuml;t&uuml;m&uuml;z&uuml;n, 24.000 eczac\u0131n\u0131n taleplerine &quot;pabu&ccedil; b\u0131rakmay\u0131z&quot; diyebiliyor ve meslek &ouml;rg&uuml;t&uuml;m&uuml;z&uuml; siyaset yapmakla, ideolojik davranmakla su&ccedil;luyor. Bu &uuml;lkedeki uygulamalar\u0131 ele\u015ftirmek, haks\u0131zl\u0131klar\u0131 dile getirmek, sorunlar\u0131n\u0131 ifade etmek sadece siyasilere tan\u0131nan bir hak m\u0131d\u0131r? O zaman sivil toplum &ouml;rg&uuml;tleri, meslek &ouml;rg&uuml;tleri, sendikalar neden var?<\/p>\n<p>Her zaman alt\u0131n\u0131 &ccedil;izdik, yine &ccedil;iziyoruz: bizler eczac\u0131y\u0131z. Eczac\u0131l\u0131k sorunlar\u0131 g&uuml;ndeme geldi\u011finde de siyasi farkl\u0131l\u0131klar\u0131m\u0131z\u0131 bir tarafa b\u0131rak\u0131r\u0131z. Zaten, 21 Aral\u0131k&#39;ta yapt\u0131\u011f\u0131m\u0131z miting bunu yeterince g&ouml;stermi\u015ftir. 32.000 ki\u015finin oldu\u011fu alanda t&uuml;m T&uuml;rkiye&#39;deki 24.000 eczac\u0131n\u0131n ezici bir &ccedil;o\u011funlu\u011fu vard\u0131. Eczac\u0131lar\u0131n ezici &ccedil;o\u011funlu\u011funun ayn\u0131 partiden olmas\u0131, ayn\u0131 siyasi saikle hareket etmesi m&uuml;mk&uuml;n m&uuml;d&uuml;r?<\/p>\n<p>Di\u011fer yandan devletin bir b&uuml;rokrat\u0131: 24.000 eczac\u0131n\u0131n &quot;Art\u0131k Yeter&quot; &ccedil;\u0131\u011fl\u0131\u011f\u0131na kargalar bile g&uuml;ler diyebiliyor. B&uuml;rokrat ciddiyeti ile ba\u011fda\u015fmayan bu &uuml;slubu bir kenara b\u0131rakarak s&ouml;yl&uuml;yoruz: Kargalar ne yap\u0131yor bilmiyoruz ama eczac\u0131 kan a\u011fl\u0131yor.<\/p>\n<p>Biz bilimsel verilere dayan\u0131yoruz: Eczac\u0131lar ya\u015fam sava\u015f\u0131 vermektedir. Eski uygulamalar yetmiyormu\u015f gibi, eczanelerin &uuml;&ccedil;te ikisini kapanma tehlikesi ile kar\u015f\u0131 kar\u015f\u0131ya b\u0131rakacak yeni uygulamalarla &uuml;m&uuml;\u011f&uuml;m&uuml;z&uuml; s\u0131kmaya &ccedil;al\u0131\u015f\u0131yorlar. H&uuml;k&uuml;met bug&uuml;nlerde IMF ile g&ouml;r&uuml;\u015fme masas\u0131nda olabilir, ama biz &uuml;m&uuml;\u011f&uuml;m&uuml;z&uuml; s\u0131kt\u0131rmayaca\u011f\u0131z. IMF&#39;ye verilen ila&ccedil;ta tasarruf s&ouml;zlerinin b&uuml;t&ccedil;edeki yans\u0131mas\u0131n\u0131 g&ouml;rd&uuml;k. Bu, eczac\u0131n\u0131n eme\u011finin ve sermayesinin biraz daha kamula\u015ft\u0131r\u0131lmas\u0131 anlam\u0131na gelecek. Ama ondan da &ouml;te, halk\u0131n sa\u011fl\u0131k hizmetine ula\u015fmas\u0131 zorla\u015facak.<\/p>\n<p>25 milyon ki\u015fiye hizmet veren eczac\u0131lar bug&uuml;n 70 milyona hizmet veriyor, diyor say\u0131n Bakan. Peki eczac\u0131 25 milyon ki\u015fiye hizmet verirken sesi &ccedil;\u0131km\u0131yordu da \u015fimdi neden Art\u0131k Yeter diye ba\u011f\u0131r\u0131yor? &Ccedil;&uuml;nk&uuml; 25 milyon ki\u015fiye hizmet verildi\u011fi s\u0131rada avans &ouml;demesi yoktu, muayene &uuml;creti yoktu, Tebli\u011fler her g&uuml;n de\u011fi\u015fmiyordu, ilk kez 2005&#39;te 2 genelge yay\u0131nland\u0131, 2006&#39;da 8, ge&ccedil;ti\u011fimiz y\u0131l 17 tane genelge yay\u0131mland\u0131.<\/p>\n<p>&Ccedil;&uuml;nk&uuml;, ila&ccedil; fiyatlar\u0131 Euro&#39;ya ba\u011fl\u0131 de\u011fildi, eczac\u0131 karl\u0131l\u0131\u011f\u0131 bu kadar d&uuml;\u015f&uuml;k de\u011fildi, kamu kurum \u0131skontosu yoktu, provizyon sistemi yoktu.<\/p>\n<p>Eczac\u0131lar\u0131n i&ccedil;inde ya\u015fad\u0131\u011f\u0131 sorunlar\u0131 say\u0131n Bakan\u0131m\u0131z da kabul ediyor. Ama nas\u0131l? &quot;D&ouml;rt, be\u015f sorunumuz varm\u0131\u015f, onlar\u0131 da &ccedil;&ouml;zermi\u015fiz&quot; rahatl\u0131\u011f\u0131yla. Bizim o &quot;d&ouml;rt be\u015f sorunumuz&quot; son d&ouml;rt be\u015f y\u0131ld\u0131r var say\u0131n Bakan. Hatta ge&ccedil;en Temmuz&#39;da bu sorunlar\u0131 &ccedil;&ouml;zmek i&ccedil;in taahh&uuml;tte de bulunmu\u015ftunuz ama sonra nedenini bilmedi\u011fimiz bi&ccedil;imde vazge&ccedil;tiniz. O g&uuml;n o imzalar\u0131n gere\u011fi yerine getirilseydi, bug&uuml;n burada olmazd\u0131k zaten. Yani biz, b\u0131rakt\u0131\u011f\u0131n\u0131z yerdeyiz. Sadece &uuml;st&uuml;ne yeni sorunlar eklenmi\u015f bi&ccedil;imde.<\/p>\n<p>\u015eimdi soruyoruz: &Ouml;demelerin zaman\u0131nda yap\u0131lmas\u0131 madem bu kadar kolayd\u0131, niye bug&uuml;n&uuml; beklediniz? Avans &ouml;demesi madem sorun de\u011fil, niye ortadan kald\u0131rm\u0131yorsunuz? Muayene &uuml;cretlerini &ccedil;&ouml;zeriz diyorsunuz, niye &ccedil;&ouml;zm&uuml;yorsunuz? Kamu kurum \u0131skontolar\u0131n\u0131 ge&ccedil;en Temmuz&#39;da &ccedil;&ouml;zecektiniz, hatta imza da att\u0131n\u0131z, madem bu kadar kolay, neden imzan\u0131z\u0131 geri &ccedil;ektiniz? Bu provizyon sistemi ayda on g&uuml;n &ccedil;al\u0131\u015fm\u0131yor, neden d&uuml;zeltmediniz?<\/p>\n<p>Bu durumda biz mi &ccedil;&ouml;z&uuml;mden yana de\u011filiz? Biz &ccedil;&ouml;z&uuml;m i&ccedil;in her yolu deneyip, ba\u015fka hi&ccedil;bir \u015fans\u0131 kalmam\u0131\u015f olanlar\u0131z.<\/p>\n<p><strong>Biz, uzla\u015fmadan yanay\u0131z, ama dayatmalar\u0131 da kabul etmiyoruz. Meslek &ouml;rg&uuml;t&uuml;m&uuml;z&uuml; devreden &ccedil;\u0131kartarak yap\u0131lacak herhangi bir s&ouml;zle\u015fmeyi de, herhangi bir Kanun de\u011fi\u015fikli\u011fini de kabul etmiyoruz. <\/strong><\/p>\n<p>&Uuml;stelik, SGK ile s&ouml;zle\u015fmeli eczac\u0131lar\u0131m\u0131z\u0131n tamam\u0131 bu g&ouml;r&uuml;\u015fte. 16 Ocak&#39;ta eczanemizi a&ccedil;t\u0131\u011f\u0131m\u0131zda ekran\u0131m\u0131za &quot;meslek &ouml;rg&uuml;t&uuml;n&uuml;z&uuml;, odan\u0131z\u0131 bo\u015fverin, gelin sizinle bireysel s&ouml;zle\u015fme yapal\u0131m&quot; derlerse, i\u015fte burada imzas\u0131 bulunan 22.000 eczac\u0131, bunu yapmayacak. &Ccedil;&uuml;nk&uuml; eczac\u0131 art\u0131k bu vaadlere inanm\u0131yor. Biz, bug&uuml;n, bunu yapmayaca\u011f\u0131m\u0131z\u0131, sorunlar &ccedil;&ouml;z&uuml;lmezse <strong>16 Ocak g&uuml;n&uuml; SGK&#39;n\u0131n s&ouml;zle\u015fme yapacak eczane bulamayaca\u011f\u0131n\u0131 tek tek eczac\u0131lar\u0131m\u0131zdan ald\u0131\u011f\u0131m\u0131z yetki ile, s&ouml;ylemeye geldik<\/strong>. Dolay\u0131s\u0131yla \u015fimdi kar\u015f\u0131n\u0131zda g&ouml;rd&uuml;\u011f&uuml;n&uuml;z heyet, Merkez Heyetimiz ve eczac\u0131 odalar\u0131 ba\u015fkanlar\u0131m\u0131z, sadece delegelerin oyuyla se&ccedil;ilmi\u015f ki\u015filer de\u011fil, 22.000 eczac\u0131n\u0131n bu sorunun &ccedil;&ouml;z&uuml;lmesi i&ccedil;in tek tek yetki verdi\u011fi ki\u015filer. <strong>\u0130sterseniz meslek &ouml;rg&uuml;t&uuml; s\u0131fat\u0131 ile bizimle g&ouml;r&uuml;\u015f&uuml;n, isterseniz 22.000 eczac\u0131n\u0131n se&ccedil;ti\u011fi heyet s\u0131fat\u0131m\u0131zla<\/strong>. <strong>Sadece \u015funu kavray\u0131n: Bizim i&ccedil;in bu ikisi aras\u0131nda hi&ccedil; bir ayr\u0131m yoktur. Bunlar\u0131 ay\u0131rmaya da ne siyasetin, ne de tehdidin g&uuml;c&uuml; yetmeyecektir<\/strong>.<\/p>\n<p>Kamu kurum \u0131skontosu sanal, ila&ccedil; fiyatlar\u0131 sanal diyenlere bir yan\u0131t\u0131m\u0131z var: Buradaki imzalar ger&ccedil;ek. <strong>Mahalle bask\u0131s\u0131 <em>ile <\/em>de\u011fil, h&uuml;k&uuml;met bask\u0131s\u0131na <em>ra\u011fmen <\/em>toplanm\u0131\u015f imzalar<\/strong>.<\/p>\n<p>Buradan ilan ediyoruz; biz eczac\u0131lar olarak<\/p>\n<p><strong>SA\u011eLIK, MESLEK, YA\u015eAM HAKKIMIZI H\u0130&Ccedil;E SAYAN UYGULAMALARA TAV\u0130Z VERMEYECE\u011e\u0130Z<\/strong><\/p>\n<\/td>\n<\/tr>\n<\/tbody>\n<\/table>\n","protected":false},"excerpt":{"rendered":"<p>SA\u011eLIK, MESLEK, YA\u015eAM HAKKIMIZI H\u0130&Ccedil;E SAYAN UYGULAMALARA TAV\u0130Z VERMEYECE\u011e\u0130Z. &nbsp; Bug&uuml;n (8 Ocak Per\u015fembe) T&uuml;rk Eczac\u0131lar\u0131 Birli\u011fi&#39;nde yap\u0131lan 7. Ba\u015fkanlar&#46;&#46;&#46;<\/p>\n","protected":false},"author":1,"featured_media":0,"comment_status":"closed","ping_status":"closed","sticky":false,"template":"","format":"standard","meta":{"_jetpack_memberships_contains_paid_content":false,"footnotes":""},"categories":[1],"tags":[],"class_list":["post-3510","post","type-post","status-publish","format-standard","hentry","category-ced"],"aioseo_notices":[],"jetpack_featured_media_url":"","jetpack_sharing_enabled":true,"jetpack-related-posts":[],"_links":{"self":[{"href":"http:\/\/www.ced.org.tr\/index.php?rest_route=\/wp\/v2\/posts\/3510","targetHints":{"allow":["GET"]}}],"collection":[{"href":"http:\/\/www.ced.org.tr\/index.php?rest_route=\/wp\/v2\/posts"}],"about":[{"href":"http:\/\/www.ced.org.tr\/index.php?rest_route=\/wp\/v2\/types\/post"}],"author":[{"embeddable":true,"href":"http:\/\/www.ced.org.tr\/index.php?rest_route=\/wp\/v2\/users\/1"}],"replies":[{"embeddable":true,"href":"http:\/\/www.ced.org.tr\/index.php?rest_route=%2Fwp%2Fv2%2Fcomments&post=3510"}],"version-history":[{"count":0,"href":"http:\/\/www.ced.org.tr\/index.php?rest_route=\/wp\/v2\/posts\/3510\/revisions"}],"wp:attachment":[{"href":"http:\/\/www.ced.org.tr\/index.php?rest_route=%2Fwp%2Fv2%2Fmedia&parent=3510"}],"wp:term":[{"taxonomy":"category","embeddable":true,"href":"http:\/\/www.ced.org.tr\/index.php?rest_route=%2Fwp%2Fv2%2Fcategories&post=3510"},{"taxonomy":"post_tag","embeddable":true,"href":"http:\/\/www.ced.org.tr\/index.php?rest_route=%2Fwp%2Fv2%2Ftags&post=3510"}],"curies":[{"name":"wp","href":"https:\/\/api.w.org\/{rel}","templated":true}]}}