{"id":3511,"date":"2009-01-13T07:55:59","date_gmt":"2009-01-13T05:55:59","guid":{"rendered":"http:\/\/www.ced.org.tr\/?p=3511"},"modified":"2009-01-13T07:55:59","modified_gmt":"2009-01-13T05:55:59","slug":"filistin-halkiyla-dayanisma-kampanyasi","status":"publish","type":"post","link":"http:\/\/www.ced.org.tr\/?p=3511","title":{"rendered":"F\u0130L\u0130ST\u0130N HALKIYLA DAYANI\u015eMA KAMPANYASI"},"content":{"rendered":"<p style=\"margin: 0cm 0cm 0pt\" class=\"MsoNormal\"><font face=\"Times New Roman\" size=\"3\" color=\"#000000\">Ortado\u011fu&#8217;da yine bir insanl\u0131k dram\u0131 ya\u015fan\u0131yor. \u0130srail&#8217;in Gazze \u015feridinde giri\u015fti\u011fi katliamda y\u00fczlerce \u00e7ocuk ve sivil daha katledildi. \u0130srail&#8217;in uygulad\u0131\u011f\u0131 vah\u015fet insanl\u0131k ad\u0131na kayg\u0131lar\u0131m\u0131z\u0131 art\u0131rmaktad\u0131r.<\/font><\/p>\n<p style=\"margin: 0cm 0cm 0pt\" class=\"MsoNormal\"><font face=\"Times New Roman\" size=\"3\" color=\"#000000\">Biz eczac\u0131lar Gazze&#8217;de barbarca sald\u0131r\u0131 alt\u0131nda olan, en temel ihtiya\u00e7lar\u0131ndan yoksun b\u0131rak\u0131lan ve silahlar\u0131n \u00e7ocuklar\u0131na y\u00f6neltildi\u011fi Filistin halk\u0131yla dayan\u0131\u015fmam\u0131z\u0131 y\u00fckseltme \u00e7a\u011fr\u0131s\u0131 yap\u0131yoruz. T\u00fcm meslekta\u015flar\u0131m\u0131z\u0131 T\u00fcrk Eczac\u0131lar\u0131 Birli\u011fi&#8217;nin Filistin halk\u0131yla dayan\u0131\u015fmak i\u00e7in ba\u015flatt\u0131\u011f\u0131 &#8220;Filistin Halk\u0131na \u0130la\u00e7 Yard\u0131m\u0131 Kampanyas\u0131&#8221;na kat\u0131lmaya \u00e7a\u011f\u0131r\u0131yoruz.<\/font><\/p>\n<p style=\"margin: 0cm 0cm 0pt\" class=\"MsoNormal\"><font face=\"Times New Roman\" size=\"3\" color=\"#000000\">Kampanyaya kat\u0131lacak \u00fcyelerimizin yaz\u0131m\u0131z ekinde iletilen dilek\u00e7edeki fatura alt\u0131 tutar\u0131 ve ila\u00e7lar\u0131n al\u0131naca\u011f\u0131 ecza deposunu (Sel\u00e7uk Ecza Deposu, Hedef Ecza Deposu, Nevzat Ecza Deposu ve b\u00f6lgelerdeki Ecza Kooperatifleri) belirterek ka\u015fe ve \u0131slak imza ile onaylamas\u0131 ve as\u0131llar\u0131n\u0131 \u0130stanbul Eczac\u0131 Odas\u0131na ula\u015ft\u0131rmas\u0131 gerekmektedir.<\/font><\/p>\n<p style=\"margin: 0cm 0cm 0pt\" class=\"MsoNormal\"><font face=\"Times New Roman\" size=\"3\" color=\"#000000\">Toplanacak bu dilek\u00e7elerin ivedilikle T\u00fcrk Eczac\u0131lar\u0131 Birli\u011fine ula\u015ft\u0131r\u0131lmas\u0131n\u0131n ard\u0131ndan acil ihtiya\u00e7 listesindeki ila\u00e7lar, eczac\u0131lar\u0131m\u0131z\u0131n dilek\u00e7elerinde belirtilen ecza depolar\u0131ndan temin edilecektir. Ecza Deposu taraf\u0131ndan ila\u00e7lar\u0131n faturalar\u0131 daha sonra eczac\u0131lar\u0131m\u0131za iletilecektir.<\/font><\/p>\n<p style=\"margin: 0cm 0cm 0pt\" class=\"MsoNormal\"><font face=\"Times New Roman\" size=\"3\" color=\"#000000\">Yaralar\u0131n bir an \u00f6nce kapanmas\u0131 ve bu insanl\u0131k ay\u0131b\u0131n\u0131n ortadan kald\u0131r\u0131labilmesi i\u00e7in t\u00fcm meslekta\u015flar\u0131m\u0131z\u0131 insanl\u0131k onuruna yak\u0131\u015f\u0131r bir \u015fekilde Filistin Halk\u0131na yard\u0131m eli uzatmaya \u00e7a\u011f\u0131r\u0131yoruz.<\/font><\/p>\n<p><span style=\"font-size: 12pt; font-family: 'Times New Roman'\"><a href=\"http:\/\/www.ieo.org.tr\/upload\/doc\/Filistin_dilekce_ornegi.doc\" target=\"_blank\" title=\"dilek\u00e7e\"><br \/><font color=\"#16387c\"><strong>Dilek\u00e7e \u00d6rne\u011fi \u0130\u00e7in T\u0131klay\u0131n\u0131z<\/strong><\/font><\/a><\/span><\/p>\n","protected":false},"excerpt":{"rendered":"<p>Ortado\u011fu&#8217;da yine bir insanl\u0131k dram\u0131 ya\u015fan\u0131yor. \u0130srail&#8217;in Gazze \u015feridinde giri\u015fti\u011fi katliamda y\u00fczlerce \u00e7ocuk ve sivil daha katledildi. \u0130srail&#8217;in uygulad\u0131\u011f\u0131 vah\u015fet&#46;&#46;&#46;<\/p>\n","protected":false},"author":1,"featured_media":0,"comment_status":"closed","ping_status":"closed","sticky":false,"template":"","format":"standard","meta":{"_jetpack_memberships_contains_paid_content":false,"footnotes":""},"categories":[1],"tags":[],"class_list":["post-3511","post","type-post","status-publish","format-standard","hentry","category-ced"],"aioseo_notices":[],"jetpack_featured_media_url":"","jetpack_sharing_enabled":true,"jetpack-related-posts":[],"_links":{"self":[{"href":"http:\/\/www.ced.org.tr\/index.php?rest_route=\/wp\/v2\/posts\/3511","targetHints":{"allow":["GET"]}}],"collection":[{"href":"http:\/\/www.ced.org.tr\/index.php?rest_route=\/wp\/v2\/posts"}],"about":[{"href":"http:\/\/www.ced.org.tr\/index.php?rest_route=\/wp\/v2\/types\/post"}],"author":[{"embeddable":true,"href":"http:\/\/www.ced.org.tr\/index.php?rest_route=\/wp\/v2\/users\/1"}],"replies":[{"embeddable":true,"href":"http:\/\/www.ced.org.tr\/index.php?rest_route=%2Fwp%2Fv2%2Fcomments&post=3511"}],"version-history":[{"count":0,"href":"http:\/\/www.ced.org.tr\/index.php?rest_route=\/wp\/v2\/posts\/3511\/revisions"}],"wp:attachment":[{"href":"http:\/\/www.ced.org.tr\/index.php?rest_route=%2Fwp%2Fv2%2Fmedia&parent=3511"}],"wp:term":[{"taxonomy":"category","embeddable":true,"href":"http:\/\/www.ced.org.tr\/index.php?rest_route=%2Fwp%2Fv2%2Fcategories&post=3511"},{"taxonomy":"post_tag","embeddable":true,"href":"http:\/\/www.ced.org.tr\/index.php?rest_route=%2Fwp%2Fv2%2Ftags&post=3511"}],"curies":[{"name":"wp","href":"https:\/\/api.w.org\/{rel}","templated":true}]}}