{"id":3514,"date":"2009-01-15T11:14:27","date_gmt":"2009-01-15T09:14:27","guid":{"rendered":"http:\/\/www.ced.org.tr\/?p=3514"},"modified":"2009-01-15T11:14:27","modified_gmt":"2009-01-15T09:14:27","slug":"teb-baskanlar-danisma-kurulu-olaganustu-toplaniyor","status":"publish","type":"post","link":"http:\/\/www.ced.org.tr\/?p=3514","title":{"rendered":"TEB BA\u015eKANLAR DANI\u015eMA KURULU OLA\u011eAN\u00dcST\u00dc TOPLANIYOR"},"content":{"rendered":"<p style=\"margin: 0cm 0cm 0pt\" class=\"MsoNormal\"><font face=\"Times New Roman\" size=\"3\">TEB ile SGK aras\u0131nda s\u00fcrd\u00fcr\u00fclen g\u00f6r\u00fc\u015fmeler, 13 Ocak 2009 \u00c7ar\u015famba g\u00fcn\u00fc anla\u015fmazl\u0131kla sonu\u00e7lanm\u0131\u015ft\u0131. Bunun \u00fczerine ayn\u0131 g\u00fcn, gece saat 11.00\u2019de sorun \u00c7al\u0131\u015fma ve Sosyal G\u00fcvenlik Bakan\u0131 ile TEB aras\u0131nda bir kez daha de\u011ferlendirilmi\u015f,ancak, bu g\u00f6r\u00fc\u015fmelerden de somut bir sonu\u00e7 al\u0131namam\u0131\u015ft\u0131r.<\/font><\/p>\n<p><font face=\"Times New Roman\" size=\"3\">\u00a0<\/font> <\/p>\n<p style=\"margin: 0cm 0cm 0pt\" class=\"MsoNormal\"><font face=\"Times New Roman\" size=\"3\">14 Ocak 2009 tarihinde \u00c7al\u0131\u015fma ve Sosyal G\u00fcvenlik Bakan\u0131\u2019n\u0131n yeniden devreye girmesi ve SGK\u2019dan Sami T\u00fcrko\u011flu\u2019nu tam yetkili olarak g\u00f6r\u00fc\u015fme i\u00e7in g\u00f6revlendirmesi, \u00fczerine t\u0131kanan g\u00f6r\u00fc\u015fme trafi\u011fi yeniden ba\u015flad\u0131. Bu g\u00f6r\u00fc\u015fmeler t\u00fcm yo\u011funlu\u011fuyla devam ederken, kimi medya organlar\u0131, man\u015fete \u00e7\u0131kan haberleri ile g\u00f6r\u00fc\u015fmelerde uzla\u015fmaya var\u0131ld\u0131\u011f\u0131n\u0131 ilan ettiler. <\/font><\/p>\n<p style=\"margin: 0cm 0cm 0pt\" class=\"MsoNormal\"><font face=\"Times New Roman\" size=\"3\">Ancak, g\u00f6r\u00fc\u015fmeler s\u00fcrerken TEB\u2019in yapt\u0131\u011f\u0131 resmi a\u00e7\u0131klamayla; uzla\u015fman\u0131n hen\u00fcz t\u00fcm sonu\u00e7lar\u0131 ile sa\u011flanamad\u0131\u011f\u0131 y\u00f6n\u00fcndeydi. <strong>G\u00f6r\u00fc\u015fmeler s\u00fcrerken, TEB ile SGK aras\u0131nda uzla\u015f\u0131lan noktalar ise \u00f6zetle \u015f\u00f6yle:<\/strong><\/font><\/p>\n<p><font face=\"Times New Roman\" size=\"3\">\u00a0<\/font> <\/p>\n<p style=\"margin: 0cm 0cm 0pt 36pt; text-indent: -18pt; tab-stops: list 36.0pt\" class=\"MsoNormal\"><font face=\"Times New Roman\"><span><font size=\"3\">1-<\/font><span style=\"font: 7pt 'Times New Roman'\">\u00a0\u00a0\u00a0\u00a0 <\/span><\/span><font size=\"3\">TEB s\u00f6zle\u015fmenin taraflar\u0131ndan biri olarak kabul edilecek.<\/font><\/font><\/p>\n<p style=\"margin: 0cm 0cm 0pt 36pt; text-indent: -18pt; tab-stops: list 36.0pt\" class=\"MsoNormal\"><font face=\"Times New Roman\"><span><font size=\"3\">2-<\/font><span style=\"font: 7pt 'Times New Roman'\">\u00a0\u00a0\u00a0\u00a0 <\/span><\/span><font size=\"3\">Eczac\u0131, SUT\u2019ta 1\u2019nci Basamak Sa\u011fl\u0131k Hizmet Sunucusu olarak yer alacak.<\/font><\/font><\/p>\n<p style=\"margin: 0cm 0cm 0pt 36pt; text-indent: -18pt; tab-stops: list 36.0pt\" class=\"MsoNormal\"><font face=\"Times New Roman\"><span><font size=\"3\">3-<\/font><span style=\"font: 7pt 'Times New Roman'\">\u00a0\u00a0\u00a0\u00a0 <\/span><\/span><font size=\"3\">\u00d6zel Hastanelerde G\u00fcn\u00fcbirlik Tedavi kalkacak.<\/font><\/font><\/p>\n<p style=\"margin: 0cm 0cm 0pt 36pt; text-indent: -18pt; tab-stops: list 36.0pt\" class=\"MsoNormal\"><font face=\"Times New Roman\"><span><font size=\"3\">4-<\/font><span style=\"font: 7pt 'Times New Roman'\">\u00a0\u00a0\u00a0\u00a0 <\/span><\/span><font size=\"3\">Muayene \u00fccretlerinin tahsili, sadece \u00f6zel hastaneler i\u00e7in kalkacak, di\u011ferlerinin eczanelerden tahsili devam edecek.<\/font><\/font><\/p>\n<p style=\"margin: 0cm 0cm 0pt 36pt; text-indent: -18pt; tab-stops: list 36.0pt\" class=\"MsoNormal\"><font face=\"Times New Roman\"><span><font size=\"3\">5-<\/font><span style=\"font: 7pt 'Times New Roman'\">\u00a0\u00a0\u00a0\u00a0 <\/span><\/span><font size=\"3\">SUT uygulamalar\u0131n\u0131n Protokole uygun hale gelmesi sa\u011flanacak, bunun i\u00e7in Protokole bir madde eklenecek.<\/font><\/font><\/p>\n<p style=\"margin: 0cm 0cm 0pt 36pt; text-indent: -18pt; tab-stops: list 36.0pt\" class=\"MsoNormal\"><font face=\"Times New Roman\"><span><font size=\"3\">6-<\/font><span style=\"font: 7pt 'Times New Roman'\">\u00a0\u00a0\u00a0\u00a0 <\/span><\/span><font size=\"3\">Avans uygulamas\u0131 devem edecek, t\u00fcm re\u00e7eteler 60 g\u00fcnde kontrol edilecek ve tamam\u0131 \u00f6denecek. Ancak \u00f6demeler mevcut uygulamaya g\u00f6re 10 g\u00fcn daha ileriye \u00f6teleniyor.<\/font><\/font><\/p>\n<p style=\"margin: 0cm 0cm 0pt 36pt; text-indent: -18pt; tab-stops: list 36.0pt\" class=\"MsoNormal\"><font face=\"Times New Roman\"><span><font size=\"3\">7-<\/font><span style=\"font: 7pt 'Times New Roman'\">\u00a0\u00a0\u00a0\u00a0 <\/span><\/span><font size=\"3\">Provizyon sistemi WEB tabanl\u0131 olarak Haziran 2009 itibariyle sorunsuz hale getirilecek.<\/font><\/font><\/p>\n<p style=\"margin: 0cm 0cm 0pt 36pt; text-indent: -18pt; tab-stops: list 36.0pt\" class=\"MsoNormal\"><font face=\"Times New Roman\"><span><font size=\"3\">8-<\/font><span style=\"font: 7pt 'Times New Roman'\">\u00a0\u00a0\u00a0\u00a0 <\/span><\/span><font size=\"3\">Diyaliz ve Kan \u00dcr\u00fcn\u00fc re\u00e7etelerinin s\u0131ral\u0131 da\u011f\u0131t\u0131m\u0131 konusunda SGK, Dan\u0131\u015ftay\u2019dan kesin karar\u0131n olumlu \u00e7\u0131kmas\u0131 durumunda S\u0131ral\u0131 da\u011f\u0131t\u0131m Uygulan\u0131r \u015ferhini koyuyor. <\/font><\/font><\/p>\n<p style=\"margin: 0cm 0cm 0pt 36pt; text-indent: -18pt; tab-stops: list 36.0pt\" class=\"MsoNormal\"><font face=\"Times New Roman\"><span><font size=\"3\">9-<\/font><span style=\"font: 7pt 'Times New Roman'\">\u00a0\u00a0\u00a0\u00a0 <\/span><\/span><font size=\"3\">Eczanelerin kurum \u0131skontolar\u0131 \u0130la\u00e7 Fiyat Kararnamesi de\u011fi\u015ftirilerek yeniden d\u00fczenleniyor. Buna g\u00f6re cirosu:<\/font><\/font><\/p>\n<p><font face=\"Times New Roman\" size=\"3\">\u00a0<\/font> <\/p>\n<ul style=\"margin-top: 0cm\">\n<li class=\"MsoNormal\" style=\"margin: 0cm 0cm 0pt; tab-stops: list 36.0pt\"><font face=\"Times New Roman\" size=\"3\">0 \u2013 350.000.<span>\u00a0\u00a0\u00a0\u00a0\u00a0\u00a0\u00a0\u00a0\u00a0\u00a0 <\/span>TL aras\u0131nda olan eczaneler i\u00e7in 0.5 olan \u0131skonto 0\u2019a d\u00fc\u015f\u00fcyor.<\/font><\/li>\n<li class=\"MsoNormal\" style=\"margin: 0cm 0cm 0pt; tab-stops: list 36.0pt\"><font face=\"Times New Roman\" size=\"3\">350.000 \u2013 601.000<span>\u00a0 <\/span>,,<span>\u00a0\u00a0\u00a0\u00a0\u00a0\u00a0\u00a0\u00a0\u00a0 <\/span>,,<span>\u00a0\u00a0\u00a0\u00a0\u00a0\u00a0\u00a0 <\/span>,,<span>\u00a0\u00a0\u00a0\u00a0\u00a0\u00a0\u00a0\u00a0\u00a0 <\/span>,,<span>\u00a0\u00a0\u00a0\u00a0\u00a0\u00a0 <\/span><span>\u00a0\u00a0<\/span>\u0131skonto ayn\u0131 kal\u0131yor.<\/font><\/li>\n<li class=\"MsoNormal\" style=\"margin: 0cm 0cm 0pt; tab-stops: list 36.0pt\"><font face=\"Times New Roman\" size=\"3\">601.000 \u2013 900.000<span>\u00a0\u00a0 <\/span>,,<span>\u00a0\u00a0\u00a0\u00a0\u00a0\u00a0\u00a0\u00a0\u00a0 <\/span>,,<span>\u00a0\u00a0\u00a0\u00a0\u00a0\u00a0\u00a0 <\/span>,,<span>\u00a0\u00a0\u00a0\u00a0\u00a0\u00a0\u00a0\u00a0\u00a0 <\/span>,,<span>\u00a0\u00a0\u00a0\u00a0\u00a0\u00a0\u00a0\u00a0\u00a0\u00a0\u00a0 <\/span>,,<span>\u00a0\u00a0\u00a0\u00a0\u00a0\u00a0\u00a0\u00a0 <\/span>,,<span>\u00a0\u00a0\u00a0\u00a0\u00a0\u00a0\u00a0 <\/span>,,<\/font><\/li>\n<li class=\"MsoNormal\" style=\"margin: 0cm 0cm 0pt; tab-stops: list 36.0pt\"><font face=\"Times New Roman\" size=\"3\">900.000 TL \u00fczeri olan eczanelerde ise \u0131skonto 2\u2019den 2.5\u2019e \u00e7\u0131k\u0131yor<\/font><\/li>\n<\/ul>\n<p style=\"margin: 0cm 0cm 0pt; tab-stops: list 36.0pt\" class=\"MsoNormal\"><font face=\"Times New Roman\" size=\"3\">Fiyat\u0131 10-50 TL ile 50-100 TL aras\u0131nda\u00a0ki ila\u00e7larda y\u00fczde 24 ve 23 olan eczac\u0131 k\u00e2r marjlar\u0131da y\u00fczde 25 \u00e7\u0131k\u0131yor.<\/font><\/p>\n<p><font face=\"Times New Roman\" size=\"3\">\u00a0<\/font> <\/p>\n<p style=\"margin: 0cm 0cm 0pt\" class=\"MsoNormal\"><font face=\"Times New Roman\" size=\"3\">G\u00f6r\u00fc\u015fmelerde, eylemlilik s\u00fcrecinde ortaya \u00e7\u0131kan temel istemlerden biri olan Sanayi Iskontosu\u2019nun eczaneler \u00fczerinden yap\u0131lmas\u0131n\u0131n kald\u0131r\u0131lmas\u0131 noktas\u0131nda \u00e7\u00f6z\u00fcms\u00fczl\u00fck devam ediyor.<\/font><\/p>\n<p><font face=\"Times New Roman\" size=\"3\">\u00a0<\/font> <\/p>\n<p style=\"margin: 0cm 0cm 0pt\" class=\"MsoNormal\"><font face=\"Times New Roman\" size=\"3\">G\u00f6r\u00fc\u015fmeler yukar\u0131da k\u0131saca \u00f6zetledi\u011fimiz bi\u00e7imde imzalan\u0131rsa, eczaneler Sanayi Iskontosu\u2019nun y\u00fck\u00fcn\u00fc ta\u015f\u0131maya devem edecektir. Bir di\u011fer nokta; avans uygulamas\u0131 dayatmas\u0131n\u0131n devam etmesidir. Avans uygulamas\u0131 sistem i\u00e7inde kald\u0131k\u00e7a, eczac\u0131lar\u0131n ba\u015f\u0131nda\u201d Demokles\u2019in K\u0131l\u0131c\u0131\u201d olmaya devam edecektir. Bu noktada sa\u011fl\u0131kl\u0131 ve do\u011fru \u00e7\u00f6z\u00fcm\u00fcn, 5510 Say\u0131l\u0131 Yasa i\u00e7inde yap\u0131lacak bir d\u00fczenleme ile ila\u00e7 \u00f6demelerinin avans siteminin d\u0131\u015f\u0131na \u00e7\u0131kar\u0131lmas\u0131d\u0131r.<\/font><\/p>\n<p><font face=\"Times New Roman\" size=\"3\">\u00a0<\/font> <\/p>\n<p style=\"margin: 0cm 0cm 0pt\" class=\"MsoNormal\"><font face=\"Times New Roman\" size=\"3\">Yine, A Grubu Re\u00e7etelerin \u00f6rnekleme y\u00f6ntemi ile kontrol edilmesi ve hata marj\u0131n\u0131n<span>\u00a0 <\/span>% 5\u2019ler d\u00fczeyinde olmas\u0131, meslekta\u015flar\u0131m\u0131z\u0131n ba\u015f\u0131n\u0131 a\u011fr\u0131tacak \u00f6nemli konulardan biri olarak \u00f6ne \u00e7\u0131k\u0131yor.<\/font><\/p>\n<p><font face=\"Times New Roman\" size=\"3\">\u00a0<\/font> <\/p>\n<p style=\"margin: 0cm 0cm 0pt\" class=\"MsoNormal\"><font face=\"Times New Roman\" size=\"3\">S\u00f6zle\u015fme bu haliyle imzalan\u0131r ise temel sorunlardaki \u00e7\u00f6z\u00fcms\u00fczl\u00fck hali devam edecek demektir. Tart\u0131\u015fmaya son noktay\u0131 bug\u00fcn(15 Ocak 2009) saat 14.00\u2019te toplanacak olan TEB Ba\u015fkanlar Dan\u0131\u015fma Kurulu koyacak.<\/font><\/p>\n","protected":false},"excerpt":{"rendered":"<p>TEB ile SGK aras\u0131nda s\u00fcrd\u00fcr\u00fclen g\u00f6r\u00fc\u015fmeler, 13 Ocak 2009 \u00c7ar\u015famba g\u00fcn\u00fc anla\u015fmazl\u0131kla sonu\u00e7lanm\u0131\u015ft\u0131. Bunun \u00fczerine ayn\u0131 g\u00fcn, gece saat 11.00\u2019de&#46;&#46;&#46;<\/p>\n","protected":false},"author":1,"featured_media":0,"comment_status":"closed","ping_status":"closed","sticky":false,"template":"","format":"standard","meta":{"_jetpack_memberships_contains_paid_content":false,"footnotes":""},"categories":[1],"tags":[],"class_list":["post-3514","post","type-post","status-publish","format-standard","hentry","category-ced"],"aioseo_notices":[],"jetpack_featured_media_url":"","jetpack_sharing_enabled":true,"jetpack-related-posts":[],"_links":{"self":[{"href":"http:\/\/www.ced.org.tr\/index.php?rest_route=\/wp\/v2\/posts\/3514","targetHints":{"allow":["GET"]}}],"collection":[{"href":"http:\/\/www.ced.org.tr\/index.php?rest_route=\/wp\/v2\/posts"}],"about":[{"href":"http:\/\/www.ced.org.tr\/index.php?rest_route=\/wp\/v2\/types\/post"}],"author":[{"embeddable":true,"href":"http:\/\/www.ced.org.tr\/index.php?rest_route=\/wp\/v2\/users\/1"}],"replies":[{"embeddable":true,"href":"http:\/\/www.ced.org.tr\/index.php?rest_route=%2Fwp%2Fv2%2Fcomments&post=3514"}],"version-history":[{"count":0,"href":"http:\/\/www.ced.org.tr\/index.php?rest_route=\/wp\/v2\/posts\/3514\/revisions"}],"wp:attachment":[{"href":"http:\/\/www.ced.org.tr\/index.php?rest_route=%2Fwp%2Fv2%2Fmedia&parent=3514"}],"wp:term":[{"taxonomy":"category","embeddable":true,"href":"http:\/\/www.ced.org.tr\/index.php?rest_route=%2Fwp%2Fv2%2Fcategories&post=3514"},{"taxonomy":"post_tag","embeddable":true,"href":"http:\/\/www.ced.org.tr\/index.php?rest_route=%2Fwp%2Fv2%2Ftags&post=3514"}],"curies":[{"name":"wp","href":"https:\/\/api.w.org\/{rel}","templated":true}]}}