{"id":3519,"date":"2009-01-21T14:55:59","date_gmt":"2009-01-21T12:55:59","guid":{"rendered":"http:\/\/www.ced.org.tr\/?p=3519"},"modified":"2009-01-21T14:55:59","modified_gmt":"2009-01-21T12:55:59","slug":"2009-protokolu-imzalandi","status":"publish","type":"post","link":"http:\/\/www.ced.org.tr\/?p=3519","title":{"rendered":"2009 PROTOKOL\u00dc \u0130MZALANDI"},"content":{"rendered":"<p><font face=\"Times New Roman\" size=\"3\">TEB ile SGK\u2019n\u0131n \u00fczerinde uzla\u015famad\u0131klar\u0131 2009 protokol\u00fc kar\u015f\u0131l\u0131kl\u0131 restle\u015fmenin ve t\u0131rmanan gerilimin ard\u0131ndan TEB\u2019in \u00f6nce Sa\u011fl\u0131k Bakan\u0131 ile arkas\u0131ndanda \u00c7al\u0131\u015fma ve Sosyal G\u00fcvenlik Bakan\u0131 ile yapt\u0131\u011f\u0131 g\u00f6r\u00fc\u015fmelerin ard\u0131ndan iki taraf\u0131n onay\u0131 ile 19.01.2009 tarihinde imzaland\u0131.<\/font><font face=\"Times New Roman\" size=\"3\">\u00a0<\/font> <\/p>\n<p style=\"margin: 0cm 0cm 0pt\" class=\"MsoNormal\"><font face=\"Times New Roman\" size=\"3\">Yeni protokolde, TEB ile SGK aras\u0131nda s\u00fcrd\u00fcr\u00fclen g\u00f6r\u00fc\u015fmeler s\u0131ras\u0131nda tespit edilen ve kamuoyuna da yans\u0131yan mutabakat noktalar\u0131n\u0131n pek \u00e7o\u011funun yer ald\u0131\u011f\u0131 g\u00f6r\u00fcl\u00fcyor. TEB\u2019in \u201cTespitlerimiz ve \u00d6nerilenler\u201d ba\u015fl\u0131\u011f\u0131 ad\u0131 alt\u0131nda yapt\u0131\u011f\u0131 a\u00e7\u0131klamada da bu uzla\u015f\u0131 noktalar\u0131n\u0131 g\u00f6rmek m\u00fcmk\u00fcn.<\/font><\/p>\n<p><font face=\"Times New Roman\" size=\"3\">\u00a0<\/font> <\/p>\n<p style=\"margin: 0cm 0cm 0pt\" class=\"MsoNormal\"><font face=\"Times New Roman\" size=\"3\">E-s\u00f6zle\u015fme tehdidinin kalkmas\u0131, TEB\u2019in s\u00f6zle\u015fmenin yetkili taraflar\u0131ndan biri olarak kabul edilmesi, eczanelerin SUT\u2019da 1. basamak sa\u011fl\u0131k hizmet sunucusu olarak yer almas\u0131, g\u00fcn\u00fc birlik tedavi kapsam\u0131ndan \u00f6zel hastanelerin \u00e7\u0131kar\u0131lmas\u0131, \u00f6zel hastane muayene katk\u0131 paylar\u0131n\u0131n tahsilat\u0131n\u0131n serbest eczaneler \u00fczerinden kalkmas\u0131 gibi olumlu y\u00f6ndeki de\u011fi\u015fikliklerin \u00e7o\u011fu imzalanan 2009 protokol\u00fcnde yer al\u0131yor.<\/font><\/p>\n<p><font face=\"Times New Roman\" size=\"3\">\u00a0<\/font> <\/p>\n<p style=\"margin: 0cm 0cm 0pt\" class=\"MsoNormal\"><font face=\"Times New Roman\" size=\"3\">TEB ile SGK aras\u0131ndaki uzla\u015fmazl\u0131k noktalar\u0131ndan olan re\u00e7ete da\u011f\u0131t\u0131m sistemi ve A grubu re\u00e7etelerinin \u00f6rneklenmesi ile ilgili sorun \u00c7al\u0131\u015fma ve Sosyal G\u00fcvenlik Bakan\u0131 ile yap\u0131lan g\u00f6r\u00fc\u015fmede esastan olmasa da \u00e7\u00f6z\u00fcld\u00fc\u011f\u00fc anla\u015f\u0131l\u0131yor. Bu konudaki yeni a\u00e7\u0131l\u0131m Dan\u0131\u015ftay karar\u0131 kesinle\u015finceye kadar re\u00e7ete da\u011f\u0131t\u0131m sisteminin eczac\u0131 odalar\u0131 \u00fczerinden devam etmesidir. Re\u00e7ete da\u011f\u0131t\u0131m sisteminin gelece\u011fi Dan\u0131\u015ftay\u2019\u0131n verece\u011fi kararla kesinle\u015fecek.<\/font><\/p>\n<p><font face=\"Times New Roman\" size=\"3\">\u00a0<\/font> <\/p>\n<p style=\"margin: 0cm 0cm 0pt\" class=\"MsoNormal\"><font face=\"Times New Roman\" size=\"3\">A grubu re\u00e7etelerinin \u00f6rnekleme y\u00f6ntemi ile kontrol\u00fcnde uygulanacak olan hata marj\u0131n\u0131n %5\u2019den %3\u2019e d\u00fc\u015f\u00fcr\u00fclmesi protokolde yer alan bir di\u011fer de\u011fi\u015fiklik. Ancak A grubu re\u00e7etelerinin \u00f6rnekleme kapsam\u0131na al\u0131nmas\u0131 ba\u015fl\u0131 ba\u015f\u0131na bir sorundur. Hata marj\u0131n\u0131n %3 olmas\u0131 sorunu ortadan kald\u0131rmayacak.<\/font><\/p>\n<p><font face=\"Times New Roman\" size=\"3\">\u00a0<\/font> <\/p>\n<p style=\"margin: 0cm 0cm 0pt\" class=\"MsoNormal\"><font face=\"Times New Roman\" size=\"3\">\u0130mzalanan protokol\u00fcn elbette ki \u00f6nemli art\u0131lar\u0131 var. Ancak soruna sadece barda\u011f\u0131n dolu taraf\u0131ndan bakmak yetmiyor. 21 Aral\u0131k eylemi eczac\u0131l\u0131k tarihinde mihenk ta\u015f\u0131 olabilecek bir eylemdi. Bug\u00fcn masada elde edilen kazan\u0131mlar\u0131n pek \u00e7o\u011fu bu eylemin g\u00fcc\u00fc ile elde edildi. Eczac\u0131 \u2013 Eczac\u0131 ortakl\u0131\u011f\u0131 gibi en temel sorunlardan biri bug\u00fcn i\u00e7in sorun olmaktan \u00e7\u0131kt\u0131ysa ve ortakl\u0131k yasa teklif tasar\u0131s\u0131 Sa\u011fl\u0131k Bakanl\u0131\u011f\u0131 taraf\u0131ndan geri \u00e7ekildiyse bu 21 Aral\u0131k eyleminin yaratt\u0131\u011f\u0131 bask\u0131n\u0131n sonucudur.<\/font><\/p>\n<p><font face=\"Times New Roman\" size=\"3\">\u00a0<\/font> <\/p>\n<p style=\"margin: 0cm 0cm 0pt\" class=\"MsoNormal\"><font face=\"Times New Roman\" size=\"3\">\u0130mzalanan protokol\u00fcn 3 y\u0131ll\u0131k bir d\u00f6nemi kapsamas\u0131 sanayi iskontosu gibi \u00f6nemli bir sorunun eczaneler \u00fczerinde 3 y\u0131l daha s\u00fcrd\u00fcr\u00fclmesi anlam\u0131na geliyor. Ko\u015fullar\u0131n\u0131 bu \u00f6l\u00e7\u00fcde olgunla\u015ft\u0131rd\u0131\u011f\u0131m\u0131z bir m\u00fccadele s\u00fcrecinde bu sorunun \u00e7\u00f6z\u00fcm\u00fcne ili\u015fkin protokolde tek bir s\u00f6z dahi yer almam\u0131\u015f olmas\u0131, yeni protokol\u00fcn eczac\u0131lar bak\u0131m\u0131ndan en \u00f6nemli handikap\u0131d\u0131r.<\/font><\/p>\n<p><font face=\"Times New Roman\" size=\"3\">\u00a0<\/font> <\/p>\n<p style=\"margin: 0cm 0cm 0pt\" class=\"MsoNormal\"><font face=\"Times New Roman\" size=\"3\">Sonu\u00e7 olarak elde edilen kazan\u0131mlar \u00f6nemli ancak hareketin i\u00e7inde ta\u015f\u0131d\u0131\u011f\u0131 \u00e7e\u015fitli zaaflar nedeni ile eylemlilik s\u00fcrecinin potansiyeli ve kararl\u0131l\u0131\u011f\u0131 g\u00f6r\u00fc\u015fme masas\u0131na yeterince yans\u0131t\u0131lamad\u0131. S\u00fcrecin bu bak\u0131mdan da sorgulanmaya ihtiyac\u0131 var!<\/font><\/p>\n","protected":false},"excerpt":{"rendered":"<p>TEB ile SGK\u2019n\u0131n \u00fczerinde uzla\u015famad\u0131klar\u0131 2009 protokol\u00fc kar\u015f\u0131l\u0131kl\u0131 restle\u015fmenin ve t\u0131rmanan gerilimin ard\u0131ndan TEB\u2019in \u00f6nce Sa\u011fl\u0131k Bakan\u0131 ile arkas\u0131ndanda \u00c7al\u0131\u015fma&#46;&#46;&#46;<\/p>\n","protected":false},"author":1,"featured_media":0,"comment_status":"closed","ping_status":"closed","sticky":false,"template":"","format":"standard","meta":{"_jetpack_memberships_contains_paid_content":false,"footnotes":""},"categories":[1],"tags":[],"class_list":["post-3519","post","type-post","status-publish","format-standard","hentry","category-ced"],"aioseo_notices":[],"jetpack_featured_media_url":"","jetpack_sharing_enabled":true,"jetpack-related-posts":[],"_links":{"self":[{"href":"http:\/\/www.ced.org.tr\/index.php?rest_route=\/wp\/v2\/posts\/3519","targetHints":{"allow":["GET"]}}],"collection":[{"href":"http:\/\/www.ced.org.tr\/index.php?rest_route=\/wp\/v2\/posts"}],"about":[{"href":"http:\/\/www.ced.org.tr\/index.php?rest_route=\/wp\/v2\/types\/post"}],"author":[{"embeddable":true,"href":"http:\/\/www.ced.org.tr\/index.php?rest_route=\/wp\/v2\/users\/1"}],"replies":[{"embeddable":true,"href":"http:\/\/www.ced.org.tr\/index.php?rest_route=%2Fwp%2Fv2%2Fcomments&post=3519"}],"version-history":[{"count":0,"href":"http:\/\/www.ced.org.tr\/index.php?rest_route=\/wp\/v2\/posts\/3519\/revisions"}],"wp:attachment":[{"href":"http:\/\/www.ced.org.tr\/index.php?rest_route=%2Fwp%2Fv2%2Fmedia&parent=3519"}],"wp:term":[{"taxonomy":"category","embeddable":true,"href":"http:\/\/www.ced.org.tr\/index.php?rest_route=%2Fwp%2Fv2%2Fcategories&post=3519"},{"taxonomy":"post_tag","embeddable":true,"href":"http:\/\/www.ced.org.tr\/index.php?rest_route=%2Fwp%2Fv2%2Ftags&post=3519"}],"curies":[{"name":"wp","href":"https:\/\/api.w.org\/{rel}","templated":true}]}}