{"id":3521,"date":"2009-01-29T10:37:10","date_gmt":"2009-01-29T08:37:10","guid":{"rendered":"http:\/\/www.ced.org.tr\/?p=3521"},"modified":"2009-01-29T10:37:10","modified_gmt":"2009-01-29T08:37:10","slug":"2008-yili-sgk-saglik-uygulama-tebliginde-degisiklik-yapilmasina-dair-teblig","status":"publish","type":"post","link":"http:\/\/www.ced.org.tr\/?p=3521","title":{"rendered":"2008 YILI SGK SA\u011eLIK UYGULAMA TEBL\u0130\u011e\u0130NDE DE\u011e\u0130\u015e\u0130KL\u0130K YAPILMASINA DA\u0130R TEBL\u0130\u011e"},"content":{"rendered":"<table border=\"0\" cellspacing=\"0\" cellpadding=\"0\" width=\"586\" class=\"MsoNormalTable\" style=\"width: 439.5pt\">\n<tbody>\n<tr>\n<td width=\"195\" style=\"width: 146.25pt; background-color: transparent; border: #d4d0c8; padding: 0cm\">\n<p style=\"margin: 0cm 0cm 0pt\" class=\"MsoNormal\"><font face=\"Times New Roman\" size=\"3\">29 Ocak 2009 PER\u015eEMBE<\/font><\/p>\n<\/td>\n<td width=\"195\" style=\"width: 146.25pt; background-color: transparent; border: #d4d0c8; padding: 0cm\">\n<p style=\"margin: 0cm 0cm 0pt\" class=\"MsoNormal\"><font face=\"Times New Roman\" size=\"3\"><strong>Resm\u00ee Gazete<\/strong><\/font><\/p>\n<\/td>\n<td width=\"195\" style=\"width: 146.25pt; background-color: transparent; border: #d4d0c8; padding: 0cm\">\n<p style=\"margin: 0cm 0cm 0pt\" class=\"MsoNormal\"><font face=\"Times New Roman\" size=\"3\">Say\u0131 : 27125<\/font><\/p>\n<\/td>\n<\/tr>\n<tr>\n<td colspan=\"3\" width=\"586\" style=\"width: 439.5pt; background-color: transparent; border: #d4d0c8; padding: 0cm\"><font face=\"Times New Roman\" size=\"3\">\u00a0<\/font><\/td>\n<\/tr>\n<\/tbody>\n<\/table>\n<p><font face=\"Times New Roman\" size=\"3\">\u00a0<\/font> <\/p>\n<p style=\"margin: 0cm 0cm 0pt\" class=\"MsoNormal\"><font face=\"Times New Roman\" size=\"3\">Sosyal G\u00fcvenlik Kurumundan: 2008 YILI SOSYAL G\u00dcVENL\u0130K KURUMU SA\u011eLIK UYGULAMA\u00a0TEBL\u0130\u011e\u0130NDE DE\u011e\u0130\u015e\u0130KL\u0130K YAPILMASINA DA\u0130R TEBL\u0130\u011e<\/font><\/p>\n<p style=\"margin: 0cm 0cm 0pt\" class=\"MsoNormal\"><font face=\"Times New Roman\" size=\"3\">\u00a0\u00a0\u00a0\u00a0\u00a0\u00a0\u00a0\u00a0\u00a0\u00a0\u00a0\u00a0 <strong>MADDE 1<\/strong> \u2013 29\/9\/2008 tarihli ve 27012 say\u0131l\u0131 birinci m\u00fckerrer Resm\u00ee Gazete\u2019de yay\u0131mlanan \u201c2008 Y\u0131l\u0131 Sosyal G\u00fcvenlik Kurumu Sa\u011fl\u0131k Uygulama Tebli\u011fi\u201dnin (SUT) \u201cSa\u011fl\u0131k hizmeti sunucular\u0131\u201d ba\u015fl\u0131kl\u0131 (2) numaral\u0131 maddesinde a\u015fa\u011f\u0131da belirtilen d\u00fczenlemeler yap\u0131lm\u0131\u015ft\u0131r.<br \/>\u00a0\u00a0\u00a0\u00a0\u00a0\u00a0\u00a0\u00a0\u00a0\u00a0\u00a0\u00a0 a) SUT\u2019un (2.1) numaral\u0131 maddesine a\u015fa\u011f\u0131daki (c) bendi eklenmi\u015ftir.<br \/>\u00a0\u00a0\u00a0\u00a0\u00a0\u00a0\u00a0\u00a0\u00a0\u00a0\u00a0\u00a0 \u201cc) Serbest Eczaneler<br \/>\u00a0\u00a0\u00a0\u00a0\u00a0\u00a0\u00a0\u00a0\u00a0\u00a0\u00a0\u00a0 6197 say\u0131l\u0131 Eczac\u0131lar ve Eczaneler Hakk\u0131nda Kanun kapsam\u0131nda serbest faaliyet g\u00f6steren ve birinci basamak sa\u011fl\u0131k kurulu\u015fu olan eczaneleri.\u201d<br \/>\u00a0\u00a0\u00a0\u00a0\u00a0\u00a0\u00a0\u00a0\u00a0\u00a0\u00a0\u00a0 b) SUT\u2019un (2.4) numaral\u0131 maddesi a\u015fa\u011f\u0131da belirtildi\u011fi \u015fekilde yeniden d\u00fczenlenmi\u015ftir.<br \/>\u00a0\u00a0\u00a0\u00a0\u00a0\u00a0\u00a0\u00a0\u00a0\u00a0\u00a0\u00a0 \u201ca) Optisyenlik m\u00fcesseseleri,<br \/>\u00a0\u00a0\u00a0\u00a0\u00a0\u00a0\u00a0\u00a0\u00a0\u00a0\u00a0\u00a0 b) T\u0131bbi cihaz ve malzeme tedarik\u00e7ileri,<br \/>\u00a0\u00a0\u00a0\u00a0\u00a0\u00a0\u00a0\u00a0\u00a0\u00a0\u00a0\u00a0 c) Kapl\u0131calar.\u201d<br \/>\u00a0\u00a0\u00a0\u00a0\u00a0\u00a0\u00a0\u00a0\u00a0\u00a0\u00a0\u00a0 <strong>MADDE 2<\/strong> \u2013 SUT\u2019un \u201cKat\u0131l\u0131m pay\u0131\u201d ba\u015fl\u0131kl\u0131 (6) numaral\u0131 maddesinde a\u015fa\u011f\u0131da belirtilen d\u00fczenlemeler yap\u0131lm\u0131\u015ft\u0131r.<br \/>\u00a0\u00a0\u00a0\u00a0\u00a0\u00a0\u00a0\u00a0\u00a0\u00a0\u00a0\u00a0 a) SUT\u2019un (6.6.1) numaral\u0131 maddesinin (b) bendi a\u015fa\u011f\u0131da belirtildi\u011fi \u015fekilde yeniden d\u00fczenlenmi\u015ftir.<br \/>\u00a0\u00a0\u00a0\u00a0\u00a0\u00a0\u00a0\u00a0\u00a0\u00a0\u00a0\u00a0 \u201cb) Di\u011fer ki\u015filer i\u00e7in ise; resmi sa\u011fl\u0131k kurum ve kurulu\u015flar\u0131nda yap\u0131lan muayenelerde re\u00e7ete ile ila\u00e7 temini i\u00e7in ba\u015fvurulan Kurumla s\u00f6zle\u015fmeli eczaneler taraf\u0131ndan, \u00f6zel sa\u011fl\u0131k kurumlar\u0131nda yap\u0131lan muayenelerde bu kurumlar taraf\u0131ndan ki\u015filerden,\u201d<br \/>\u00a0\u00a0\u00a0\u00a0\u00a0\u00a0\u00a0\u00a0\u00a0\u00a0\u00a0\u00a0 b) SUT\u2019un (6.6.1) numaral\u0131 maddesinin (\u00e7) bendi y\u00fcr\u00fcrl\u00fckten kald\u0131r\u0131lm\u0131\u015ft\u0131r.<br \/>\u00a0\u00a0\u00a0\u00a0\u00a0\u00a0\u00a0\u00a0\u00a0\u00a0\u00a0\u00a0 <strong>MADDE 3<\/strong> \u2013 SUT\u2019un (12.1.2) numaral\u0131 maddesinin d\u00f6rd\u00fcnc\u00fc f\u0131kras\u0131na birinci c\u00fcmleden sonra gelmek \u00fczere \u201c\u00d6zel sa\u011fl\u0131k kurumlar\u0131nda yap\u0131lan g\u00fcn\u00fcbirlik tedavilerde kullan\u0131lan ve tan\u0131ya dayal\u0131 i\u015fleme dahil olmayan ila\u00e7lar\u0131n serbest eczanelerden temini esast\u0131r.\u201d c\u00fcmlesi eklenmi\u015ftir.<br \/>\u00a0\u00a0\u00a0\u00a0\u00a0\u00a0\u00a0\u00a0\u00a0\u00a0\u00a0\u00a0 <strong>MADDE 4<\/strong> \u2013 SUT\u2019un \u201c12.2. Re\u00e7etelere yaz\u0131labilecek ila\u00e7 miktar\u0131\u201d ba\u015fl\u0131kl\u0131 maddesinin \u00fc\u00e7\u00fcnc\u00fc f\u0131kras\u0131n\u0131n ikinci c\u00fcmlesi metinden \u00e7\u0131kar\u0131lm\u0131\u015ft\u0131r.<br \/>\u00a0\u00a0\u00a0\u00a0\u00a0\u00a0\u00a0\u00a0\u00a0\u00a0\u00a0\u00a0 <strong>MADDE 5<\/strong> \u2013 SUT\u2019un \u201cFinansman\u0131 sa\u011flanan sa\u011fl\u0131k hizmetleri ve sa\u011flanma y\u00f6ntemleri\u201d ba\u015fl\u0131kl\u0131 (24) numaral\u0131 maddesinde a\u015fa\u011f\u0131da belirtilen d\u00fczenlemeler yap\u0131lm\u0131\u015ft\u0131r.<br \/>\u00a0\u00a0\u00a0\u00a0\u00a0\u00a0\u00a0\u00a0\u00a0\u00a0\u00a0\u00a0 a) SUT\u2019un (24) numaral\u0131 maddesinin \u00fc\u00e7\u00fcnc\u00fc f\u0131kras\u0131na birinci c\u00fcmleden sonra gelmek \u00fczere \u201cAyr\u0131ca Kurum, ila\u00e7 teminine ili\u015fkin serbest eczaneler ile yapaca\u011f\u0131 s\u00f6zle\u015fmeye esas olu\u015fturmak \u00fczere 6643 say\u0131l\u0131 T\u00fcrk Eczac\u0131lar\u0131 Birli\u011fi Kanununun 39 uncu maddesi (j) bendi kapsam\u0131nda T\u00fcrk Eczac\u0131lar\u0131 Birli\u011fi ile protokol yapar.\u201d c\u00fcmlesi eklenmi\u015ftir.<br \/>\u00a0\u00a0\u00a0\u00a0\u00a0\u00a0\u00a0\u00a0\u00a0\u00a0\u00a0\u00a0 b) SUT\u2019un (24.1.1.1) numaral\u0131 maddesine ikinci f\u0131kra olarak a\u015fa\u011f\u0131daki ibare eklenmi\u015ftir.<br \/>\u00a0\u00a0\u00a0\u00a0\u00a0\u00a0\u00a0\u00a0\u00a0\u00a0\u00a0\u00a0 \u201cSUT\u2019un (2.1) numaral\u0131 maddesi (c) bendinde tan\u0131mlanan sa\u011fl\u0131k kurulu\u015flar\u0131na (serbest eczanelere) bu madde kapsam\u0131nda herhangi bir \u00f6deme yap\u0131lmaz.\u201d<br \/>\u00a0\u00a0\u00a0\u00a0\u00a0\u00a0\u00a0\u00a0\u00a0\u00a0\u00a0\u00a0 <strong>MADDE 6<\/strong> \u2013 Bu Tebli\u011f h\u00fck\u00fcmleri 1\/2\/2009 tarihinde y\u00fcr\u00fcrl\u00fc\u011fe girer.<br \/>\u00a0\u00a0\u00a0\u00a0\u00a0\u00a0\u00a0\u00a0\u00a0\u00a0\u00a0\u00a0 <strong>MADDE 7<\/strong> \u2013 Bu Tebli\u011f h\u00fck\u00fcmlerini Sosyal G\u00fcvenlik Kurumu Ba\u015fkan\u0131 y\u00fcr\u00fct\u00fcr.<\/font><\/p>\n","protected":false},"excerpt":{"rendered":"<p>29 Ocak 2009 PER\u015eEMBE Resm\u00ee Gazete Say\u0131 : 27125 \u00a0 \u00a0 Sosyal G\u00fcvenlik Kurumundan: 2008 YILI SOSYAL G\u00dcVENL\u0130K KURUMU SA\u011eLIK&#46;&#46;&#46;<\/p>\n","protected":false},"author":1,"featured_media":0,"comment_status":"closed","ping_status":"closed","sticky":false,"template":"","format":"standard","meta":{"_jetpack_memberships_contains_paid_content":false,"footnotes":""},"categories":[1],"tags":[],"class_list":["post-3521","post","type-post","status-publish","format-standard","hentry","category-ced"],"aioseo_notices":[],"jetpack_featured_media_url":"","jetpack_sharing_enabled":true,"jetpack-related-posts":[],"_links":{"self":[{"href":"http:\/\/www.ced.org.tr\/index.php?rest_route=\/wp\/v2\/posts\/3521","targetHints":{"allow":["GET"]}}],"collection":[{"href":"http:\/\/www.ced.org.tr\/index.php?rest_route=\/wp\/v2\/posts"}],"about":[{"href":"http:\/\/www.ced.org.tr\/index.php?rest_route=\/wp\/v2\/types\/post"}],"author":[{"embeddable":true,"href":"http:\/\/www.ced.org.tr\/index.php?rest_route=\/wp\/v2\/users\/1"}],"replies":[{"embeddable":true,"href":"http:\/\/www.ced.org.tr\/index.php?rest_route=%2Fwp%2Fv2%2Fcomments&post=3521"}],"version-history":[{"count":0,"href":"http:\/\/www.ced.org.tr\/index.php?rest_route=\/wp\/v2\/posts\/3521\/revisions"}],"wp:attachment":[{"href":"http:\/\/www.ced.org.tr\/index.php?rest_route=%2Fwp%2Fv2%2Fmedia&parent=3521"}],"wp:term":[{"taxonomy":"category","embeddable":true,"href":"http:\/\/www.ced.org.tr\/index.php?rest_route=%2Fwp%2Fv2%2Fcategories&post=3521"},{"taxonomy":"post_tag","embeddable":true,"href":"http:\/\/www.ced.org.tr\/index.php?rest_route=%2Fwp%2Fv2%2Ftags&post=3521"}],"curies":[{"name":"wp","href":"https:\/\/api.w.org\/{rel}","templated":true}]}}