{"id":3522,"date":"2009-02-02T12:08:05","date_gmt":"2009-02-02T10:08:05","guid":{"rendered":"http:\/\/www.ced.org.tr\/?p=3522"},"modified":"2009-02-02T12:08:05","modified_gmt":"2009-02-02T10:08:05","slug":"saglik-uygulama-tebligine-iliskin-200916-sayili-genelge-ve-eki-listeler","status":"publish","type":"post","link":"http:\/\/www.ced.org.tr\/?p=3522","title":{"rendered":"SA\u011eLIK UYGULAMA TEBL\u0130\u011e\u0130NE \u0130L\u0130\u015eK\u0130N 2009\/16 SAYILI GENELGE VE EK\u0130 L\u0130STELER"},"content":{"rendered":"<p>TEB&#8217;den yap\u0131lan a\u00e7\u0131klama;\u00a0<\/p>\n<p>T.C.Sosyal G\u00fcvenlik Kurumu Genel Sa\u011fl\u0131k Sigortas\u0131 Genel M\u00fcd\u00fcrl\u00fc\u011f\u00fc \u0130la\u00e7 ve T\u0131bbi Malzeme Mevzuat\u0131 Daire Ba\u015fkanl\u0131\u011f\u0131 taraf\u0131ndan 28.01.2009 tarihinde \u201cSUT ve eklerinde yap\u0131lan d\u00fczenlemeler\u201d konulu 2009\/16 Say\u0131l\u0131 Genelge yay\u0131mlanm\u0131\u015ft\u0131r.<br \/>2009\/16 Say\u0131l\u0131 Genelge ile, 5510 say\u0131l\u0131 Sosyal Sigortalar ve Genel Sa\u011fl\u0131k Sigortas\u0131 Kanununun 63. maddesi ve Be\u015feri \u0130la\u00e7lar\u0131n Fiyatland\u0131r\u0131lmas\u0131na Dair 12.06.2007 tarih 2007\/12325 say\u0131l\u0131 Bakanlar Kurulu Karar\u0131n\u0131n 4 \u00fcnc\u00fc maddesi gere\u011fi olu\u015fturulan \u00d6deme Komisyonunun; \u201c\u00d6deme Komisyonunun \u00c7al\u0131\u015fma Usul ve Esaslar\u0131 Hakk\u0131nda Y\u00f6nerge\u201d gere\u011fi 6. d\u00f6nem \u00e7al\u0131\u015fmalar\u0131n\u0131 tamamlam\u0131\u015f oldu\u011fu ve al\u0131nan kararlar ile ilgili olarak SUT ve eklerinde a\u015fa\u011f\u0131daki \u015fekilde de\u011fi\u015fiklik ve d\u00fczenlemeler yap\u0131ld\u0131\u011f\u0131 duyurulmu\u015ftur. Genelge ile 2008 Say\u0131l\u0131 Sosyal G\u00fcvenlik Kurumu Sa\u011fl\u0131k Uygulama Tebli\u011fi\u2019nin,<\/p>\n<p><strong>1-<\/strong>\u201c12.7.14. Kanser ila\u00e7lar\u0131 verilme ilkeleri\u201d ba\u015fl\u0131kl\u0131 maddesinin c-3-d bendinin son paragraf\u0131ndan sonra gelmek \u00fczere;<br \/>\u201cLapatinib: Daha \u00f6nce antrasiklin, taksan ve trastuzumab ile tedavi g\u00f6rm\u00fc\u015f ve halen progresyon g\u00f6steren, c-erb B2 imm\u00fcnhistokimya testi sonucu 3+ veya FISH + olan metastatik meme kanserli hastalar\u0131n\u0131n tedavisinde kapesitabin ile kombine olarak kullan\u0131l\u0131r. Lapatinib + kapesitabin progresyona kadar ge\u00e7en s\u00fcrede, hastan\u0131n tedaviden fayda g\u00f6rmesi ve bu durumun re\u00e7ete \u00fczerinde<br \/>hekim taraf\u0131ndan belirtilmesi halinde \u00f6denir. Lapatinib + kapesitabin kullan\u0131l\u0131yor iken progresyon geli\u015fen hastalarda tedavinin sonraki basamaklar\u0131nda Lapatinib \u00f6denmez.\u201d F\u0131kras\u0131 eklenmi\u015ftir.<\/p>\n<p><strong>2-<\/strong> \u201c12.7.20. Palivizumab kullan\u0131m ilkeleri\u201d ba\u015fl\u0131kl\u0131 maddesine b bendinin ilk f\u0131kras\u0131ndan sonra gelmek \u00fczere;<br \/>&#8220;c)12 ayl\u0131ktan k\u00fc\u00e7\u00fck;<br \/>&#8211; Soldan sa\u011fa \u015fantl\u0131 do\u011fu\u015ftan kalp hastal\u0131\u011f\u0131na sahip olup, konjestif kalp yetersizli\u011fi tedavisi almas\u0131 gereken bebeklerde,<br \/>&#8211; Siyanotik do\u011fu\u015ftan kalp hastal\u0131klar\u0131 olan bebeklerde,<br \/>&#8211; D\u00fczeltilmemi\u015f ya da k\u0131smen d\u00fczeltilmi\u015f kompleks do\u011fu\u015ftan kalp hastal\u0131klar\u0131 olan bebeklerde,<br \/>&#8211; Opere edildi\u011fi halde rezid\u00fc hemodinamik bozukluk nedeniyle konjestif kalp yetersizli\u011fi tedavisi almaya devam eden bebeklerde,<br \/>&#8211; \u00d6nemli pulmoner hipertansiyonlu bebeklerde (Sistemik bas\u0131nc\u0131n %50\u2019sinden fazlas\u0131)<br \/>&#8211; Hemodinamik bozukluk nedeniyle tedavi almas\u0131 gereken kardiyomiyopatili bebeklerde.<br \/>\u00a0\u00a0\u00a0 12-24 ay aras\u0131;<br \/>&#8211; D\u00fczeltilmemi\u015f ya da k\u0131smen d\u00fczeltilmi\u015f kompleks do\u011fu\u015ftan kalp hastal\u0131\u011f\u0131 olan bebeklerde,<br \/>&#8211; Opere edildi\u011fi halde rezid\u00fc hemodinamik bozukluk nedeniyle konjestif kalp yetersizli\u011fi tedavisi almaya devam eden bebeklerde,<br \/>&#8211; Hemodinamik bozukluk nedeniyle tedavi almas\u0131 gereken kardiyomiyopatili bebeklerde,<br \/>&#8211; \u00d6nemli pulmoner hipertansiyonu olan bebeklerde (Sistemik bas\u0131nc\u0131n %50\u2019sinden fazlas\u0131)<br \/>kullan\u0131l\u0131r.&#8221; Bendi eklenmi\u015ftir.<\/p>\n<p><strong>3-<\/strong> Tebli\u011f Eki \u201cHasta Kat\u0131l\u0131m Pay\u0131ndan Muaf \u0130la\u00e7lar Listesi\u201d Ek:2 Listesine;<br \/>6.3.9. adalimumab *(sadece crohn hastal\u0131\u011f\u0131nda muafiyet kapsam\u0131ndad\u0131r)<br \/>7.1.4.4. pegvisomant<br \/>maddeleri eklenmi\u015ftir.<\/p>\n<p><strong>4-<\/strong> Tebli\u011f Eki \u201cBedeli \u00d6denecek \u0130la\u00e7lar Listesi\u201d EK:2D Listesinde bulunan;<br \/>\u201cZexate Enjektabl Solusyon \u0130\u00e7eren Flakon 15mg\/3ml\u201d isimli ila\u00e7 antineoplastik olarak kullan\u0131ld\u0131\u011f\u0131nda \u201cE168H\u201d e\u015fde\u011fer kodunda; antineoplastik etkisi d\u0131\u015f\u0131nda \u201cMetoject Enjeksiyonluk Solusyon 15mg\/1.5ml\u201d isimli ila\u00e7 ile birlikte \u201cE168G\u201d E\u015fde\u011fer grubunda de\u011ferlendirilecektir.<\/p>\n<p><strong>5-<\/strong> Tebli\u011f Eki \u201cSistemik Antimikrobik Ve Di\u011fer \u0130la\u00e7lar\u0131n Re\u00e7eteleme Kurallar\u0131\u201d<br \/>Ek:2A Listesinin;<br \/>119. Maddesi;<br \/>Valasiklovir :UHP (Herpes labialis endikasyonunda ise; UHP ko\u015fulu ile en k\u00fc\u00e7\u00fck doz ve en k\u00fc\u00e7\u00fck ambalaj formu \u00f6denir.)<br \/>202. Maddesi;<br \/>\u201cPodofilin: Sadece kondiloma endikasyonunda \u00f6denir ve bu endikasyonda uzman hekimler taraf\u0131ndan re\u00e7etelenir.\u201d<br \/>\u015eeklinde d\u00fczenlenmi\u015ftir.<\/p>\n<p><strong>6-<\/strong> Bu Genelge ekleri ile birlikte 28.01.2009 tarihinde y\u00fcr\u00fcrl\u00fc\u011fe girer.<\/p>\n<p>2009\/16 Say\u0131l\u0131 Genelge ekinde yay\u0131mlanan Listeler ile, EK-2\/D (Bedeli \u00d6denecek \u0130la\u00e7lar) Listesinde ve EK-2\/E de ekleme, de\u011fi\u015fiklik ve d\u00fczenlemeler yap\u0131lm\u0131\u015ft\u0131r. Genelge ve ekleri 28.01.2009 tarihinden itibaren y\u00fcr\u00fcrl\u00fc\u011fe girmi\u015ftir.<\/p>\n<p>Eki: 2009\/16 Say\u0131l\u0131 Genelge ve eki listeler<br \/>EK DOSYALAR \u0130\u00c7\u0130N TIKLAYINIZ<\/p>\n<p><a class=\"txt\" href=\"http:\/\/www.teb.org.tr\/images\/upld2\/haberler\/VUw20090129133350duzenleme_28012009.xls\" target=\"_blank\">Ek-1<\/a>\u00a0\u00a0<\/p>\n","protected":false},"excerpt":{"rendered":"<p>TEB&#8217;den yap\u0131lan a\u00e7\u0131klama;\u00a0 T.C.Sosyal G\u00fcvenlik Kurumu Genel Sa\u011fl\u0131k Sigortas\u0131 Genel M\u00fcd\u00fcrl\u00fc\u011f\u00fc \u0130la\u00e7 ve T\u0131bbi Malzeme Mevzuat\u0131 Daire Ba\u015fkanl\u0131\u011f\u0131 taraf\u0131ndan 28.01.2009&#46;&#46;&#46;<\/p>\n","protected":false},"author":1,"featured_media":0,"comment_status":"closed","ping_status":"closed","sticky":false,"template":"","format":"standard","meta":{"_jetpack_memberships_contains_paid_content":false,"footnotes":""},"categories":[1],"tags":[],"class_list":["post-3522","post","type-post","status-publish","format-standard","hentry","category-ced"],"aioseo_notices":[],"jetpack_featured_media_url":"","jetpack_sharing_enabled":true,"jetpack-related-posts":[],"_links":{"self":[{"href":"http:\/\/www.ced.org.tr\/index.php?rest_route=\/wp\/v2\/posts\/3522","targetHints":{"allow":["GET"]}}],"collection":[{"href":"http:\/\/www.ced.org.tr\/index.php?rest_route=\/wp\/v2\/posts"}],"about":[{"href":"http:\/\/www.ced.org.tr\/index.php?rest_route=\/wp\/v2\/types\/post"}],"author":[{"embeddable":true,"href":"http:\/\/www.ced.org.tr\/index.php?rest_route=\/wp\/v2\/users\/1"}],"replies":[{"embeddable":true,"href":"http:\/\/www.ced.org.tr\/index.php?rest_route=%2Fwp%2Fv2%2Fcomments&post=3522"}],"version-history":[{"count":0,"href":"http:\/\/www.ced.org.tr\/index.php?rest_route=\/wp\/v2\/posts\/3522\/revisions"}],"wp:attachment":[{"href":"http:\/\/www.ced.org.tr\/index.php?rest_route=%2Fwp%2Fv2%2Fmedia&parent=3522"}],"wp:term":[{"taxonomy":"category","embeddable":true,"href":"http:\/\/www.ced.org.tr\/index.php?rest_route=%2Fwp%2Fv2%2Fcategories&post=3522"},{"taxonomy":"post_tag","embeddable":true,"href":"http:\/\/www.ced.org.tr\/index.php?rest_route=%2Fwp%2Fv2%2Ftags&post=3522"}],"curies":[{"name":"wp","href":"https:\/\/api.w.org\/{rel}","templated":true}]}}