{"id":3524,"date":"2009-02-02T12:12:45","date_gmt":"2009-02-02T10:12:45","guid":{"rendered":"http:\/\/www.ced.org.tr\/?p=3524"},"modified":"2009-02-02T12:12:45","modified_gmt":"2009-02-02T10:12:45","slug":"saglik-bakani-hizmet-isteyen-vatandasi-azarladi","status":"publish","type":"post","link":"http:\/\/www.ced.org.tr\/?p=3524","title":{"rendered":"Sa\u011fl\u0131k Bakan\u0131 Hizmet isteyen vatanda\u015f\u0131 azarlad\u0131."},"content":{"rendered":"<p><font face=\"Times New Roman\" size=\"3\">Erzurum&#8217;un Tekman \u0130l\u00e7esi&#8217;nde yapt\u0131r\u0131lan Devlet Hastanesi&#8217;nin a\u00e7\u0131l\u0131\u015f\u0131na kat\u0131lan Sa\u011fl\u0131k Bakan\u0131 Recap Akda\u011f, il\u00e7e merkezi d\u0131\u015f\u0131nda oldu\u011fu i\u00e7in hastaneye servis isteyen bir vatanda\u015fa, &#8220;Senin gibi provokat\u00f6rleri \u00e7ok g\u00f6rd\u00fcm&#8221; dedi. <br \/><\/font><font face=\"Times New Roman\" size=\"3\" \/><\/p>\n<p style=\"margin: 0cm 0cm 0pt\" class=\"MsoNormal\">Sa\u011fl\u0131k Bakan\u0131 Recep Akda\u011f, Tekman&#8217;\u0131n il\u00e7esi giri\u015finde iki katl\u0131 olarak 5 milyon 200 bin lira harcamayla yapt\u0131r\u0131lan, 4 bin 925 metrekarelik alana sahip Devlet Hastanesi&#8217;nin a\u00e7\u0131l\u0131\u015f t\u00f6renine kat\u0131lmak i\u00e7in Erzurum&#8217;dan yan\u0131nda AKP Erzurum Milletvekili Saadettin Ayd\u0131n, Vali Sami Bulut ve daire m\u00fcd\u00fcrleri oldu\u011fu halde uzun bir konvoyla geldi. Yakla\u015f\u0131k 200 ki\u015finin haz\u0131r bulundu\u011fu a\u00e7\u0131l\u0131\u015fta bir konu\u015fma yapan Bakan Akda\u011f, ge\u00e7mi\u015f d\u00f6nemlerde temeli at\u0131lan, bir \u00e7ok sa\u011fl\u0131k tesisinin yar\u0131m kald\u0131\u011f\u0131n\u0131 an\u0131msatt\u0131. &#8220;Allah&#8217;a hamd ediyoruz. Bunu bize nasip etti\u011fi i\u00e7in. Sizler bu topraklar\u0131n bek\u00e7ili\u011fini yap\u0131yorsunuz. Biz de sizler i\u00e7in hizmet veriyoruz. \u015eu anda Tekman&#8217;daki bu hastanede 12 doktor var. Bunlardan \u00fc\u00e7\u00fc yak\u0131n k\u00f6ylerde hizmet veriyor&#8221; diyen Bakan Akda\u011f&#8217;\u0131n s\u00f6z\u00fcn\u00fc bir vatanda\u015f kesti. Ad\u0131n\u0131n Celalettin Kartal oldu\u011fu \u00f6\u011frenilen bu ki\u015fi, &#8220;Hastane Tekman&#8217;a uzak. Ya\u015fl\u0131lar\u0131n gelmesi zor. Bir servis konulursa iyi olur&#8221; dedi. <\/p>\n<p><\/font><\/p>\n<p style=\"margin: 0cm 0cm 0pt\" class=\"MsoNormal\"><font face=\"Times New Roman\" size=\"3\">\u0130l\u00e7e merkezine yakla\u015f\u0131k 2 kilometre uzakl\u0131kta bulunan hastane i\u00e7in bu \u00f6neriyi \u00f6nce olumlu kar\u015f\u0131layan Bakan Akda\u011f, yan\u0131ndakilerle konu\u015ftuktan sonra \u015funlar\u0131 s\u00f6yledi: <br \/>&#8220;De\u011ferli karde\u015fim. Ben senin gibi provokat\u00f6rleri \u00e7ok g\u00f6rd\u00fcm. Senin ne oldu\u011fun belli. \u015eimdi kendini g\u00f6sterdin sen. De\u011ferli vatanda\u015flar\u0131m. \u0130lginizi bana y\u00f6nlendirin. Biz bunlara al\u0131\u015fk\u0131n\u0131z. Biz bunlar\u0131n daha ba\u015fkalar\u0131na da al\u0131\u015fk\u0131n\u0131z.&#8221;<\/font><\/p>\n","protected":false},"excerpt":{"rendered":"<p>Erzurum&#8217;un Tekman \u0130l\u00e7esi&#8217;nde yapt\u0131r\u0131lan Devlet Hastanesi&#8217;nin a\u00e7\u0131l\u0131\u015f\u0131na kat\u0131lan Sa\u011fl\u0131k Bakan\u0131 Recap Akda\u011f, il\u00e7e merkezi d\u0131\u015f\u0131nda oldu\u011fu i\u00e7in hastaneye servis isteyen&#46;&#46;&#46;<\/p>\n","protected":false},"author":1,"featured_media":0,"comment_status":"closed","ping_status":"closed","sticky":false,"template":"","format":"standard","meta":{"_jetpack_memberships_contains_paid_content":false,"footnotes":""},"categories":[1],"tags":[],"class_list":["post-3524","post","type-post","status-publish","format-standard","hentry","category-ced"],"aioseo_notices":[],"jetpack_featured_media_url":"","jetpack_sharing_enabled":true,"jetpack-related-posts":[],"_links":{"self":[{"href":"http:\/\/www.ced.org.tr\/index.php?rest_route=\/wp\/v2\/posts\/3524","targetHints":{"allow":["GET"]}}],"collection":[{"href":"http:\/\/www.ced.org.tr\/index.php?rest_route=\/wp\/v2\/posts"}],"about":[{"href":"http:\/\/www.ced.org.tr\/index.php?rest_route=\/wp\/v2\/types\/post"}],"author":[{"embeddable":true,"href":"http:\/\/www.ced.org.tr\/index.php?rest_route=\/wp\/v2\/users\/1"}],"replies":[{"embeddable":true,"href":"http:\/\/www.ced.org.tr\/index.php?rest_route=%2Fwp%2Fv2%2Fcomments&post=3524"}],"version-history":[{"count":0,"href":"http:\/\/www.ced.org.tr\/index.php?rest_route=\/wp\/v2\/posts\/3524\/revisions"}],"wp:attachment":[{"href":"http:\/\/www.ced.org.tr\/index.php?rest_route=%2Fwp%2Fv2%2Fmedia&parent=3524"}],"wp:term":[{"taxonomy":"category","embeddable":true,"href":"http:\/\/www.ced.org.tr\/index.php?rest_route=%2Fwp%2Fv2%2Fcategories&post=3524"},{"taxonomy":"post_tag","embeddable":true,"href":"http:\/\/www.ced.org.tr\/index.php?rest_route=%2Fwp%2Fv2%2Ftags&post=3524"}],"curies":[{"name":"wp","href":"https:\/\/api.w.org\/{rel}","templated":true}]}}