{"id":3526,"date":"2009-02-02T14:56:08","date_gmt":"2009-02-02T12:56:08","guid":{"rendered":"http:\/\/www.ced.org.tr\/?p=3526"},"modified":"2009-02-02T14:56:08","modified_gmt":"2009-02-02T12:56:08","slug":"subat-ayi-koli-teslimat-programi-2","status":"publish","type":"post","link":"http:\/\/www.ced.org.tr\/?p=3526","title":{"rendered":"\u015eubat Ay\u0131 Koli Teslimat Program\u0131"},"content":{"rendered":"<div align=\"left\">\u00b7\u00a0\u00a0 \u00a0http:\/\/istanbul.sgk.gov.tr internet sitemizde;\u201c01.11.2008 Tarihi \u0130tibariyle Evrak Teslimat\u0131 \u201c ba\u015fl\u0131kl\u0131 yaz\u0131da belirtilen s\u00f6zle\u015fmeli eczaneler ile Trakya ili s\u00f6zle\u015fmeli eczaneleri Bayrampa\u015fa depomuzda,<\/p>\n<p>\u00b7\u00a0\u00a0 \u00a0Di\u011fer \u0130stanbul \u0130li s\u00f6zle\u015fmeli eczanelerimiz ise G\u00f6ztepe depomuzda,<\/p>\n<p>A\u015fa\u011f\u0131daki programa g\u00f6re, t\u00fcm kurumlar i\u00e7in birle\u015ftirilmi\u015f \u015fekilde yap\u0131lacakt\u0131r. Gereksiz y\u0131\u011f\u0131lman\u0131n olu\u015fmamas\u0131 i\u00e7in eczac\u0131lar\u0131m\u0131z\u0131n programa uymalar\u0131n\u0131 rica ederiz. Koliler S\u00f6zle\u015fmeli Eczac\u0131 haricindeki ki\u015filerce de teslim edilebilir.<br \/>Kargo ile teslimat yapacak eczac\u0131lar\u0131m\u0131z i\u00e7in g\u00fcn s\u0131n\u0131rlamas\u0131 yap\u0131lmayacakt\u0131r.<\/div>\n<div align=\"left\">Koli teslimat\u0131ndan \u00f6nce yap\u0131lmas\u0131 gereken i\u015flemler hakk\u0131nda ve koli teslimat\u0131nda dikkat edilecek hususlarla ilgili ilanlar\u0131m\u0131z dikkatlice okunmal\u0131 ve gerekleri yerine getirilmelidir.<\/div>\n<div align=\"left\">\n<p>Serbest g\u00fcnlerde koli al\u0131m\u0131 saat 09.00 \u2018da ba\u015flayacak 15.30\u2019a kadar gelenlerin kolileri al\u0131nacak, 16.00 itibari ile koli al\u0131m i\u015flemi sonland\u0131r\u0131lacakt\u0131r.<\/p>\n<p>Numaral\u0131 g\u00fcnlerde koli al\u0131m\u0131 saat 09.00 \u2018da ba\u015flayacak 16.00\u2019a kadar gelenlerin kolileri al\u0131nacak, 16.30 itibari ile koli al\u0131m i\u015flemi sonland\u0131r\u0131lacakt\u0131r.<\/p>\n<p>T\u00fcm duyurular\u0131m\u0131za ra\u011fmen kolilerini taraf\u0131m\u0131zca duyurulan kriterlere uygun haz\u0131rlamayan S\u00f6zle\u015fmeli Eczanelerimiz nedeniyle istenmeyen gecikmeler olu\u015fabilmektedir. <\/p>\n<p>Bu nedenlerle ge\u00e7mi\u015f d\u00f6nemlerde oldu\u011fu gibi bu d\u00f6nemde de teslim g\u00fcnlerine azami \u00f6zen g\u00f6stermeniz, kolilerinizi dikkatli ve eksiksiz haz\u0131rlaman\u0131z, G\u00f6ztepe ve Bayrampa\u015fa depolar\u0131m\u0131zda sizlere hizmet veren personelimize yard\u0131mc\u0131 olman\u0131z\u0131 rica ederiz.<br \/><strong><br \/>2-3-4-5-6 \u015eUBAT (PAZARTES\u0130-SALI-\u00c7AR\u015eAMBA-PER\u015eEMBE-CUMA)<\/strong><br \/>Bu tarihe kadar sadece zorunlu durumlarda s\u00f6zle\u015fme numaras\u0131 d\u00fczenine ba\u011fl\u0131 olmaks\u0131z\u0131n t\u00fcm s\u00f6zle\u015fmeli eczanelerimiz koli teslim edebileceklerdir.<br \/><strong><br \/>9-10-11-12-13 \u015eUBAT (PAZARTES\u0130-SALI-\u00c7AR\u015eAMBA-PER\u015eEMBE-CUMA)<\/strong><br \/>\u0130STANBUL ili s\u00f6zle\u015fmeli eczanelerimiz, bu tarihler aras\u0131nda 1834. ile ba\u015flayan Emekli Sand\u0131\u011f\u0131 sicil numaras\u0131n\u0131n son rakam\u0131na g\u00f6re kolilerini teslim edeceklerdir. <\/p>\n<p><strong>11 OCAK<\/strong> \u00c7ar\u015famba g\u00fcn\u00fc K\u0131rklareli eczaneleri<br \/><strong>12 OCAK<\/strong> Per\u015fembe g\u00fcn\u00fc Tekirda\u011f eczaneleri<br \/><strong>13 OCAK<\/strong> Cuma g\u00fcn\u00fc Edirne eczaneleri kolilerini teslim edeceklerdir.<\/div>\n<div align=\"left\">\n<table border=\"0\" cellspacing=\"0\" cellpadding=\"0\" width=\"475\" style=\"width: 475px; border-collapse: collapse; height: 228px\">\n<tbody>\n<tr height=\"17\" style=\"height: 12.75pt\">\n<td class=\"xl24\" width=\"109\" height=\"17\" style=\"width: 82pt; height: 12.75pt\">Teslimat G\u00fcn\u00fc<\/td>\n<td class=\"xl24\" colspan=\"2\" width=\"182\" style=\"border-left: medium none; width: 137pt\">Teslimat D\u00fczeni<\/td>\n<td class=\"xl24\" width=\"156\" style=\"border-left: medium none; width: 117pt\">Bayrampa\u015fa Depo<\/td>\n<td class=\"xl24\" width=\"124\" style=\"border-left: medium none; width: 93pt\">G\u00f6ztepe Depo<\/td>\n<\/tr>\n<tr height=\"17\" style=\"height: 12.75pt\">\n<td class=\"xl28\" width=\"109\" height=\"17\" style=\"border-top: medium none; width: 82pt; height: 12.75pt\">02.02.2009<\/td>\n<td class=\"xl27\" colspan=\"4\" rowspan=\"5\" width=\"462\" style=\"width: 347pt\">Sadece zorunlu durumlarda s\u00f6zle\u015fme numaras\u0131 d\u00fczenine ba\u011fl\u0131 olmaks\u0131z\u0131n teslimat<\/td>\n<\/tr>\n<tr height=\"17\" style=\"height: 12.75pt\">\n<td class=\"xl28\" width=\"109\" height=\"17\" style=\"border-top: medium none; width: 82pt; height: 12.75pt\">03.02.2009<\/td>\n<\/tr>\n<tr height=\"17\" style=\"height: 12.75pt\">\n<td class=\"xl28\" width=\"109\" height=\"17\" style=\"border-top: medium none; width: 82pt; height: 12.75pt\">04.02.2009<\/td>\n<\/tr>\n<tr height=\"17\" style=\"height: 12.75pt\">\n<td class=\"xl28\" width=\"109\" height=\"17\" style=\"border-top: medium none; width: 82pt; height: 12.75pt\">05.02.2009<\/td>\n<\/tr>\n<tr height=\"17\" style=\"height: 12.75pt\">\n<td class=\"xl29\" height=\"17\" style=\"border-top: medium none; height: 12.75pt\">06.02.2009<\/td>\n<\/tr>\n<tr height=\"17\" style=\"height: 12.75pt\">\n<td class=\"xl28\" width=\"109\" height=\"17\" style=\"border-top: medium none; width: 82pt; height: 12.75pt\">09.02.2009<\/td>\n<td class=\"xl25\" style=\"border-top: medium none; border-left: medium none\">3-4<\/td>\n<td class=\"xl27\" rowspan=\"5\" width=\"129\" style=\"border-top: medium none; width: 97pt\">\u0130stanbul \u0130li Emekli Sand\u0131\u011f\u0131 Sicil numaras\u0131n\u0131n son rakam\u0131na g\u00f6re<\/td>\n<td class=\"xl24\" rowspan=\"2\" width=\"156\" style=\"border-top: medium none; width: 117pt\">01.11.2008 tarihi itibariyle evrak teslimat\u0131 ba\u015fl\u0131kl\u0131\u00a0 yaz\u0131da belirtilen s\u00f6zle\u015fmeli eczaneler<\/td>\n<td class=\"xl27\" rowspan=\"5\" width=\"124\" style=\"border-top: medium none; width: 93pt\">\u0130stanbul \u0130li Eczaneleri<\/td>\n<\/tr>\n<tr height=\"17\" style=\"height: 12.75pt\">\n<td class=\"xl28\" width=\"109\" height=\"17\" style=\"border-top: medium none; width: 82pt; height: 12.75pt\">10.02.2009<\/td>\n<td class=\"xl25\" style=\"border-top: medium none; border-left: medium none\">1-2<\/td>\n<\/tr>\n<tr height=\"17\" style=\"height: 12.75pt\">\n<td class=\"xl28\" width=\"109\" height=\"17\" style=\"border-top: medium none; width: 82pt; height: 12.75pt\">11.02.2009<\/td>\n<td class=\"xl25\" style=\"border-top: medium none; border-left: medium none\">9-0<\/td>\n<td class=\"xl24\" width=\"156\" style=\"border-top: medium none; border-left: medium none; width: 117pt\">ile K\u0131rklareli eczaneleri<\/td>\n<\/tr>\n<tr height=\"17\" style=\"height: 12.75pt\">\n<td class=\"xl28\" width=\"109\" height=\"17\" style=\"border-top: medium none; width: 82pt; height: 12.75pt\">12.02.2009<\/td>\n<td class=\"xl25\" style=\"border-top: medium none; border-left: medium none\">7-8<\/td>\n<td class=\"xl24\" width=\"156\" style=\"border-top: medium none; border-left: medium none; width: 117pt\">ile Tekirda\u011f eczaneleri<\/td>\n<\/tr>\n<tr height=\"17\" style=\"height: 12.75pt\">\n<td class=\"xl29\" height=\"17\" style=\"border-top: medium none; height: 12.75pt\">13.02.2009<\/td>\n<td class=\"xl26\" style=\"border-top: medium none; border-left: medium none\">5-6<\/td>\n<td class=\"xl24\" width=\"156\" style=\"border-top: medium none; border-left: medium none; width: 117pt\">ile Edirne eczaneleri<\/td>\n<\/tr>\n<\/tbody>\n<\/table>\n<\/div>\n","protected":false},"excerpt":{"rendered":"<p>\u00b7\u00a0\u00a0 \u00a0http:\/\/istanbul.sgk.gov.tr internet sitemizde;\u201c01.11.2008 Tarihi \u0130tibariyle Evrak Teslimat\u0131 \u201c ba\u015fl\u0131kl\u0131 yaz\u0131da belirtilen s\u00f6zle\u015fmeli eczaneler ile Trakya ili s\u00f6zle\u015fmeli eczaneleri Bayrampa\u015fa&#46;&#46;&#46;<\/p>\n","protected":false},"author":1,"featured_media":0,"comment_status":"closed","ping_status":"closed","sticky":false,"template":"","format":"standard","meta":{"_jetpack_memberships_contains_paid_content":false,"footnotes":""},"categories":[1],"tags":[],"class_list":["post-3526","post","type-post","status-publish","format-standard","hentry","category-ced"],"aioseo_notices":[],"jetpack_featured_media_url":"","jetpack_sharing_enabled":true,"jetpack-related-posts":[],"_links":{"self":[{"href":"http:\/\/www.ced.org.tr\/index.php?rest_route=\/wp\/v2\/posts\/3526","targetHints":{"allow":["GET"]}}],"collection":[{"href":"http:\/\/www.ced.org.tr\/index.php?rest_route=\/wp\/v2\/posts"}],"about":[{"href":"http:\/\/www.ced.org.tr\/index.php?rest_route=\/wp\/v2\/types\/post"}],"author":[{"embeddable":true,"href":"http:\/\/www.ced.org.tr\/index.php?rest_route=\/wp\/v2\/users\/1"}],"replies":[{"embeddable":true,"href":"http:\/\/www.ced.org.tr\/index.php?rest_route=%2Fwp%2Fv2%2Fcomments&post=3526"}],"version-history":[{"count":0,"href":"http:\/\/www.ced.org.tr\/index.php?rest_route=\/wp\/v2\/posts\/3526\/revisions"}],"wp:attachment":[{"href":"http:\/\/www.ced.org.tr\/index.php?rest_route=%2Fwp%2Fv2%2Fmedia&parent=3526"}],"wp:term":[{"taxonomy":"category","embeddable":true,"href":"http:\/\/www.ced.org.tr\/index.php?rest_route=%2Fwp%2Fv2%2Fcategories&post=3526"},{"taxonomy":"post_tag","embeddable":true,"href":"http:\/\/www.ced.org.tr\/index.php?rest_route=%2Fwp%2Fv2%2Ftags&post=3526"}],"curies":[{"name":"wp","href":"https:\/\/api.w.org\/{rel}","templated":true}]}}