{"id":3527,"date":"2009-02-03T11:33:54","date_gmt":"2009-02-03T09:33:54","guid":{"rendered":"http:\/\/www.ced.org.tr\/?p=3527"},"modified":"2009-02-03T11:33:54","modified_gmt":"2009-02-03T09:33:54","slug":"sgk-sozlesmelerin-teslimi-ve-hasilat-girisleri-hakkinda","status":"publish","type":"post","link":"http:\/\/www.ced.org.tr\/?p=3527","title":{"rendered":"SGK S\u00f6zle\u015fmelerin teslimi ve has\u0131lat giri\u015fleri hakk\u0131nda"},"content":{"rendered":"<p style=\"margin: 0cm 0cm 0pt\" class=\"MsoNormal\"><font face=\"Times New Roman\" size=\"3\">TEB\u2019den yap\u0131lan a\u00e7\u0131klama;<\/font><\/p>\n<p><font face=\"Times New Roman\" size=\"3\">\u00a0<\/font> <\/p>\n<p style=\"margin: 0cm 0cm 0pt\" class=\"MsoNormal\" \/><font face=\"Times New Roman\" size=\"3\">Birli\u011fimiz taraf\u0131ndan Sosyal G\u00fcvenlik Kurumu\u2019na 26.01.2009 tarih, 4353 say\u0131l\u0131 yaz\u0131 g\u00f6nderilerek, eczanelerin 2008 y\u0131l\u0131 mali gelir bilgilerinin yasal olarak Maliye Bakanl\u0131\u011f\u0131na son bildirim tarihinin 31.03.2009 olmas\u0131 nedeniyle, s\u00f6zle\u015fme yenileme s\u00fcresinin, Nisan ay\u0131n\u0131n son haftas\u0131nda bir tarihe ertelenmesi talep edilmi\u015fti.<\/font><font face=\"Times New Roman\" size=\"3\" \/>\u00a0 <\/font><\/p>\n<p style=\"margin: 0cm 0cm 0pt\" class=\"MsoNormal\"><font face=\"Times New Roman\" size=\"3\">Konuyla ilgili olarak, Sosyal G\u00fcvenlik Kurumu\u2019ndan g\u00f6nderilen 02.02.2008 tarihli yaz\u0131ya g\u00f6re, <\/p>\n<p>Eczanelerin, 01.02.2009 tarihi itibariyle, Provizyon Sistemine 2008 y\u0131l\u0131 KDV hari\u00e7 sat\u0131\u015f has\u0131latlar\u0131n\u0131 09.02.2008 tarihine kadar beyan esas\u0131na dayanarak girmek suretiyle yeni iskonto oranlar\u0131n\u0131 i\u015fler hale getirmeleri gerekmekte olup, bu tarihe kadar has\u0131lat\u0131n girilmemesi halinde eski iskonto oran\u0131ndan re\u00e7ete giri\u015fine izin verilmeyecektir. Bu s\u00fcre zarf\u0131nda girilen tutar ve iskonto oranlar\u0131n\u0131n d\u00fczeltilmesi i\u00e7in Kurum ta\u015fra te\u015fkilat\u0131na yaz\u0131l\u0131 talepte bulunulmas\u0131 gerekmektedir.<\/font><\/p>\n<p><font face=\"Times New Roman\" size=\"3\">\u00a0<\/font> <\/p>\n<p style=\"margin: 0cm 0cm 0pt\" class=\"MsoNormal\"><font face=\"Times New Roman\" size=\"3\">Eczaneler taraf\u0131ndan, Kuruma, s\u00f6zle\u015fme yap\u0131lmas\u0131 i\u00e7in verilen dilek\u00e7e ekinde SUT eki Ek-3\/B formu yerine, eczanenin 2008 y\u0131l\u0131 sat\u0131\u015f has\u0131lat\u0131na ve buna g\u00f6re belirlenen iskonto oran\u0131na ili\u015fkin yaz\u0131l\u0131 beyan\u0131, varsa vergi dairesine verilen beyannamenin bir \u00f6rne\u011fi ile birlikte s\u00f6zle\u015fme yenilemenin son g\u00fcn\u00fc olan 01.03.2009 tarihine kadar s\u00f6zle\u015fme yenilenmesine ili\u015fkin dilek\u00e7e ekinde Kurum ta\u015fra te\u015fkilat\u0131na verilecek olup, bu a\u015famada Kurum taraf\u0131ndan yaln\u0131zca beyan\u0131n Provizyon Sistemine girilen oranla uyumlu olup olmad\u0131\u011f\u0131 kontrol edilecektir.<\/font><\/p>\n<p><font face=\"Times New Roman\" size=\"3\">\u00a0<\/font> <\/p>\n<p style=\"margin: 0cm 0cm 0pt\" class=\"MsoNormal\"><font face=\"Times New Roman\" size=\"3\">Beyanlar\u0131n do\u011frulu\u011funun teyidi m\u00fckellefin ba\u011fl\u0131 oldu\u011fu vergi dairesinden onayl\u0131 formun Kuruma en ge\u00e7 03.04.2009 g\u00fcn\u00fc mesai bitimine kadar ibraz edilmesini m\u00fcteakiben Mart ay\u0131 faturalar\u0131n\u0131n son teslim tarihi olan 15.04.2009 tarihine kadar yap\u0131lacakt\u0131r. <\/font><\/p>\n<p><font face=\"Times New Roman\" size=\"3\">\u00a0<\/font> <\/p>\n<p style=\"margin: 0cm 0cm 0pt\" class=\"MsoNormal\"><font face=\"Times New Roman\" size=\"3\">Kurum ta\u015fra te\u015fkilat\u0131 taraf\u0131ndan eczanece 2008 y\u0131l\u0131 sat\u0131\u015f has\u0131lat\u0131 beyan\u0131n\u0131n, iskonto oran\u0131n\u0131 yanl\u0131\u015f belirleyen bi\u00e7imde yap\u0131ld\u0131\u011f\u0131n\u0131n tespiti halinde, eczane ile yap\u0131lan s\u00f6zle\u015fme \u00fczerine kar\u015f\u0131l\u0131kl\u0131 \u015ferh d\u00fc\u015f\u00fclerek konu tutana\u011fa ba\u011flanacakt\u0131r, bu d\u00f6nemlere ait faturalar incelenmi\u015f olup olmad\u0131\u011f\u0131na bak\u0131lmaks\u0131z\u0131n toplu olarak eczaneye iade edilecektir. \u0130ade edilen faturalar\u0131n bedellerinin \u00f6denmesinde re\u00e7etelerin d\u00fczeltme sonras\u0131nda faturan\u0131n Kuruma teslim edildi\u011fi tarih ve bu tarihe ait \u00f6deme d\u00f6nemi esas al\u0131nacakt\u0131r.<\/font><\/p>\n<p><a href=\"http:\/\/www.teb.org.tr\/images\/upld2\/haberler\/32m20090202181245teb.pdf\" target=\"_blank\">TEB in 26.01.2009 tarihli ba\u015fvurusu<\/a><br \/><a href=\"http:\/\/www.teb.org.tr\/images\/upld2\/haberler\/B5A20090202181246sgk.pdf\" target=\"_blank\">SGK n\u0131n 02.02.2009 tarihli cevap yaz\u0131s\u0131<\/a><\/p>\n","protected":false},"excerpt":{"rendered":"<p>TEB\u2019den yap\u0131lan a\u00e7\u0131klama; \u00a0 Birli\u011fimiz taraf\u0131ndan Sosyal G\u00fcvenlik Kurumu\u2019na 26.01.2009 tarih, 4353 say\u0131l\u0131 yaz\u0131 g\u00f6nderilerek, eczanelerin 2008 y\u0131l\u0131 mali gelir&#46;&#46;&#46;<\/p>\n","protected":false},"author":1,"featured_media":0,"comment_status":"closed","ping_status":"closed","sticky":false,"template":"","format":"standard","meta":{"_jetpack_memberships_contains_paid_content":false,"footnotes":""},"categories":[1],"tags":[],"class_list":["post-3527","post","type-post","status-publish","format-standard","hentry","category-ced"],"aioseo_notices":[],"jetpack_featured_media_url":"","jetpack_sharing_enabled":true,"jetpack-related-posts":[],"_links":{"self":[{"href":"http:\/\/www.ced.org.tr\/index.php?rest_route=\/wp\/v2\/posts\/3527","targetHints":{"allow":["GET"]}}],"collection":[{"href":"http:\/\/www.ced.org.tr\/index.php?rest_route=\/wp\/v2\/posts"}],"about":[{"href":"http:\/\/www.ced.org.tr\/index.php?rest_route=\/wp\/v2\/types\/post"}],"author":[{"embeddable":true,"href":"http:\/\/www.ced.org.tr\/index.php?rest_route=\/wp\/v2\/users\/1"}],"replies":[{"embeddable":true,"href":"http:\/\/www.ced.org.tr\/index.php?rest_route=%2Fwp%2Fv2%2Fcomments&post=3527"}],"version-history":[{"count":0,"href":"http:\/\/www.ced.org.tr\/index.php?rest_route=\/wp\/v2\/posts\/3527\/revisions"}],"wp:attachment":[{"href":"http:\/\/www.ced.org.tr\/index.php?rest_route=%2Fwp%2Fv2%2Fmedia&parent=3527"}],"wp:term":[{"taxonomy":"category","embeddable":true,"href":"http:\/\/www.ced.org.tr\/index.php?rest_route=%2Fwp%2Fv2%2Fcategories&post=3527"},{"taxonomy":"post_tag","embeddable":true,"href":"http:\/\/www.ced.org.tr\/index.php?rest_route=%2Fwp%2Fv2%2Ftags&post=3527"}],"curies":[{"name":"wp","href":"https:\/\/api.w.org\/{rel}","templated":true}]}}