{"id":3528,"date":"2009-02-04T09:50:23","date_gmt":"2009-02-04T07:50:23","guid":{"rendered":"http:\/\/www.ced.org.tr\/?p=3528"},"modified":"2009-02-04T09:50:23","modified_gmt":"2009-02-04T07:50:23","slug":"bankalar-degil-insanlar-kurtarilsin","status":"publish","type":"post","link":"http:\/\/www.ced.org.tr\/?p=3528","title":{"rendered":"BANKALAR DE\u011e\u0130L \u0130NSANLAR KURTARILSIN"},"content":{"rendered":"<p><strong><font size=\"3\"><font face=\"Times New Roman\">Ba\u015fka bir d\u00fcnya m\u00fcmk\u00fcn.<\/font><\/font><\/strong><font face=\"Times New Roman\" size=\"3\">\u00a0<\/font> <\/p>\n<p style=\"margin: 0cm 0cm 0pt\" class=\"MsoNormal\"><font face=\"Times New Roman\" size=\"3\"><img loading=\"lazy\" decoding=\"async\" src=\"images\/stories\/belgeler\/bankalaridegilinsanlari.jpg\" border=\"0\" alt=\"bankalar\u0131 de\u011fil insanlar\u0131 kurtar\u0131n\" title=\"bankalar\u0131 de\u011fil insanlar\u0131 kurtar\u0131n\" hspace=\"4\" vspace=\"4\" width=\"200\" height=\"152\" align=\"left\" \/>Bu y\u0131l 8. kez yap\u0131lan &#8220;D\u00fcnya Sosyal Forumu&#8221;, ya\u011fmur ormanlar\u0131yla \u00e7evrili bir Amazon kentinde renkli bir y\u00fcr\u00fcy\u00fc\u015fle ba\u015flad\u0131<\/font><\/p>\n<p><font face=\"Times New Roman\" size=\"3\">Brezilya&#8217;n\u0131n Belem kentinde &#8220;Ba\u015fka Bir D\u00fcnya M\u00fcmk\u00fcn&#8221; slogan\u0131 ile yap\u0131lan forumun a\u00e7\u0131l\u0131\u015f y\u00fcr\u00fcy\u00fc\u015f\u00fcne davullar ve geleneksel dans g\u00f6sterileri e\u015fli\u011finde yakla\u015f\u0131k 50 bin ki\u015finin kat\u0131ld\u0131\u011f\u0131 belirtiliyor. Kat\u0131l\u0131mc\u0131lar, d\u00fcnyadaki ekonomik kriz alternatif kalk\u0131nma modelleri geli\u015ftirilmesi taleplerini hakl\u0131 \u00e7\u0131kard\u0131\u011f\u0131 i\u00e7in bu y\u0131lki forumun daha<\/font><font face=\"Times New Roman\" size=\"3\">\u00a0hayati \u00f6neme sahip oldu\u011funa dikkati \u00e7ekiyor.<br \/>6 g\u00fcn s\u00fcrecek Belem&#8217;deki foruma, bu y\u0131l yakla\u015f\u0131k 100 bin ki\u015finin dahil olmas\u0131 bekleniyor. Foruma 5 G\u00fcney Amerika liderinin de kat\u0131laca\u011f\u0131 kaydediliyor. \u0130lki 2001 y\u0131l\u0131nda Brezilya&#8217;n\u0131n Porto Alegre kentinde yap\u0131lan &#8220;D\u00fcnya Sosyal Forumu&#8221;na, her \u00fclkeden \u00e7evreciler, anar\u015fistler, sosyalistler, sendikac\u0131lar, aktivistler, yerliler gibi \u00e7e\u015fitli kesimlerin temsilcileri kat\u0131l\u0131yor.Forum kapsam\u0131nda \u00e7e\u015fitli at\u00f6lye \u00e7al\u0131\u015fmalar\u0131, seminerler, toplant\u0131lar ve k\u00fclt\u00fcrel etkinlikler de yap\u0131l\u0131yor.<\/font><font face=\"Times New Roman\" size=\"3\">\u00a0<\/font> <\/p>\n<p>\u00a0<\/p>\n<p><strong><font size=\"3\"><font face=\"Times New Roman\">KAP\u0130TAL\u0130ZME KAR\u015eI \u0130SYAN!<\/font><\/font><\/strong><font face=\"Times New Roman\" size=\"3\">\u00a0<\/font> <\/p>\n<p style=\"margin: 0cm 0cm 0pt\" class=\"MsoNormal\"><font face=\"Times New Roman\" size=\"3\">&#8216;Ba\u015fka bir d\u00fcnya m\u00fcmk\u00fcn&#8217; slogan\u0131 alt\u0131nda sekizincisi d\u00fczenlenen ve yerli halklara adanan D\u00fcnya Sosyal Forumu kapitalizme kar\u015f\u0131 daha fazla m\u00fccadele \u00e7a\u011fr\u0131s\u0131 ile sona erdi. Foruma kat\u0131lan Latin Amerikal\u0131 liderler Thomas More&#8217;un \u00fctopyas\u0131n\u0131n takipcisi olacaklar\u0131n\u0131 s\u00f6yledi&#8230;<\/font><\/p>\n<p style=\"margin: 0cm 0cm 0pt\" class=\"MsoNormal\">\u00a0<\/p>\n<p><strong><font size=\"3\"><font face=\"Times New Roman\">\u0130BRAH\u0130M VARLI<\/font><\/font><\/strong> <\/p>\n<p style=\"margin: 0cm 0cm 0pt\" class=\"MsoNormal\">\u00a0<\/p>\n<p style=\"margin: 0cm 0cm 0pt\" class=\"MsoNormal\"><font face=\"Times New Roman\" size=\"3\">\u0130svi\u00e7re&#8217;nin Davos kasabas\u0131nda ger\u00e7ekle\u015ftirilen D\u00fcnya Ekonomik Forumu&#8217;na kar\u015f\u0131, ilki 2001 y\u0131l\u0131nda Brezilya&#8217;n\u0131n Porto Allegre kentinde ger\u00e7ekle\u015ftirilen alternatif bulu\u015fman\u0131n bu sene sekizincisi ger\u00e7ekle\u015ftirildi. &#8216;Ba\u015fka bir d\u00fcnya m\u00fcmk\u00fcn&#8217; slogan\u0131 alt\u0131nda 27 Ocak&#8221;ta ba\u015flayan ve 1 \u015eubat'&#8221;ta sona eren Sosyal Forum hareketli tart\u0131\u015fmalara sahne oldu. \u0130klim de\u011fi\u015fikli\u011finin ana tema oldu\u011fu ve bu sene Latin Amerika&#8217;daki yerli halklara adanan Foruma d\u00fcnyan\u0131n 150 \u00fclkesinden 100 binin \u00fczerinde aktivist kat\u0131ld\u0131. Yakla\u015f\u0131k 7 bin \u00e7al\u0131\u015fma grubunun olu\u015fturuldu\u011fu Forum&#8217;da, sivil toplum \u00f6rg\u00fctleri, sendikac\u0131lar, sol parti ve gruplar, \u00e7evreciler, anar\u015fistler, ekolojistler sosyalistler, feministler gibi bir\u00e7ok\u00a0 grup kat\u0131ld\u0131.<\/font><\/p>\n<p style=\"margin: 0cm 0cm 0pt\" class=\"MsoNormal\">\u00a0<\/p>\n<p><strong><font size=\"3\"><font face=\"Times New Roman\">MORE&#8217;UN \u00dcTOPYASI HAYAT BULUYOR<\/font><\/font><\/strong><strong><font face=\"Times New Roman\" size=\"3\">\u00a0<\/font><\/strong> <\/p>\n<p style=\"margin: 0cm 0cm 0pt\" class=\"MsoNormal\"><font face=\"Times New Roman\" size=\"3\">Belem&#8221;de yap\u0131lan Sosyal Forumunda bir araya gelen be\u015f Latin Amerika \u00fclkesi lideri yakla\u015f\u0131k 100 bin ki\u015finin \u00f6n\u00fcnde kapitalizme kar\u015f\u0131 daha fazla m\u00fccadele etme \u00e7a\u011fr\u0131s\u0131 yapt\u0131. Brezilya, Venezuela, Ekvator, Bolivya ve Paraguay&#8221;\u0131n solcu devlet ba\u015fkanlar\u0131 kapitalist sistem ile politik m\u00fccadelenin her zamankinden daha fazla gerekli oldu\u011fu \u00fczerinde durdu. Venezuela Devlet Ba\u015fkan\u0131 Hugo Chavez, Davos&#8217;ta bir araya gelen d\u00fcnya liderlerine seslenerek, global kapitalizmin ya\u015fanan mali krizin sorumlusu oldu\u011funu s\u00f6yledi. Chavez, &#8220;Yeni bir d\u00fcnya do\u011fuyor ve Thomas More&#8217;un \u00fctopyas\u0131 Latin Amerika&#8217;da hayat buluyor&#8221; dedi. Brezilya Devlet Ba\u015fkan\u0131 Lula da Silva ise sosyal de\u011fi\u015fimlerin istedikleri h\u0131zda olmasa da ger\u00e7ekle\u015fti\u011fini ve yava\u015f ama emin ad\u0131mlarla hedeflerine y\u00fcr\u00fcd\u00fcklerini s\u00f6yledi. Paraguay devlet ba\u015fkan\u0131 Fernando Lugo ise Latin Amerika&#8217;n\u0131n yeni bir umut oldu\u011funu s\u00f6yledi. Ekvator Devlet Ba\u015fkan\u0131 Correa ise &#8220;21.yy sosyalizminin ay\u0131rt edici \u00f6zelli\u011finin kad\u0131n erkek ayr\u0131mc\u0131l\u0131\u011f\u0131na son vermek oldu\u011funu ve bunu da ger\u00e7ekle\u015ftirme yolunda olduklar\u0131n\u0131&#8221; s\u00f6yledi. Bolivya Devlet Ba\u015fkan\u0131 Evo Morales ise ABD&#8221;nin sald\u0131rgan politikalar\u0131n\u0131 ele\u015ftirdi.<\/font><\/p>\n<p style=\"margin: 0cm 0cm 0pt\" class=\"MsoNormal\">\u00a0<\/p>\n<p><strong><font size=\"3\"><font face=\"Times New Roman\">&#8216;BANKALAR DE\u011e\u0130L \u0130NSANLAR KURTARILSIN&#8217;<\/font><\/font><\/strong><strong><font face=\"Times New Roman\" size=\"3\">\u00a0<\/font><\/strong> <\/p>\n<p style=\"margin: 0cm 0cm 0pt\" class=\"MsoNormal\"><font face=\"Times New Roman\" size=\"3\">Sosyal Forum&#8217;da, Davos&#8217;ta 39.su ger\u00e7ekle\u015fen D\u00fcnya Ekonomi Forumu da protesto edildi. Ya\u015fanan mali krizin kapitalizmin iflas\u0131 oldu\u011fu vurgulan\u0131rken, bankalar\u0131n ve finans sisteminin de\u011fil \u00e7al\u0131\u015fanlar\u0131n kurtar\u0131lmas\u0131 \u00e7a\u011fr\u0131s\u0131 yap\u0131ld\u0131.\u00a0 Krizin alternatif kalk\u0131nma modelleri geli\u015ftirilmesi taleplerini bir kez daha hakl\u0131 \u00e7\u0131kard\u0131\u011f\u0131 Foruma kat\u0131lan aktivistlerin ortak bulu\u015fma noktas\u0131yd\u0131.<\/font><\/p>\n<p style=\"margin: 0cm 0cm 0pt\" class=\"MsoNormal\"><font face=\"Times New Roman\" size=\"3\">D\u00fcnya Sosyal Forumu&#8217;na, Brezilya Devlet Ba\u015fkan\u0131 Lula&#8217;n\u0131n partisi Brezilya \u0130\u015f\u00e7i Partisi (PT), Brezilya Kom\u00fcnist Partisi (PcdoB) ve Sosyalizm ve \u00d6zg\u00fcrl\u00fck Partisi&#8217;de ( PSOL) b\u00fcy\u00fck destek verdi. <\/font><\/p>\n<p style=\"margin: 0cm 0cm 0pt\" class=\"MsoNormal\">\u00a0<\/p>\n<p><strong><font size=\"3\"><font face=\"Times New Roman\">SON G\u00dcN CHE&#8217;YE ADANDI<\/font><\/font><\/strong><strong><font face=\"Times New Roman\" size=\"3\">\u00a0<\/font><\/strong> <\/p>\n<p style=\"margin: 0cm 0cm 0pt\" class=\"MsoNormal\"><font face=\"Times New Roman\" size=\"3\">Y\u00fczbinlerce aktivistin kat\u0131ld\u0131\u011f\u0131 forumda; bar\u0131\u015f aktivistleri, topraks\u0131z k\u00f6yl\u00fcler, sendikac\u0131lar, \u00f6\u011frenciler, \u00e7evreciler, yerli haklar\u0131 savunucular\u0131, kad\u0131nlar, adil ticaretciler, ve daha bir \u00e7ok aktivist at\u00f6lye \u00e7al\u0131\u015fmalar\u0131yla deneyimlerini birbirleriyle payla\u015ft\u0131. Forumu&#8217;nun her zamanki ana g\u00f6vdesi seminer ve at\u00f6lye \u00e7al\u0131\u015fmalar\u0131 olu\u015fturdu. Bu at\u00f6lye \u00e7al\u0131\u015fmalar\u0131 ve seminerler alt\u0131 tema alt\u0131nda topland\u0131: \u0130leti\u015fim, k\u00fclt\u00fcrler ve e\u011fitim: Dinamiklerin demokratikle\u015ftirilmesi ve alternatifler; \u00c7e\u015fitlilik, kimlikler ve hareketimizden genel g\u00f6r\u00fcnt\u00fcler; Emperyalist stratejiler ve halklar\u0131n direni\u015fi; \u0130ktidar, politikalar ve toplumsal \u00f6zg\u00fcrle\u015fme i\u00e7in m\u00fccadele; Do\u011fal kaynaklar ve ya\u015fama hakk\u0131: Ya\u011fmac\u0131 sivil modellere kar\u015f\u0131 alternatifler; Emek, s\u00f6m\u00fcr\u00fc ve ya\u015fam\u0131n \u00fcretimi. Forumun son g\u00fcn\u00fcnde efsanevi devrimci Ernesto Che Guevara&#8217;n\u0131n an\u0131s\u0131na adand\u0131.<\/font><\/p>\n","protected":false},"excerpt":{"rendered":"<p>Ba\u015fka bir d\u00fcnya m\u00fcmk\u00fcn.\u00a0 Bu y\u0131l 8. kez yap\u0131lan &#8220;D\u00fcnya Sosyal Forumu&#8221;, ya\u011fmur ormanlar\u0131yla \u00e7evrili bir Amazon kentinde renkli bir&#46;&#46;&#46;<\/p>\n","protected":false},"author":1,"featured_media":0,"comment_status":"closed","ping_status":"closed","sticky":false,"template":"","format":"standard","meta":{"_jetpack_memberships_contains_paid_content":false,"footnotes":""},"categories":[1],"tags":[],"class_list":["post-3528","post","type-post","status-publish","format-standard","hentry","category-ced"],"aioseo_notices":[],"jetpack_featured_media_url":"","jetpack_sharing_enabled":true,"jetpack-related-posts":[],"_links":{"self":[{"href":"http:\/\/www.ced.org.tr\/index.php?rest_route=\/wp\/v2\/posts\/3528","targetHints":{"allow":["GET"]}}],"collection":[{"href":"http:\/\/www.ced.org.tr\/index.php?rest_route=\/wp\/v2\/posts"}],"about":[{"href":"http:\/\/www.ced.org.tr\/index.php?rest_route=\/wp\/v2\/types\/post"}],"author":[{"embeddable":true,"href":"http:\/\/www.ced.org.tr\/index.php?rest_route=\/wp\/v2\/users\/1"}],"replies":[{"embeddable":true,"href":"http:\/\/www.ced.org.tr\/index.php?rest_route=%2Fwp%2Fv2%2Fcomments&post=3528"}],"version-history":[{"count":0,"href":"http:\/\/www.ced.org.tr\/index.php?rest_route=\/wp\/v2\/posts\/3528\/revisions"}],"wp:attachment":[{"href":"http:\/\/www.ced.org.tr\/index.php?rest_route=%2Fwp%2Fv2%2Fmedia&parent=3528"}],"wp:term":[{"taxonomy":"category","embeddable":true,"href":"http:\/\/www.ced.org.tr\/index.php?rest_route=%2Fwp%2Fv2%2Fcategories&post=3528"},{"taxonomy":"post_tag","embeddable":true,"href":"http:\/\/www.ced.org.tr\/index.php?rest_route=%2Fwp%2Fv2%2Ftags&post=3528"}],"curies":[{"name":"wp","href":"https:\/\/api.w.org\/{rel}","templated":true}]}}