{"id":3531,"date":"2009-02-05T08:24:30","date_gmt":"2009-02-05T06:24:30","guid":{"rendered":"http:\/\/www.ced.org.tr\/?p=3531"},"modified":"2009-02-05T08:24:30","modified_gmt":"2009-02-05T06:24:30","slug":"obamanin-temiz-yonetim-vaadi-ilk-darbeyi-saglikta-aldi","status":"publish","type":"post","link":"http:\/\/www.ced.org.tr\/?p=3531","title":{"rendered":"Obama\u2019n\u0131n temiz y\u00f6netim vaadi ilk darbeyi sa\u011fl\u0131kta ald\u0131"},"content":{"rendered":"<p style=\"margin: 0cm 0cm 0pt\" class=\"MsoNormal\"><font face=\"Times New Roman\" size=\"3\"><img loading=\"lazy\" decoding=\"async\" src=\"images\/obama.jpg\" border=\"0\" alt=\"obama\" title=\"obama\" hspace=\"4\" vspace=\"4\" width=\"400\" height=\"246\" align=\"left\" \/>Obama\u2019n\u0131n sa\u011fl\u0131k bakan\u0131 aday\u0131 Daschle ile b\u00fct\u00e7e denet\u00e7isi aday\u0131 Killefer, vergi ka\u00e7\u0131rd\u0131klar\u0131 ortaya \u00e7\u0131k\u0131nca adayl\u0131klar\u0131n\u0131 geri \u00e7ekti. Temiz y\u00f6netim vaadi darbe alan Obama, \u2018Her \u015feyi berbat ettim\u2019 dedi<\/font><\/p>\n<p><font face=\"Times New Roman\" size=\"3\">\u00a0<\/font> <\/p>\n<p style=\"margin: 0cm 0cm 0pt\" class=\"MsoNormal\" \/><font face=\"Times New Roman\" size=\"3\" \/>\u2018De\u011fi\u015fim\u2019 slogan\u0131yla ABD Ba\u015fkan\u0131 olan Barack Obama, bakan adaylar\u0131n\u0131n vergi ka\u00e7\u0131rmadan lobiciliklerine uzanan yolsuzluklar\u0131yla a\u011f\u0131r darbe ald\u0131. IMF\u2019de \u00e7al\u0131\u015ft\u0131\u011f\u0131 d\u00f6nemde 35 bin dolarl\u0131k gelir vergisini \u00f6demedi\u011fi anla\u015f\u0131lan Tim Geithner\u2019in hazine bakanl\u0131\u011f\u0131 Senato\u2019da uzun tart\u0131\u015fmalardan sonra onaylan\u0131rken, \u00f6nceki g\u00fcn iki atama fiyaskosu ya\u015fand\u0131. Se\u00e7im kampanyas\u0131n\u0131n en ate\u015fli tart\u0131\u015fmalar\u0131n\u0131n d\u00f6nd\u00fc\u011f\u00fc sa\u011fl\u0131k bakanl\u0131\u011f\u0131na atanan Tom Daschle ile \u2018en \u00f6nemli atamalardan biri\u2019 diye nitelenerek b\u00fct\u00e7e ve tasarruf reformunu denetlemekle g\u00f6revlendirilen Nancy Killefer, Senato\u2019ya hesap verme e\u015fi\u011fini a\u015famay\u0131nca adayl\u0131klar\u0131n\u0131 geri \u00e7ekti. Zira ila\u00e7 lobisinden milyonlarca dolar alm\u0131\u015f Daschle ve Killefer devlete vergi borcu takm\u0131\u015ft\u0131. <br \/><\/font><\/p>\n<p><font size=\"3\"><font face=\"Times New Roman\">\u0130lk siyah ba\u015fkan, \u00e7areyi \u00e7uvald\u0131z\u0131 kendisine bat\u0131rmakta buldu: \u201cAmerikan halk\u0131na biri g\u00fc\u00e7l\u00fc ki\u015filere, di\u011feri her g\u00fcn \u00e7al\u0131\u015f\u0131p vergilerini \u00f6deyen s\u0131radan insanlara y\u00f6nelik olmak \u00fczere iki ayr\u0131 standart oldu\u011fu mesaj\u0131 vermek istemiyorum. Hata yap\u0131ld\u0131. San\u0131r\u0131m berbat ettim. Sorumlulu\u011fu \u00fcstleniyorum. Bir daha tekrarlanmayacak.\u201d Temiz, \u015feffaf y\u00f6netim vaat etmi\u015f Obama, ba\u015fta vergi bor\u00e7lar\u0131n\u0131n derhal \u00f6denmesine raz\u0131 gelmi\u015fti.<\/p>\n<p><strong>\u0130la\u00e7 lobilerinden ge\u00e7inmi\u015f<\/strong><\/font><\/font> <\/p>\n<p style=\"margin: 0cm 0cm 0pt\" class=\"MsoNormal\"><font face=\"Times New Roman\" size=\"3\">Uzun y\u0131llar Senato \u00e7o\u011funluk liderli\u011fini yapm\u0131\u015f Daschle\u2019\u0131n dan\u0131\u015fmanl\u0131k hizmeti verdi\u011fi bir arkada\u015f\u0131n\u0131n tahsis etti\u011fi ara\u00e7 ve s\u00fcr\u00fcc\u00fcs\u00fcn\u00fc \u00fc\u00e7 y\u0131l kullanmas\u0131ndan kaynaklanan 140 bin dolarl\u0131k vergi borcu ortaya \u00e7\u0131km\u0131\u015ft\u0131. Daschle, bor\u00e7lar\u0131n\u0131 ge\u00e7en ay \u00f6dedi\u011fini belirtip \u00f6z\u00fcr dilese de Senato\u2019yu ikna edemeyince havlu att\u0131. Obama\u2019n\u0131n y\u00f6netime lobici sokmama karar\u0131na ra\u011fmen, Daschle son y\u0131llarda senat\u00f6r se\u00e7ilemeyince sa\u011fl\u0131k sigortac\u0131lar\u0131 ile hastanelere dan\u0131\u015fmanl\u0131k yaparak ve enerji-telekom\u00fcnikasyon alanlar\u0131nda faaliyet g\u00f6stererek en az 5.2 milyon dolar kazanm\u0131\u015ft\u0131. Killefer de evi ve evdeki yard\u0131mc\u0131s\u0131yla ilgili vergi sorunlar\u0131 y\u00fcz\u00fcnden adayl\u0131ktan \u00e7ekildi. New Mexico Valisi Bill Richardson, etik soru\u015fturma y\u00fcz\u00fcnden ticaret bakanl\u0131\u011f\u0131ndan \u00e7ekilmi\u015fti.<\/font><\/p>\n","protected":false},"excerpt":{"rendered":"<p>Obama\u2019n\u0131n sa\u011fl\u0131k bakan\u0131 aday\u0131 Daschle ile b\u00fct\u00e7e denet\u00e7isi aday\u0131 Killefer, vergi ka\u00e7\u0131rd\u0131klar\u0131 ortaya \u00e7\u0131k\u0131nca adayl\u0131klar\u0131n\u0131 geri \u00e7ekti. Temiz y\u00f6netim vaadi&#46;&#46;&#46;<\/p>\n","protected":false},"author":1,"featured_media":0,"comment_status":"closed","ping_status":"closed","sticky":false,"template":"","format":"standard","meta":{"_jetpack_memberships_contains_paid_content":false,"footnotes":""},"categories":[1],"tags":[],"class_list":["post-3531","post","type-post","status-publish","format-standard","hentry","category-ced"],"aioseo_notices":[],"jetpack_featured_media_url":"","jetpack_sharing_enabled":true,"jetpack-related-posts":[],"_links":{"self":[{"href":"http:\/\/www.ced.org.tr\/index.php?rest_route=\/wp\/v2\/posts\/3531","targetHints":{"allow":["GET"]}}],"collection":[{"href":"http:\/\/www.ced.org.tr\/index.php?rest_route=\/wp\/v2\/posts"}],"about":[{"href":"http:\/\/www.ced.org.tr\/index.php?rest_route=\/wp\/v2\/types\/post"}],"author":[{"embeddable":true,"href":"http:\/\/www.ced.org.tr\/index.php?rest_route=\/wp\/v2\/users\/1"}],"replies":[{"embeddable":true,"href":"http:\/\/www.ced.org.tr\/index.php?rest_route=%2Fwp%2Fv2%2Fcomments&post=3531"}],"version-history":[{"count":0,"href":"http:\/\/www.ced.org.tr\/index.php?rest_route=\/wp\/v2\/posts\/3531\/revisions"}],"wp:attachment":[{"href":"http:\/\/www.ced.org.tr\/index.php?rest_route=%2Fwp%2Fv2%2Fmedia&parent=3531"}],"wp:term":[{"taxonomy":"category","embeddable":true,"href":"http:\/\/www.ced.org.tr\/index.php?rest_route=%2Fwp%2Fv2%2Fcategories&post=3531"},{"taxonomy":"post_tag","embeddable":true,"href":"http:\/\/www.ced.org.tr\/index.php?rest_route=%2Fwp%2Fv2%2Ftags&post=3531"}],"curies":[{"name":"wp","href":"https:\/\/api.w.org\/{rel}","templated":true}]}}