{"id":3532,"date":"2009-02-05T14:56:06","date_gmt":"2009-02-05T12:56:06","guid":{"rendered":"http:\/\/www.ced.org.tr\/?p=3532"},"modified":"2009-02-05T14:56:06","modified_gmt":"2009-02-05T12:56:06","slug":"karekod-uygulamasina-gecis-sureci-hakkinda-sosyal-guvenlik-kurumu-baskanligindan-duyuru","status":"publish","type":"post","link":"http:\/\/www.ced.org.tr\/?p=3532","title":{"rendered":"KAREKOD UYGULAMASINA GE\u00c7\u0130\u015e S\u00dcREC\u0130 HAKKINDA SOSYAL G\u00dcVENL\u0130K KURUMU BA\u015eKANLI\u011eINDAN DUYURU"},"content":{"rendered":"<p style=\"margin: 0cm 0cm 0pt\" class=\"MsoNormal\"><font face=\"Times New Roman\" size=\"3\">\u0130la\u00e7 Takip Sistemi kapsam\u0131nda, karekodlu \u00fcr\u00fcnlerin firmalar taraf\u0131ndan piyasaya verildi\u011fi tarih olan 01.01.2009dan itibaren Sa\u011fl\u0131k Bakanl\u0131\u011f\u0131 \u0130la\u00e7 ve Eczac\u0131l\u0131k Genel M\u00fcd\u00fcrl\u00fc\u011f\u00fc&#8217;n\u00fcn vermi\u015f oldu\u011fu uygunluk yaz\u0131s\u0131na istinaden; eczanelerce<\/font><\/p>\n<p><font face=\"Times New Roman\" size=\"3\" \/><\/p>\n<p style=\"margin: 0cm 0cm 0pt\" class=\"MsoNormal\"><font face=\"Times New Roman\" size=\"3\">&#8211;\u00a0\u00a0\u00a0\u00a0\u00a0\u00a0\u00a0\u00a0 Barkodlu, fiyat kup\u00fcrs\u00fcz, firma s\u00fcr\u015farj etiketli \u00fcr\u00fcnler ile<\/font><\/p>\n<p><\/font><\/p>\n<p style=\"margin: 0cm 0cm 0pt\" class=\"MsoNormal\"><font face=\"Times New Roman\" size=\"3\">&#8211;\u00a0\u00a0\u00a0\u00a0\u00a0\u00a0\u00a0\u00a0 Barkodlu, karekodlu, fiyat kup\u00fcrs\u00fcz ve firma s\u00fcr\u015farj etiketsiz \u00fcr\u00fcnler re\u00e7ete kar\u015f\u0131l\u0131\u011f\u0131nda hastalara verilmi\u015ftir.<\/font><\/p>\n<p><font face=\"Times New Roman\" size=\"3\">\u00a0<\/font> <\/p>\n<p style=\"margin: 0cm 0cm 0pt\" class=\"MsoNormal\"><font face=\"Times New Roman\" size=\"3\">Uygulama kapsam\u0131nda, \u00fczerinde fiyat kup\u00fcr\u00fc bulunmayan \u00fcr\u00fcnlerin bedellerinin geri \u00f6demesinde, firma taraf\u0131ndan bas\u0131lm\u0131\u015f olan s\u00fcr\u015farj etiketinin fiyat kup\u00fcr\u00fc gibi de\u011ferlendirilmemesi ve karekodlu olup s\u00fcr\u015farj etiketi bulunmayan \u00fcr\u00fcnlerde ise karekodun kabul edilmemesinin, ila\u00e7 temini a\u015famas\u0131nda hastalar ve eczac\u0131lar a\u00e7\u0131s\u0131ndan ma\u011fduriyet olu\u015fturdu\u011fu, Birli\u011fimiz taraf\u0131ndan SGK Ba\u015fkanl\u0131\u011f\u0131na aktar\u0131lm\u0131\u015f ve 01.01.2009 tarihinden itibaren kar\u015f\u0131lanm\u0131\u015f ve Kuruma fatura edilmi\u015f olan bu \u00f6zellikteki re\u00e7ete bedellerinin \u00f6denmesi talep edilmi\u015ftir.<\/font><\/p>\n<p><font face=\"Times New Roman\" size=\"3\">\u00a0<\/font> <\/p>\n<p style=\"margin: 0cm 0cm 0pt\" class=\"MsoNormal\"><font face=\"Times New Roman\" size=\"3\">T.C. Sosyal G\u00fcvenlik Kurumu Ba\u015fkanl\u0131\u011f\u0131 Genel Sa\u011fl\u0131k Sigortas\u0131 Genel M\u00fcd\u00fcrl\u00fc\u011f\u00fc \u0130la\u00e7 ve T\u0131bbi Malzeme S\u00f6zle\u015fme ve \u00d6demeleri Daire Ba\u015fkanl\u0131\u011f\u0131 taraf\u0131ndan Birli\u011fimize g\u00f6nderilen 04.02.2009 tarihli yaz\u0131 ekinde, Karekod uygulamas\u0131na ge\u00e7i\u015f s\u00fcreci ile ilgili olarak Sa\u011fl\u0131k Sosyal G\u00fcvenlik Merkezlerine g\u00f6nderilen yaz\u0131 yer almaktad\u0131r.<\/font><\/p>\n<p><font face=\"Times New Roman\" size=\"3\">\u00a0<\/font> <\/p>\n<p style=\"margin: 0cm 0cm 0pt\" class=\"MsoNormal\"><font face=\"Times New Roman\" size=\"3\">Sa\u011fl\u0131k Sosyal G\u00fcvenlik Merkezlerine g\u00f6nderilen 04.02.2009 tarihli yaz\u0131 ile,<\/font><\/p>\n<p style=\"margin: 0cm 0cm 0pt\" class=\"MsoNormal\"><font face=\"Times New Roman\" size=\"3\">Ge\u00e7i\u015f d\u00f6neminde piyasaya verilen ve ambalajlar\u0131nda kup\u00fcr bulunmayan ila\u00e7larda, firma taraf\u0131ndan uygulanm\u0131\u015f s\u00fcr\u015farj etiketi veya kup\u00fcr \u015feklinde etiketler (Sa\u011fl\u0131k Bakanl\u0131\u011f\u0131 \u0130la\u00e7 ve Eczac\u0131l\u0131k Genel M\u00fcd\u00fcrl\u00fc\u011f\u00fc&#8217;n\u00fcn 21.01.2009 tarih ve 004597 say\u0131l\u0131 ile 29.01.2009 tarih ve 7142 say\u0131l\u0131 yaz\u0131lar\u0131na istinaden) kup\u00fcr olarak de\u011ferlendirildi\u011finden, \u00fczerinde \u00fcr\u00fcn barkodu bulunan ila\u00e7lar\u0131n bu barkod ile birlikte ilac\u0131n ad\u0131n\u0131 i\u00e7eren k\u0131sm\u0131n\u0131n da yer ald\u0131\u011f\u0131 firma taraf\u0131ndan uygulanan s\u00fcr\u015farj etiketi veya kup\u00fcr \u015feklinde etiketin m\u00fckerrer faturalama ve di\u011fer olumsuzluklara imkan vermeyecek \u015fekilde re\u00e7eteye eklenerek Kuruma fatura edilmesi halinde, re\u00e7ete inceleme birimlerince yap\u0131lacak incelemeler sonucunda bedellerinin \u00f6denmesi, mevzuat kapsam\u0131nda y\u00fcr\u00fct\u00fclecek i\u015flemlerde (Sa\u011fl\u0131k Uygulama Tebli\u011fi, protokol, s\u00f6zle\u015fmeler vb.) kup\u00fcr olarak firma taraf\u0131ndan uygulanan s\u00fcr\u015farj etiketi veya kup\u00fcr \u015feklinde etiketin dikkate al\u0131narak i\u015flem yap\u0131lmas\u0131, <\/font><\/p>\n<p><font face=\"Times New Roman\" size=\"3\">\u00a0<\/font> <\/p>\n<p style=\"margin: 0cm 0cm 0pt\" class=\"MsoNormal\"><font face=\"Times New Roman\" size=\"3\">Bildirilmi\u015ftir.<\/font><\/p>\n<p><font face=\"Times New Roman\" size=\"3\">\u00a0<\/font> <\/p>\n<p style=\"margin: 0cm 0cm 0pt\" class=\"MsoNormal\"><font face=\"Times New Roman\" size=\"3\">T\u00fcm \u00fcyelerimize \u00f6nemle duyurulur.<\/font><\/p>\n","protected":false},"excerpt":{"rendered":"<p>\u0130la\u00e7 Takip Sistemi kapsam\u0131nda, karekodlu \u00fcr\u00fcnlerin firmalar taraf\u0131ndan piyasaya verildi\u011fi tarih olan 01.01.2009dan itibaren Sa\u011fl\u0131k Bakanl\u0131\u011f\u0131 \u0130la\u00e7 ve Eczac\u0131l\u0131k Genel&#46;&#46;&#46;<\/p>\n","protected":false},"author":1,"featured_media":0,"comment_status":"closed","ping_status":"closed","sticky":false,"template":"","format":"standard","meta":{"_jetpack_memberships_contains_paid_content":false,"footnotes":""},"categories":[1],"tags":[],"class_list":["post-3532","post","type-post","status-publish","format-standard","hentry","category-ced"],"aioseo_notices":[],"jetpack_featured_media_url":"","jetpack_sharing_enabled":true,"jetpack-related-posts":[],"_links":{"self":[{"href":"http:\/\/www.ced.org.tr\/index.php?rest_route=\/wp\/v2\/posts\/3532","targetHints":{"allow":["GET"]}}],"collection":[{"href":"http:\/\/www.ced.org.tr\/index.php?rest_route=\/wp\/v2\/posts"}],"about":[{"href":"http:\/\/www.ced.org.tr\/index.php?rest_route=\/wp\/v2\/types\/post"}],"author":[{"embeddable":true,"href":"http:\/\/www.ced.org.tr\/index.php?rest_route=\/wp\/v2\/users\/1"}],"replies":[{"embeddable":true,"href":"http:\/\/www.ced.org.tr\/index.php?rest_route=%2Fwp%2Fv2%2Fcomments&post=3532"}],"version-history":[{"count":0,"href":"http:\/\/www.ced.org.tr\/index.php?rest_route=\/wp\/v2\/posts\/3532\/revisions"}],"wp:attachment":[{"href":"http:\/\/www.ced.org.tr\/index.php?rest_route=%2Fwp%2Fv2%2Fmedia&parent=3532"}],"wp:term":[{"taxonomy":"category","embeddable":true,"href":"http:\/\/www.ced.org.tr\/index.php?rest_route=%2Fwp%2Fv2%2Fcategories&post=3532"},{"taxonomy":"post_tag","embeddable":true,"href":"http:\/\/www.ced.org.tr\/index.php?rest_route=%2Fwp%2Fv2%2Ftags&post=3532"}],"curies":[{"name":"wp","href":"https:\/\/api.w.org\/{rel}","templated":true}]}}